{"id":1025,"date":"2018-09-01T16:00:29","date_gmt":"2018-09-01T16:00:29","guid":{"rendered":"https:\/\/www.fcfamalicao.pt\/?p=1025"},"modified":"2018-09-01T15:22:17","modified_gmt":"2018-09-01T15:22:17","slug":"sabemos-o-que-temos-de-fazer-para-ser-melhores-os-convocados","status":"publish","type":"post","link":"https:\/\/www.fcfamalicao.pt\/en\/sabemos-o-que-temos-de-fazer-para-ser-melhores-os-convocados\/","title":{"rendered":"&#8220;Sabemos o que temos de fazer para ser melhores&#8221;. Os convocados."},"content":{"rendered":"<p>O Futebol Clube de Famalic\u00e3o joga este domingo no Est\u00e1dio Municipal de Famalic\u00e3o, partida da quarta jornada da Ledman LigaPro, frente ao FC Arouca, com in\u00edcio \u00e0s 17.00 horas.<br \/>\nS\u00e9rgio Vieira orientou a \u00faltima sess\u00e3o de treino na manh\u00e3 de s\u00e1bado e depois falou aos jornalistas sobre o jogo. O treinador antev\u00ea dificuldades mas diz que quer os seus jogadores focados no processo da sua equipa. \u201cSabemos o que temos que fazer para sermos melhores e queremos evoluir mas as dificuldades est\u00e3o identificadas e o FC Arouca, como outros ao longo do campeonato, e uma equipa com bons jogadores, um treinador muito competente e que v\u00e3o lutar pela subida de divis\u00e3o.\u201d<br \/>\nS\u00e9rgio Vieira salientou que o importante \u00e9 \u201cdar continuidade ao trabalho desenvolvido ao longo destes dois meses. A evolu\u00e7\u00e3o individual e coletiva tem que estar presente para sermos cada vez melhores\u201d.<br \/>\nO treinador sabe das dificuldades que o FC Arouca vai criar, advers\u00e1rio que o FC Famalic\u00e3o defrontou na 1\u00aa eliminat\u00f3ria da Allianz Cup mas tamb\u00e9m reconhece que a sua equipa est\u00e1 \u201cmais forte que no in\u00edcio da \u00e9poca\u201d.<br \/>\nAnderson e Chic\u00e3o n\u00e3o fazem parte dos convocados, ainda em processo de recupera\u00e7\u00e3o de les\u00e3o. S\u00e3o 18 os escolhidos por S\u00e9rvio Vieira para a partida de amanh\u00e3.<br \/>\nConvocados: Rafael Defendi, Gabriel, David Lu\u00eds, Joel, Ricardo, Hugo Gomes, \u00c2ngelo Meneses, Jorge Miguel, Capela, Deni Hocko, Filipe Oliveira, Feliz, Fabinho, Willian, Mendes, Raphael Guzzo, Walterson e Fabr\u00edcio.<\/p>\n","protected":false},"excerpt":{"rendered":"<p>O Futebol Clube de Famalic\u00e3o joga este domingo no Est\u00e1dio Municipal de Famalic\u00e3o, partida da quarta jornada da Ledman LigaPro, frente ao FC Arouca, com in\u00edcio \u00e0s 17.00 horas. S\u00e9rgio Vieira orientou a \u00faltima sess\u00e3o de treino na manh\u00e3 de s\u00e1bado e depois falou aos jornalistas sobre o jogo. O&hellip;<\/p>\n","protected":false},"author":2,"featured_media":1026,"comment_status":"closed","ping_status":"closed","sticky":false,"template":"","format":"standard","meta":{"_acf_changed":false,"footnotes":""},"categories":[1],"tags":[],"class_list":["post-1025","post","type-post","status-publish","format-standard","has-post-thumbnail","hentry","category-noticias"],"acf":[],"yoast_head":"<!-- This site is optimized with the Yoast SEO plugin v27.1.1 - https:\/\/yoast.com\/product\/yoast-seo-wordpress\/ -->\n<title>&quot;Sabemos o que temos de fazer para ser melhores&quot;. Os convocados. - FC Famalic\u00e3o<\/title>\n<meta name=\"robots\" content=\"index, follow, max-snippet:-1, max-image-preview:large, max-video-preview:-1\" \/>\n<link rel=\"canonical\" href=\"https:\/\/www.fcfamalicao.pt\/en\/sabemos-o-que-temos-de-fazer-para-ser-melhores-os-convocados\/\" \/>\n<meta property=\"og:locale\" content=\"en_US\" \/>\n<meta property=\"og:type\" content=\"article\" \/>\n<meta property=\"og:title\" content=\"&quot;Sabemos o que temos de fazer para ser melhores&quot;. Os convocados. - FC Famalic\u00e3o\" \/>\n<meta property=\"og:description\" content=\"O Futebol Clube de Famalic\u00e3o joga este domingo no Est\u00e1dio Municipal de Famalic\u00e3o, partida da quarta jornada da Ledman LigaPro, frente ao FC Arouca, com in\u00edcio \u00e0s 17.00 horas. S\u00e9rgio Vieira orientou a \u00faltima sess\u00e3o de treino na manh\u00e3 de s\u00e1bado e depois falou aos jornalistas sobre o jogo. O&hellip;\" \/>\n<meta property=\"og:url\" content=\"https:\/\/www.fcfamalicao.pt\/en\/sabemos-o-que-temos-de-fazer-para-ser-melhores-os-convocados\/\" \/>\n<meta property=\"og:site_name\" content=\"FC Famalic\u00e3o\" \/>\n<meta property=\"article:publisher\" content=\"https:\/\/www.facebook.com\/FCFamalicao\/\" \/>\n<meta property=\"article:published_time\" content=\"2018-09-01T16:00:29+00:00\" \/>\n<meta property=\"og:image\" content=\"https:\/\/www.fcfamalicao.pt\/wp-content\/uploads\/2018\/09\/Arouca-Capela.jpg\" \/>\n\t<meta property=\"og:image:width\" content=\"745\" \/>\n\t<meta property=\"og:image:height\" content=\"419\" \/>\n\t<meta property=\"og:image:type\" content=\"image\/jpeg\" \/>\n<meta name=\"author\" content=\"fcfamalicao fcfamalicao\" \/>\n<meta name=\"twitter:card\" content=\"summary_large_image\" \/>\n<meta name=\"twitter:creator\" content=\"@fcf1931_oficial\" \/>\n<meta name=\"twitter:site\" content=\"@fcf1931_oficial\" \/>\n<meta name=\"twitter:label1\" content=\"Written by\" \/>\n\t<meta name=\"twitter:data1\" content=\"fcfamalicao fcfamalicao\" \/>\n\t<meta name=\"twitter:label2\" content=\"Est. reading time\" \/>\n\t<meta name=\"twitter:data2\" content=\"1 minute\" \/>\n<script type=\"application\/ld+json\" class=\"yoast-schema-graph\">{\"@context\":\"https:\/\/schema.org\",\"@graph\":[{\"@type\":\"Article\",\"@id\":\"https:\/\/www.fcfamalicao.pt\/en\/sabemos-o-que-temos-de-fazer-para-ser-melhores-os-convocados\/#article\",\"isPartOf\":{\"@id\":\"https:\/\/www.fcfamalicao.pt\/en\/sabemos-o-que-temos-de-fazer-para-ser-melhores-os-convocados\/\"},\"author\":{\"name\":\"fcfamalicao fcfamalicao\",\"@id\":\"https:\/\/www.fcfamalicao.pt\/en\/#\/schema\/person\/713a4d367f5259360c363ad35dad9247\"},\"headline\":\"&#8220;Sabemos o que temos de fazer para ser melhores&#8221;. Os convocados.\",\"datePublished\":\"2018-09-01T16:00:29+00:00\",\"mainEntityOfPage\":{\"@id\":\"https:\/\/www.fcfamalicao.pt\/en\/sabemos-o-que-temos-de-fazer-para-ser-melhores-os-convocados\/\"},\"wordCount\":267,\"publisher\":{\"@id\":\"https:\/\/www.fcfamalicao.pt\/en\/#organization\"},\"image\":{\"@id\":\"https:\/\/www.fcfamalicao.pt\/en\/sabemos-o-que-temos-de-fazer-para-ser-melhores-os-convocados\/#primaryimage\"},\"thumbnailUrl\":\"https:\/\/www.fcfamalicao.pt\/wp-content\/uploads\/2018\/09\/Arouca-Capela.jpg\",\"articleSection\":[\"Not\u00edcias\"],\"inLanguage\":\"en-US\"},{\"@type\":\"WebPage\",\"@id\":\"https:\/\/www.fcfamalicao.pt\/en\/sabemos-o-que-temos-de-fazer-para-ser-melhores-os-convocados\/\",\"url\":\"https:\/\/www.fcfamalicao.pt\/en\/sabemos-o-que-temos-de-fazer-para-ser-melhores-os-convocados\/\",\"name\":\"\\\"Sabemos o que temos de fazer para ser melhores\\\". Os convocados. - FC Famalic\u00e3o\",\"isPartOf\":{\"@id\":\"https:\/\/www.fcfamalicao.pt\/en\/#website\"},\"primaryImageOfPage\":{\"@id\":\"https:\/\/www.fcfamalicao.pt\/en\/sabemos-o-que-temos-de-fazer-para-ser-melhores-os-convocados\/#primaryimage\"},\"image\":{\"@id\":\"https:\/\/www.fcfamalicao.pt\/en\/sabemos-o-que-temos-de-fazer-para-ser-melhores-os-convocados\/#primaryimage\"},\"thumbnailUrl\":\"https:\/\/www.fcfamalicao.pt\/wp-content\/uploads\/2018\/09\/Arouca-Capela.jpg\",\"datePublished\":\"2018-09-01T16:00:29+00:00\",\"breadcrumb\":{\"@id\":\"https:\/\/www.fcfamalicao.pt\/en\/sabemos-o-que-temos-de-fazer-para-ser-melhores-os-convocados\/#breadcrumb\"},\"inLanguage\":\"en-US\",\"potentialAction\":[{\"@type\":\"ReadAction\",\"target\":[\"https:\/\/www.fcfamalicao.pt\/en\/sabemos-o-que-temos-de-fazer-para-ser-melhores-os-convocados\/\"]}]},{\"@type\":\"ImageObject\",\"inLanguage\":\"en-US\",\"@id\":\"https:\/\/www.fcfamalicao.pt\/en\/sabemos-o-que-temos-de-fazer-para-ser-melhores-os-convocados\/#primaryimage\",\"url\":\"https:\/\/www.fcfamalicao.pt\/wp-content\/uploads\/2018\/09\/Arouca-Capela.jpg\",\"contentUrl\":\"https:\/\/www.fcfamalicao.pt\/wp-content\/uploads\/2018\/09\/Arouca-Capela.jpg\",\"width\":745,\"height\":419},{\"@type\":\"BreadcrumbList\",\"@id\":\"https:\/\/www.fcfamalicao.pt\/en\/sabemos-o-que-temos-de-fazer-para-ser-melhores-os-convocados\/#breadcrumb\",\"itemListElement\":[{\"@type\":\"ListItem\",\"position\":1,\"name\":\"Home\",\"item\":\"https:\/\/www.fcfamalicao.pt\/en\/\"},{\"@type\":\"ListItem\",\"position\":2,\"name\":\"&#8220;Sabemos o que temos de fazer para ser melhores&#8221;. Os convocados.\"}]},{\"@type\":\"WebSite\",\"@id\":\"https:\/\/www.fcfamalicao.pt\/en\/#website\",\"url\":\"https:\/\/www.fcfamalicao.pt\/en\/\",\"name\":\"FC Famalic\u00e3o\",\"description\":\"Site oficial do Futebol Clube Famalic\u00e3o. #AMORDEPERDI\u00c7\u00c3O\",\"publisher\":{\"@id\":\"https:\/\/www.fcfamalicao.pt\/en\/#organization\"},\"potentialAction\":[{\"@type\":\"SearchAction\",\"target\":{\"@type\":\"EntryPoint\",\"urlTemplate\":\"https:\/\/www.fcfamalicao.pt\/en\/?s={search_term_string}\"},\"query-input\":{\"@type\":\"PropertyValueSpecification\",\"valueRequired\":true,\"valueName\":\"search_term_string\"}}],\"inLanguage\":\"en-US\"},{\"@type\":\"Organization\",\"@id\":\"https:\/\/www.fcfamalicao.pt\/en\/#organization\",\"name\":\"FC Famalic\u00e3o\",\"url\":\"https:\/\/www.fcfamalicao.pt\/en\/\",\"logo\":{\"@type\":\"ImageObject\",\"inLanguage\":\"en-US\",\"@id\":\"https:\/\/www.fcfamalicao.pt\/en\/#\/schema\/logo\/image\/\",\"url\":\"https:\/\/www.fcfamalicao.pt\/wp-content\/uploads\/2018\/11\/fcf-logo.png\",\"contentUrl\":\"https:\/\/www.fcfamalicao.pt\/wp-content\/uploads\/2018\/11\/fcf-logo.png\",\"width\":150,\"height\":143,\"caption\":\"FC Famalic\u00e3o\"},\"image\":{\"@id\":\"https:\/\/www.fcfamalicao.pt\/en\/#\/schema\/logo\/image\/\"},\"sameAs\":[\"https:\/\/www.facebook.com\/FCFamalicao\/\",\"https:\/\/x.com\/fcf1931_oficial\",\"https:\/\/www.instagram.com\/futebolclubefamalicao\/\",\"https:\/\/www.youtube.com\/FCFamalicao1931\"]},{\"@type\":\"Person\",\"@id\":\"https:\/\/www.fcfamalicao.pt\/en\/#\/schema\/person\/713a4d367f5259360c363ad35dad9247\",\"name\":\"fcfamalicao fcfamalicao\",\"image\":{\"@type\":\"ImageObject\",\"inLanguage\":\"en-US\",\"@id\":\"https:\/\/www.fcfamalicao.pt\/en\/#\/schema\/person\/image\/\",\"url\":\"https:\/\/secure.gravatar.com\/avatar\/b37399ebd6c6b1f9808b97ddeec50eb3b762cc626cb1e17e3a8b30044160d118?s=96&d=mm&r=g\",\"contentUrl\":\"https:\/\/secure.gravatar.com\/avatar\/b37399ebd6c6b1f9808b97ddeec50eb3b762cc626cb1e17e3a8b30044160d118?s=96&d=mm&r=g\",\"caption\":\"fcfamalicao fcfamalicao\"}}]}<\/script>\n<!-- \/ Yoast SEO plugin. -->","yoast_head_json":{"title":"\"Sabemos o que temos de fazer para ser melhores\". Os convocados. - FC Famalic\u00e3o","robots":{"index":"index","follow":"follow","max-snippet":"max-snippet:-1","max-image-preview":"max-image-preview:large","max-video-preview":"max-video-preview:-1"},"canonical":"https:\/\/www.fcfamalicao.pt\/en\/sabemos-o-que-temos-de-fazer-para-ser-melhores-os-convocados\/","og_locale":"en_US","og_type":"article","og_title":"\"Sabemos o que temos de fazer para ser melhores\". Os convocados. - FC Famalic\u00e3o","og_description":"O Futebol Clube de Famalic\u00e3o joga este domingo no Est\u00e1dio Municipal de Famalic\u00e3o, partida da quarta jornada da Ledman LigaPro, frente ao FC Arouca, com in\u00edcio \u00e0s 17.00 horas. S\u00e9rgio Vieira orientou a \u00faltima sess\u00e3o de treino na manh\u00e3 de s\u00e1bado e depois falou aos jornalistas sobre o jogo. O&hellip;","og_url":"https:\/\/www.fcfamalicao.pt\/en\/sabemos-o-que-temos-de-fazer-para-ser-melhores-os-convocados\/","og_site_name":"FC Famalic\u00e3o","article_publisher":"https:\/\/www.facebook.com\/FCFamalicao\/","article_published_time":"2018-09-01T16:00:29+00:00","og_image":[{"width":745,"height":419,"url":"https:\/\/www.fcfamalicao.pt\/wp-content\/uploads\/2018\/09\/Arouca-Capela.jpg","type":"image\/jpeg"}],"author":"fcfamalicao fcfamalicao","twitter_card":"summary_large_image","twitter_creator":"@fcf1931_oficial","twitter_site":"@fcf1931_oficial","twitter_misc":{"Written by":"fcfamalicao fcfamalicao","Est. reading time":"1 minute"},"schema":{"@context":"https:\/\/schema.org","@graph":[{"@type":"Article","@id":"https:\/\/www.fcfamalicao.pt\/en\/sabemos-o-que-temos-de-fazer-para-ser-melhores-os-convocados\/#article","isPartOf":{"@id":"https:\/\/www.fcfamalicao.pt\/en\/sabemos-o-que-temos-de-fazer-para-ser-melhores-os-convocados\/"},"author":{"name":"fcfamalicao fcfamalicao","@id":"https:\/\/www.fcfamalicao.pt\/en\/#\/schema\/person\/713a4d367f5259360c363ad35dad9247"},"headline":"&#8220;Sabemos o que temos de fazer para ser melhores&#8221;. Os convocados.","datePublished":"2018-09-01T16:00:29+00:00","mainEntityOfPage":{"@id":"https:\/\/www.fcfamalicao.pt\/en\/sabemos-o-que-temos-de-fazer-para-ser-melhores-os-convocados\/"},"wordCount":267,"publisher":{"@id":"https:\/\/www.fcfamalicao.pt\/en\/#organization"},"image":{"@id":"https:\/\/www.fcfamalicao.pt\/en\/sabemos-o-que-temos-de-fazer-para-ser-melhores-os-convocados\/#primaryimage"},"thumbnailUrl":"https:\/\/www.fcfamalicao.pt\/wp-content\/uploads\/2018\/09\/Arouca-Capela.jpg","articleSection":["Not\u00edcias"],"inLanguage":"en-US"},{"@type":"WebPage","@id":"https:\/\/www.fcfamalicao.pt\/en\/sabemos-o-que-temos-de-fazer-para-ser-melhores-os-convocados\/","url":"https:\/\/www.fcfamalicao.pt\/en\/sabemos-o-que-temos-de-fazer-para-ser-melhores-os-convocados\/","name":"\"Sabemos o que temos de fazer para ser melhores\". Os convocados. - FC Famalic\u00e3o","isPartOf":{"@id":"https:\/\/www.fcfamalicao.pt\/en\/#website"},"primaryImageOfPage":{"@id":"https:\/\/www.fcfamalicao.pt\/en\/sabemos-o-que-temos-de-fazer-para-ser-melhores-os-convocados\/#primaryimage"},"image":{"@id":"https:\/\/www.fcfamalicao.pt\/en\/sabemos-o-que-temos-de-fazer-para-ser-melhores-os-convocados\/#primaryimage"},"thumbnailUrl":"https:\/\/www.fcfamalicao.pt\/wp-content\/uploads\/2018\/09\/Arouca-Capela.jpg","datePublished":"2018-09-01T16:00:29+00:00","breadcrumb":{"@id":"https:\/\/www.fcfamalicao.pt\/en\/sabemos-o-que-temos-de-fazer-para-ser-melhores-os-convocados\/#breadcrumb"},"inLanguage":"en-US","potentialAction":[{"@type":"ReadAction","target":["https:\/\/www.fcfamalicao.pt\/en\/sabemos-o-que-temos-de-fazer-para-ser-melhores-os-convocados\/"]}]},{"@type":"ImageObject","inLanguage":"en-US","@id":"https:\/\/www.fcfamalicao.pt\/en\/sabemos-o-que-temos-de-fazer-para-ser-melhores-os-convocados\/#primaryimage","url":"https:\/\/www.fcfamalicao.pt\/wp-content\/uploads\/2018\/09\/Arouca-Capela.jpg","contentUrl":"https:\/\/www.fcfamalicao.pt\/wp-content\/uploads\/2018\/09\/Arouca-Capela.jpg","width":745,"height":419},{"@type":"BreadcrumbList","@id":"https:\/\/www.fcfamalicao.pt\/en\/sabemos-o-que-temos-de-fazer-para-ser-melhores-os-convocados\/#breadcrumb","itemListElement":[{"@type":"ListItem","position":1,"name":"Home","item":"https:\/\/www.fcfamalicao.pt\/en\/"},{"@type":"ListItem","position":2,"name":"&#8220;Sabemos o que temos de fazer para ser melhores&#8221;. Os convocados."}]},{"@type":"WebSite","@id":"https:\/\/www.fcfamalicao.pt\/en\/#website","url":"https:\/\/www.fcfamalicao.pt\/en\/","name":"FC Famalic\u00e3o","description":"Site oficial do Futebol Clube Famalic\u00e3o. #AMORDEPERDI\u00c7\u00c3O","publisher":{"@id":"https:\/\/www.fcfamalicao.pt\/en\/#organization"},"potentialAction":[{"@type":"SearchAction","target":{"@type":"EntryPoint","urlTemplate":"https:\/\/www.fcfamalicao.pt\/en\/?s={search_term_string}"},"query-input":{"@type":"PropertyValueSpecification","valueRequired":true,"valueName":"search_term_string"}}],"inLanguage":"en-US"},{"@type":"Organization","@id":"https:\/\/www.fcfamalicao.pt\/en\/#organization","name":"FC Famalic\u00e3o","url":"https:\/\/www.fcfamalicao.pt\/en\/","logo":{"@type":"ImageObject","inLanguage":"en-US","@id":"https:\/\/www.fcfamalicao.pt\/en\/#\/schema\/logo\/image\/","url":"https:\/\/www.fcfamalicao.pt\/wp-content\/uploads\/2018\/11\/fcf-logo.png","contentUrl":"https:\/\/www.fcfamalicao.pt\/wp-content\/uploads\/2018\/11\/fcf-logo.png","width":150,"height":143,"caption":"FC Famalic\u00e3o"},"image":{"@id":"https:\/\/www.fcfamalicao.pt\/en\/#\/schema\/logo\/image\/"},"sameAs":["https:\/\/www.facebook.com\/FCFamalicao\/","https:\/\/x.com\/fcf1931_oficial","https:\/\/www.instagram.com\/futebolclubefamalicao\/","https:\/\/www.youtube.com\/FCFamalicao1931"]},{"@type":"Person","@id":"https:\/\/www.fcfamalicao.pt\/en\/#\/schema\/person\/713a4d367f5259360c363ad35dad9247","name":"fcfamalicao fcfamalicao","image":{"@type":"ImageObject","inLanguage":"en-US","@id":"https:\/\/www.fcfamalicao.pt\/en\/#\/schema\/person\/image\/","url":"https:\/\/secure.gravatar.com\/avatar\/b37399ebd6c6b1f9808b97ddeec50eb3b762cc626cb1e17e3a8b30044160d118?s=96&d=mm&r=g","contentUrl":"https:\/\/secure.gravatar.com\/avatar\/b37399ebd6c6b1f9808b97ddeec50eb3b762cc626cb1e17e3a8b30044160d118?s=96&d=mm&r=g","caption":"fcfamalicao fcfamalicao"}}]}},"_links":{"self":[{"href":"https:\/\/www.fcfamalicao.pt\/en\/wp-json\/wp\/v2\/posts\/1025","targetHints":{"allow":["GET"]}}],"collection":[{"href":"https:\/\/www.fcfamalicao.pt\/en\/wp-json\/wp\/v2\/posts"}],"about":[{"href":"https:\/\/www.fcfamalicao.pt\/en\/wp-json\/wp\/v2\/types\/post"}],"author":[{"embeddable":true,"href":"https:\/\/www.fcfamalicao.pt\/en\/wp-json\/wp\/v2\/users\/2"}],"replies":[{"embeddable":true,"href":"https:\/\/www.fcfamalicao.pt\/en\/wp-json\/wp\/v2\/comments?post=1025"}],"version-history":[{"count":0,"href":"https:\/\/www.fcfamalicao.pt\/en\/wp-json\/wp\/v2\/posts\/1025\/revisions"}],"wp:featuredmedia":[{"embeddable":true,"href":"https:\/\/www.fcfamalicao.pt\/en\/wp-json\/wp\/v2\/media\/1026"}],"wp:attachment":[{"href":"https:\/\/www.fcfamalicao.pt\/en\/wp-json\/wp\/v2\/media?parent=1025"}],"wp:term":[{"taxonomy":"category","embeddable":true,"href":"https:\/\/www.fcfamalicao.pt\/en\/wp-json\/wp\/v2\/categories?post=1025"},{"taxonomy":"post_tag","embeddable":true,"href":"https:\/\/www.fcfamalicao.pt\/en\/wp-json\/wp\/v2\/tags?post=1025"}],"curies":[{"name":"wp","href":"https:\/\/api.w.org\/{rel}","templated":true}]}}