{"id":10304,"date":"2020-07-06T02:04:35","date_gmt":"2020-07-06T02:04:35","guid":{"rendered":"https:\/\/www.fcfamalicao.pt\/?p=10304"},"modified":"2020-07-06T02:04:35","modified_gmt":"2020-07-06T02:04:35","slug":"arco-do-triunfo","status":"publish","type":"post","link":"https:\/\/www.fcfamalicao.pt\/en\/arco-do-triunfo\/","title":{"rendered":"Arco do triunfo"},"content":{"rendered":"<p>Foi sob um intenso calor que o Futebol Clube de Famalic\u00e3o disputou a partida da 30.\u00aa jornada da Liga NOS, diante do Clube Desportivo Tondela, que teve lugar no Est\u00e1dio Jo\u00e3o Cardoso. Um golo de belo efeito de F\u00e1bio Martins &#8211; com carga hist\u00f3rica &#8211; decidiu as contas do resultado e permitiu aos famalicenses recolocar-se no 5.\u00ba lugar.<\/p>\n<p>Frente a frente estavam dois conjuntos que est\u00e3o envolvidos em desafios diferentes. Se a equipa orientada por Jo\u00e3o Pedro Sousa pretende manter-se nos lugares superiores da classifica\u00e7\u00e3o, j\u00e1 o Clube Desportivo Tondela luta por fugir a um lugar inc\u00f3modo. Como tal, foi com naturalidade que os forasteiros tentaram assumir as despesas do jogo perante um conjunto tondelense com muitas unidades atr\u00e1s da linha da bola e a revelar alguma tend\u00eancia para aproveitar o contra-ataque.<\/p>\n<p>Depois de uma primeira parte em que n\u00e3o se registaram grandes oportunidades de golo, para o in\u00edcio da etapa complementar ficou guardado o momento do jogo. Num movimento j\u00e1 caracter\u00edstico ao longo da sua carreira, o extremo fletiu para dentro e rematou forte e colocado para o fundo da baliza de Niasse. Um golo que merecia ter sido visto ao vivo pelos adeptos tal a espetacularidade de um remate certeiro que entra para a hist\u00f3ria do Futebol Clube de Famalic\u00e3o dado ter sido o golo 250 no principal campeonato do futebol portugu\u00eas.<\/p>\n<p>Face ao resultado, o Clube Desportivo Tondela tentou reagir e foi concedendo algum espa\u00e7o que at\u00e9 ent\u00e3o escasseava no setor defensivo e que poderia ser aproveitado pelos famalicenses. No entanto, a amostragem do segundo cart\u00e3o amarelo a Toni Mart\u00ednez poderia supor um refrear desse \u00edmpeto. Todavia, tal como em outras ocasi\u00f5es nesta temporada, a equipa de Jo\u00e3o Pedro Sousa n\u00e3o tremeu a jogar com menos um elemento e manteve-se sempre muita tranquila na defesa da magra vantagem.<\/p>\n<p>Aqui e ali foi espreitando o contra-ataque, mas sem conseguir fazer mossa. O bem mais precioso foi, contudo, bem guardado e o Futebol Clube de Famalic\u00e3o retomou o caminho das vit\u00f3rias.<\/p>\n<p>CD Tondela 0-1 FC Famalic\u00e3o<br \/>\nEst\u00e1dio Jo\u00e3o Cardoso<br \/>\n\u00c1rbitro: Artur Soares Dias (AF Porto)<\/p>\n<p>CD Tondela &#8211; Niasse, Moufi, Philipe Sampaio, Yohan Tavares, Filipe Ferreira (Xavier 64&#8242;), Pepelu, Jo\u00e3o Pedro (Jo\u00e3o Reis 87&#8242;), Pit\u00e9, Richard (Tomislav 78&#8242;), Jonathan Toro (Pedro Augusto 78&#8242;) e Ronan<\/p>\n<p>FC Famalic\u00e3o &#8211; Van\u00e1, Ivo Pinto (Patrick William 64&#8242;), Nehu\u00e9n P\u00e9rez, Riccieli, Coly (Centelles 64&#8242;), Gustavo Assun\u00e7\u00e3o, Uros Racic (Guga 74&#8242;), Pedro Gon\u00e7alves (Anderson 74&#8242;), Diogo Gon\u00e7alves, Toni Mart\u00ednez e F\u00e1bio Martins (Walterson 81&#8242;)<\/p>\n<p>Golo: F\u00e1bio Martins (55&#8242;)<\/p>\n<p>Cart\u00f5es Amarelos: Toni Mart\u00ednez (24&#8242; e 71&#8242;); Richard (30&#8242;); Ronan (35&#8242;); Coly (42&#8242;); F\u00e1bio Martins (45&#8242;); Jo\u00e3o Pedro (72&#8242;) e Walterson (86&#8242;)<\/p>\n<p>Cart\u00f5es Vermelhos: Toni Mart\u00ednez (71&#8242;)<\/p>\n","protected":false},"excerpt":{"rendered":"<p>Foi sob um intenso calor que o Futebol Clube de Famalic\u00e3o disputou a partida da 30.\u00aa jornada da Liga NOS, diante do Clube Desportivo Tondela, que teve lugar no Est\u00e1dio Jo\u00e3o Cardoso. Um golo de belo efeito de F\u00e1bio Martins &#8211; com carga hist\u00f3rica &#8211; decidiu as contas do resultado&hellip;<\/p>\n","protected":false},"author":2,"featured_media":10305,"comment_status":"closed","ping_status":"closed","sticky":false,"template":"","format":"standard","meta":{"_acf_changed":false,"footnotes":""},"categories":[1],"tags":[],"class_list":["post-10304","post","type-post","status-publish","format-standard","has-post-thumbnail","hentry","category-noticias"],"acf":[],"yoast_head":"<!-- This site is optimized with the Yoast SEO plugin v27.1.1 - https:\/\/yoast.com\/product\/yoast-seo-wordpress\/ -->\n<title>Arco do triunfo - FC Famalic\u00e3o<\/title>\n<meta name=\"robots\" content=\"index, follow, max-snippet:-1, max-image-preview:large, max-video-preview:-1\" \/>\n<link rel=\"canonical\" href=\"https:\/\/www.fcfamalicao.pt\/en\/arco-do-triunfo\/\" \/>\n<meta property=\"og:locale\" content=\"en_US\" \/>\n<meta property=\"og:type\" content=\"article\" \/>\n<meta property=\"og:title\" content=\"Arco do triunfo - FC Famalic\u00e3o\" \/>\n<meta property=\"og:description\" content=\"Foi sob um intenso calor que o Futebol Clube de Famalic\u00e3o disputou a partida da 30.\u00aa jornada da Liga NOS, diante do Clube Desportivo Tondela, que teve lugar no Est\u00e1dio Jo\u00e3o Cardoso. Um golo de belo efeito de F\u00e1bio Martins &#8211; com carga hist\u00f3rica &#8211; decidiu as contas do resultado&hellip;\" \/>\n<meta property=\"og:url\" content=\"https:\/\/www.fcfamalicao.pt\/en\/arco-do-triunfo\/\" \/>\n<meta property=\"og:site_name\" content=\"FC Famalic\u00e3o\" \/>\n<meta property=\"article:publisher\" content=\"https:\/\/www.facebook.com\/FCFamalicao\/\" \/>\n<meta property=\"article:published_time\" content=\"2020-07-06T02:04:35+00:00\" \/>\n<meta property=\"og:image\" content=\"https:\/\/www.fcfamalicao.pt\/wp-content\/uploads\/2020\/07\/2020-07-05_POR63278_Easy-Resize.com_.jpg\" \/>\n\t<meta property=\"og:image:width\" content=\"1280\" \/>\n\t<meta property=\"og:image:height\" content=\"853\" \/>\n\t<meta property=\"og:image:type\" content=\"image\/jpeg\" \/>\n<meta name=\"author\" content=\"fcfamalicao fcfamalicao\" \/>\n<meta name=\"twitter:card\" content=\"summary_large_image\" \/>\n<meta name=\"twitter:creator\" content=\"@fcf1931_oficial\" \/>\n<meta name=\"twitter:site\" content=\"@fcf1931_oficial\" \/>\n<meta name=\"twitter:label1\" content=\"Written by\" \/>\n\t<meta name=\"twitter:data1\" content=\"fcfamalicao fcfamalicao\" \/>\n\t<meta name=\"twitter:label2\" content=\"Est. reading time\" \/>\n\t<meta name=\"twitter:data2\" content=\"2 minutes\" \/>\n<script type=\"application\/ld+json\" class=\"yoast-schema-graph\">{\"@context\":\"https:\/\/schema.org\",\"@graph\":[{\"@type\":\"Article\",\"@id\":\"https:\/\/www.fcfamalicao.pt\/en\/arco-do-triunfo\/#article\",\"isPartOf\":{\"@id\":\"https:\/\/www.fcfamalicao.pt\/en\/arco-do-triunfo\/\"},\"author\":{\"name\":\"fcfamalicao fcfamalicao\",\"@id\":\"https:\/\/www.fcfamalicao.pt\/en\/#\/schema\/person\/713a4d367f5259360c363ad35dad9247\"},\"headline\":\"Arco do triunfo\",\"datePublished\":\"2020-07-06T02:04:35+00:00\",\"mainEntityOfPage\":{\"@id\":\"https:\/\/www.fcfamalicao.pt\/en\/arco-do-triunfo\/\"},\"wordCount\":468,\"publisher\":{\"@id\":\"https:\/\/www.fcfamalicao.pt\/en\/#organization\"},\"image\":{\"@id\":\"https:\/\/www.fcfamalicao.pt\/en\/arco-do-triunfo\/#primaryimage\"},\"thumbnailUrl\":\"https:\/\/www.fcfamalicao.pt\/wp-content\/uploads\/2020\/07\/2020-07-05_POR63278_Easy-Resize.com_.jpg\",\"articleSection\":[\"Not\u00edcias\"],\"inLanguage\":\"en-US\"},{\"@type\":\"WebPage\",\"@id\":\"https:\/\/www.fcfamalicao.pt\/en\/arco-do-triunfo\/\",\"url\":\"https:\/\/www.fcfamalicao.pt\/en\/arco-do-triunfo\/\",\"name\":\"Arco do triunfo - FC Famalic\u00e3o\",\"isPartOf\":{\"@id\":\"https:\/\/www.fcfamalicao.pt\/en\/#website\"},\"primaryImageOfPage\":{\"@id\":\"https:\/\/www.fcfamalicao.pt\/en\/arco-do-triunfo\/#primaryimage\"},\"image\":{\"@id\":\"https:\/\/www.fcfamalicao.pt\/en\/arco-do-triunfo\/#primaryimage\"},\"thumbnailUrl\":\"https:\/\/www.fcfamalicao.pt\/wp-content\/uploads\/2020\/07\/2020-07-05_POR63278_Easy-Resize.com_.jpg\",\"datePublished\":\"2020-07-06T02:04:35+00:00\",\"breadcrumb\":{\"@id\":\"https:\/\/www.fcfamalicao.pt\/en\/arco-do-triunfo\/#breadcrumb\"},\"inLanguage\":\"en-US\",\"potentialAction\":[{\"@type\":\"ReadAction\",\"target\":[\"https:\/\/www.fcfamalicao.pt\/en\/arco-do-triunfo\/\"]}]},{\"@type\":\"ImageObject\",\"inLanguage\":\"en-US\",\"@id\":\"https:\/\/www.fcfamalicao.pt\/en\/arco-do-triunfo\/#primaryimage\",\"url\":\"https:\/\/www.fcfamalicao.pt\/wp-content\/uploads\/2020\/07\/2020-07-05_POR63278_Easy-Resize.com_.jpg\",\"contentUrl\":\"https:\/\/www.fcfamalicao.pt\/wp-content\/uploads\/2020\/07\/2020-07-05_POR63278_Easy-Resize.com_.jpg\",\"width\":1280,\"height\":853},{\"@type\":\"BreadcrumbList\",\"@id\":\"https:\/\/www.fcfamalicao.pt\/en\/arco-do-triunfo\/#breadcrumb\",\"itemListElement\":[{\"@type\":\"ListItem\",\"position\":1,\"name\":\"Home\",\"item\":\"https:\/\/www.fcfamalicao.pt\/en\/\"},{\"@type\":\"ListItem\",\"position\":2,\"name\":\"Arco do triunfo\"}]},{\"@type\":\"WebSite\",\"@id\":\"https:\/\/www.fcfamalicao.pt\/en\/#website\",\"url\":\"https:\/\/www.fcfamalicao.pt\/en\/\",\"name\":\"FC Famalic\u00e3o\",\"description\":\"Site oficial do Futebol Clube Famalic\u00e3o. #AMORDEPERDI\u00c7\u00c3O\",\"publisher\":{\"@id\":\"https:\/\/www.fcfamalicao.pt\/en\/#organization\"},\"potentialAction\":[{\"@type\":\"SearchAction\",\"target\":{\"@type\":\"EntryPoint\",\"urlTemplate\":\"https:\/\/www.fcfamalicao.pt\/en\/?s={search_term_string}\"},\"query-input\":{\"@type\":\"PropertyValueSpecification\",\"valueRequired\":true,\"valueName\":\"search_term_string\"}}],\"inLanguage\":\"en-US\"},{\"@type\":\"Organization\",\"@id\":\"https:\/\/www.fcfamalicao.pt\/en\/#organization\",\"name\":\"FC Famalic\u00e3o\",\"url\":\"https:\/\/www.fcfamalicao.pt\/en\/\",\"logo\":{\"@type\":\"ImageObject\",\"inLanguage\":\"en-US\",\"@id\":\"https:\/\/www.fcfamalicao.pt\/en\/#\/schema\/logo\/image\/\",\"url\":\"https:\/\/www.fcfamalicao.pt\/wp-content\/uploads\/2018\/11\/fcf-logo.png\",\"contentUrl\":\"https:\/\/www.fcfamalicao.pt\/wp-content\/uploads\/2018\/11\/fcf-logo.png\",\"width\":150,\"height\":143,\"caption\":\"FC Famalic\u00e3o\"},\"image\":{\"@id\":\"https:\/\/www.fcfamalicao.pt\/en\/#\/schema\/logo\/image\/\"},\"sameAs\":[\"https:\/\/www.facebook.com\/FCFamalicao\/\",\"https:\/\/x.com\/fcf1931_oficial\",\"https:\/\/www.instagram.com\/futebolclubefamalicao\/\",\"https:\/\/www.youtube.com\/FCFamalicao1931\"]},{\"@type\":\"Person\",\"@id\":\"https:\/\/www.fcfamalicao.pt\/en\/#\/schema\/person\/713a4d367f5259360c363ad35dad9247\",\"name\":\"fcfamalicao fcfamalicao\",\"image\":{\"@type\":\"ImageObject\",\"inLanguage\":\"en-US\",\"@id\":\"https:\/\/www.fcfamalicao.pt\/en\/#\/schema\/person\/image\/\",\"url\":\"https:\/\/secure.gravatar.com\/avatar\/b37399ebd6c6b1f9808b97ddeec50eb3b762cc626cb1e17e3a8b30044160d118?s=96&d=mm&r=g\",\"contentUrl\":\"https:\/\/secure.gravatar.com\/avatar\/b37399ebd6c6b1f9808b97ddeec50eb3b762cc626cb1e17e3a8b30044160d118?s=96&d=mm&r=g\",\"caption\":\"fcfamalicao fcfamalicao\"}}]}<\/script>\n<!-- \/ Yoast SEO plugin. -->","yoast_head_json":{"title":"Arco do triunfo - FC Famalic\u00e3o","robots":{"index":"index","follow":"follow","max-snippet":"max-snippet:-1","max-image-preview":"max-image-preview:large","max-video-preview":"max-video-preview:-1"},"canonical":"https:\/\/www.fcfamalicao.pt\/en\/arco-do-triunfo\/","og_locale":"en_US","og_type":"article","og_title":"Arco do triunfo - FC Famalic\u00e3o","og_description":"Foi sob um intenso calor que o Futebol Clube de Famalic\u00e3o disputou a partida da 30.\u00aa jornada da Liga NOS, diante do Clube Desportivo Tondela, que teve lugar no Est\u00e1dio Jo\u00e3o Cardoso. Um golo de belo efeito de F\u00e1bio Martins &#8211; com carga hist\u00f3rica &#8211; decidiu as contas do resultado&hellip;","og_url":"https:\/\/www.fcfamalicao.pt\/en\/arco-do-triunfo\/","og_site_name":"FC Famalic\u00e3o","article_publisher":"https:\/\/www.facebook.com\/FCFamalicao\/","article_published_time":"2020-07-06T02:04:35+00:00","og_image":[{"width":1280,"height":853,"url":"https:\/\/www.fcfamalicao.pt\/wp-content\/uploads\/2020\/07\/2020-07-05_POR63278_Easy-Resize.com_.jpg","type":"image\/jpeg"}],"author":"fcfamalicao fcfamalicao","twitter_card":"summary_large_image","twitter_creator":"@fcf1931_oficial","twitter_site":"@fcf1931_oficial","twitter_misc":{"Written by":"fcfamalicao fcfamalicao","Est. reading time":"2 minutes"},"schema":{"@context":"https:\/\/schema.org","@graph":[{"@type":"Article","@id":"https:\/\/www.fcfamalicao.pt\/en\/arco-do-triunfo\/#article","isPartOf":{"@id":"https:\/\/www.fcfamalicao.pt\/en\/arco-do-triunfo\/"},"author":{"name":"fcfamalicao fcfamalicao","@id":"https:\/\/www.fcfamalicao.pt\/en\/#\/schema\/person\/713a4d367f5259360c363ad35dad9247"},"headline":"Arco do triunfo","datePublished":"2020-07-06T02:04:35+00:00","mainEntityOfPage":{"@id":"https:\/\/www.fcfamalicao.pt\/en\/arco-do-triunfo\/"},"wordCount":468,"publisher":{"@id":"https:\/\/www.fcfamalicao.pt\/en\/#organization"},"image":{"@id":"https:\/\/www.fcfamalicao.pt\/en\/arco-do-triunfo\/#primaryimage"},"thumbnailUrl":"https:\/\/www.fcfamalicao.pt\/wp-content\/uploads\/2020\/07\/2020-07-05_POR63278_Easy-Resize.com_.jpg","articleSection":["Not\u00edcias"],"inLanguage":"en-US"},{"@type":"WebPage","@id":"https:\/\/www.fcfamalicao.pt\/en\/arco-do-triunfo\/","url":"https:\/\/www.fcfamalicao.pt\/en\/arco-do-triunfo\/","name":"Arco do triunfo - FC Famalic\u00e3o","isPartOf":{"@id":"https:\/\/www.fcfamalicao.pt\/en\/#website"},"primaryImageOfPage":{"@id":"https:\/\/www.fcfamalicao.pt\/en\/arco-do-triunfo\/#primaryimage"},"image":{"@id":"https:\/\/www.fcfamalicao.pt\/en\/arco-do-triunfo\/#primaryimage"},"thumbnailUrl":"https:\/\/www.fcfamalicao.pt\/wp-content\/uploads\/2020\/07\/2020-07-05_POR63278_Easy-Resize.com_.jpg","datePublished":"2020-07-06T02:04:35+00:00","breadcrumb":{"@id":"https:\/\/www.fcfamalicao.pt\/en\/arco-do-triunfo\/#breadcrumb"},"inLanguage":"en-US","potentialAction":[{"@type":"ReadAction","target":["https:\/\/www.fcfamalicao.pt\/en\/arco-do-triunfo\/"]}]},{"@type":"ImageObject","inLanguage":"en-US","@id":"https:\/\/www.fcfamalicao.pt\/en\/arco-do-triunfo\/#primaryimage","url":"https:\/\/www.fcfamalicao.pt\/wp-content\/uploads\/2020\/07\/2020-07-05_POR63278_Easy-Resize.com_.jpg","contentUrl":"https:\/\/www.fcfamalicao.pt\/wp-content\/uploads\/2020\/07\/2020-07-05_POR63278_Easy-Resize.com_.jpg","width":1280,"height":853},{"@type":"BreadcrumbList","@id":"https:\/\/www.fcfamalicao.pt\/en\/arco-do-triunfo\/#breadcrumb","itemListElement":[{"@type":"ListItem","position":1,"name":"Home","item":"https:\/\/www.fcfamalicao.pt\/en\/"},{"@type":"ListItem","position":2,"name":"Arco do triunfo"}]},{"@type":"WebSite","@id":"https:\/\/www.fcfamalicao.pt\/en\/#website","url":"https:\/\/www.fcfamalicao.pt\/en\/","name":"FC Famalic\u00e3o","description":"Site oficial do Futebol Clube Famalic\u00e3o. #AMORDEPERDI\u00c7\u00c3O","publisher":{"@id":"https:\/\/www.fcfamalicao.pt\/en\/#organization"},"potentialAction":[{"@type":"SearchAction","target":{"@type":"EntryPoint","urlTemplate":"https:\/\/www.fcfamalicao.pt\/en\/?s={search_term_string}"},"query-input":{"@type":"PropertyValueSpecification","valueRequired":true,"valueName":"search_term_string"}}],"inLanguage":"en-US"},{"@type":"Organization","@id":"https:\/\/www.fcfamalicao.pt\/en\/#organization","name":"FC Famalic\u00e3o","url":"https:\/\/www.fcfamalicao.pt\/en\/","logo":{"@type":"ImageObject","inLanguage":"en-US","@id":"https:\/\/www.fcfamalicao.pt\/en\/#\/schema\/logo\/image\/","url":"https:\/\/www.fcfamalicao.pt\/wp-content\/uploads\/2018\/11\/fcf-logo.png","contentUrl":"https:\/\/www.fcfamalicao.pt\/wp-content\/uploads\/2018\/11\/fcf-logo.png","width":150,"height":143,"caption":"FC Famalic\u00e3o"},"image":{"@id":"https:\/\/www.fcfamalicao.pt\/en\/#\/schema\/logo\/image\/"},"sameAs":["https:\/\/www.facebook.com\/FCFamalicao\/","https:\/\/x.com\/fcf1931_oficial","https:\/\/www.instagram.com\/futebolclubefamalicao\/","https:\/\/www.youtube.com\/FCFamalicao1931"]},{"@type":"Person","@id":"https:\/\/www.fcfamalicao.pt\/en\/#\/schema\/person\/713a4d367f5259360c363ad35dad9247","name":"fcfamalicao fcfamalicao","image":{"@type":"ImageObject","inLanguage":"en-US","@id":"https:\/\/www.fcfamalicao.pt\/en\/#\/schema\/person\/image\/","url":"https:\/\/secure.gravatar.com\/avatar\/b37399ebd6c6b1f9808b97ddeec50eb3b762cc626cb1e17e3a8b30044160d118?s=96&d=mm&r=g","contentUrl":"https:\/\/secure.gravatar.com\/avatar\/b37399ebd6c6b1f9808b97ddeec50eb3b762cc626cb1e17e3a8b30044160d118?s=96&d=mm&r=g","caption":"fcfamalicao fcfamalicao"}}]}},"_links":{"self":[{"href":"https:\/\/www.fcfamalicao.pt\/en\/wp-json\/wp\/v2\/posts\/10304","targetHints":{"allow":["GET"]}}],"collection":[{"href":"https:\/\/www.fcfamalicao.pt\/en\/wp-json\/wp\/v2\/posts"}],"about":[{"href":"https:\/\/www.fcfamalicao.pt\/en\/wp-json\/wp\/v2\/types\/post"}],"author":[{"embeddable":true,"href":"https:\/\/www.fcfamalicao.pt\/en\/wp-json\/wp\/v2\/users\/2"}],"replies":[{"embeddable":true,"href":"https:\/\/www.fcfamalicao.pt\/en\/wp-json\/wp\/v2\/comments?post=10304"}],"version-history":[{"count":0,"href":"https:\/\/www.fcfamalicao.pt\/en\/wp-json\/wp\/v2\/posts\/10304\/revisions"}],"wp:featuredmedia":[{"embeddable":true,"href":"https:\/\/www.fcfamalicao.pt\/en\/wp-json\/wp\/v2\/media\/10305"}],"wp:attachment":[{"href":"https:\/\/www.fcfamalicao.pt\/en\/wp-json\/wp\/v2\/media?parent=10304"}],"wp:term":[{"taxonomy":"category","embeddable":true,"href":"https:\/\/www.fcfamalicao.pt\/en\/wp-json\/wp\/v2\/categories?post=10304"},{"taxonomy":"post_tag","embeddable":true,"href":"https:\/\/www.fcfamalicao.pt\/en\/wp-json\/wp\/v2\/tags?post=10304"}],"curies":[{"name":"wp","href":"https:\/\/api.w.org\/{rel}","templated":true}]}}