{"id":1126,"date":"2018-09-18T12:14:58","date_gmt":"2018-09-18T12:14:58","guid":{"rendered":"https:\/\/www.fcfamalicao.pt\/?p=1126"},"modified":"2018-09-18T12:14:58","modified_gmt":"2018-09-18T12:14:58","slug":"deslocacao-a-viseu-bilhetes-a-venda-a-partir-de-amanha","status":"publish","type":"post","link":"https:\/\/www.fcfamalicao.pt\/en\/deslocacao-a-viseu-bilhetes-a-venda-a-partir-de-amanha\/","title":{"rendered":"Desloca\u00e7\u00e3o a Viseu. Bilhetes \u00e0 venda a partir de amanh\u00e3"},"content":{"rendered":"<p>O Futebol Clube de Famalic\u00e3o joga no domingo, 23 de setembro em Viseu, jogo da 5\u00aa Jornada da Ledman Liga Pro, partida a realizar no est\u00e1dio do Fontelo.<br \/>\nO Futebol Clube de Famalic\u00e3o disponibiliza autocarros para os s\u00f3cios que queiram acompanhar a equipa a Viseu, com reserva de lugares de autocarro a decorrer na sede do clube. O pre\u00e7o da viagem com bilhete de jogo inclu\u00eddo \u00e9 de 10,00 euros. Pr\u00e9 venda s\u00f3 de bilhete, sem viagem, tem um custo de 5,00 euros.<br \/>\nA compra do ingresso e da viagem pode ser feita a partir de amanh\u00e3 e at\u00e9 6.\u00aa feira entre as 09h00 \u00e0s 12h30 \/ 14h00 \u00e0s 18h00. S\u00e1bado entre as 09h30 e as 12h30.<br \/>\nNo dia de jogo, o bilhete tem um custo de 8 euros, em Viseu.  <\/p>\n","protected":false},"excerpt":{"rendered":"<p>O Futebol Clube de Famalic\u00e3o joga no domingo, 23 de setembro em Viseu, jogo da 5\u00aa Jornada da Ledman Liga Pro, partida a realizar no est\u00e1dio do Fontelo. O Futebol Clube de Famalic\u00e3o disponibiliza autocarros para os s\u00f3cios que queiram acompanhar a equipa a Viseu, com reserva de lugares de&hellip;<\/p>\n","protected":false},"author":2,"featured_media":1127,"comment_status":"closed","ping_status":"closed","sticky":false,"template":"","format":"standard","meta":{"_acf_changed":false,"footnotes":""},"categories":[1],"tags":[],"class_list":["post-1126","post","type-post","status-publish","format-standard","has-post-thumbnail","hentry","category-noticias"],"acf":[],"yoast_head":"<!-- This site is optimized with the Yoast SEO plugin v27.1.1 - https:\/\/yoast.com\/product\/yoast-seo-wordpress\/ -->\n<title>Desloca\u00e7\u00e3o a Viseu. Bilhetes \u00e0 venda a partir de amanh\u00e3 - FC Famalic\u00e3o<\/title>\n<meta name=\"robots\" content=\"index, follow, max-snippet:-1, max-image-preview:large, max-video-preview:-1\" \/>\n<link rel=\"canonical\" href=\"https:\/\/www.fcfamalicao.pt\/en\/deslocacao-a-viseu-bilhetes-a-venda-a-partir-de-amanha\/\" \/>\n<meta property=\"og:locale\" content=\"en_US\" \/>\n<meta property=\"og:type\" content=\"article\" \/>\n<meta property=\"og:title\" content=\"Desloca\u00e7\u00e3o a Viseu. Bilhetes \u00e0 venda a partir de amanh\u00e3 - FC Famalic\u00e3o\" \/>\n<meta property=\"og:description\" content=\"O Futebol Clube de Famalic\u00e3o joga no domingo, 23 de setembro em Viseu, jogo da 5\u00aa Jornada da Ledman Liga Pro, partida a realizar no est\u00e1dio do Fontelo. O Futebol Clube de Famalic\u00e3o disponibiliza autocarros para os s\u00f3cios que queiram acompanhar a equipa a Viseu, com reserva de lugares de&hellip;\" \/>\n<meta property=\"og:url\" content=\"https:\/\/www.fcfamalicao.pt\/en\/deslocacao-a-viseu-bilhetes-a-venda-a-partir-de-amanha\/\" \/>\n<meta property=\"og:site_name\" content=\"FC Famalic\u00e3o\" \/>\n<meta property=\"article:publisher\" content=\"https:\/\/www.facebook.com\/FCFamalicao\/\" \/>\n<meta property=\"article:published_time\" content=\"2018-09-18T12:14:58+00:00\" \/>\n<meta property=\"og:image\" content=\"https:\/\/www.fcfamalicao.pt\/wp-content\/uploads\/2018\/09\/fcf-jogos-ledman-ACVISEU-autocarro-e1537272313813.jpg\" \/>\n\t<meta property=\"og:image:width\" content=\"758\" \/>\n\t<meta property=\"og:image:height\" content=\"758\" \/>\n\t<meta property=\"og:image:type\" content=\"image\/jpeg\" \/>\n<meta name=\"author\" content=\"fcfamalicao fcfamalicao\" \/>\n<meta name=\"twitter:card\" content=\"summary_large_image\" \/>\n<meta name=\"twitter:creator\" content=\"@fcf1931_oficial\" \/>\n<meta name=\"twitter:site\" content=\"@fcf1931_oficial\" \/>\n<meta name=\"twitter:label1\" content=\"Written by\" \/>\n\t<meta name=\"twitter:data1\" content=\"fcfamalicao fcfamalicao\" \/>\n\t<meta name=\"twitter:label2\" content=\"Est. reading time\" \/>\n\t<meta name=\"twitter:data2\" content=\"1 minute\" \/>\n<script type=\"application\/ld+json\" class=\"yoast-schema-graph\">{\"@context\":\"https:\/\/schema.org\",\"@graph\":[{\"@type\":\"Article\",\"@id\":\"https:\/\/www.fcfamalicao.pt\/en\/deslocacao-a-viseu-bilhetes-a-venda-a-partir-de-amanha\/#article\",\"isPartOf\":{\"@id\":\"https:\/\/www.fcfamalicao.pt\/en\/deslocacao-a-viseu-bilhetes-a-venda-a-partir-de-amanha\/\"},\"author\":{\"name\":\"fcfamalicao fcfamalicao\",\"@id\":\"https:\/\/www.fcfamalicao.pt\/en\/#\/schema\/person\/713a4d367f5259360c363ad35dad9247\"},\"headline\":\"Desloca\u00e7\u00e3o a Viseu. Bilhetes \u00e0 venda a partir de amanh\u00e3\",\"datePublished\":\"2018-09-18T12:14:58+00:00\",\"mainEntityOfPage\":{\"@id\":\"https:\/\/www.fcfamalicao.pt\/en\/deslocacao-a-viseu-bilhetes-a-venda-a-partir-de-amanha\/\"},\"wordCount\":140,\"publisher\":{\"@id\":\"https:\/\/www.fcfamalicao.pt\/en\/#organization\"},\"image\":{\"@id\":\"https:\/\/www.fcfamalicao.pt\/en\/deslocacao-a-viseu-bilhetes-a-venda-a-partir-de-amanha\/#primaryimage\"},\"thumbnailUrl\":\"https:\/\/www.fcfamalicao.pt\/wp-content\/uploads\/2018\/09\/fcf-jogos-ledman-ACVISEU-autocarro-e1537272313813.jpg\",\"articleSection\":[\"Not\u00edcias\"],\"inLanguage\":\"en-US\"},{\"@type\":\"WebPage\",\"@id\":\"https:\/\/www.fcfamalicao.pt\/en\/deslocacao-a-viseu-bilhetes-a-venda-a-partir-de-amanha\/\",\"url\":\"https:\/\/www.fcfamalicao.pt\/en\/deslocacao-a-viseu-bilhetes-a-venda-a-partir-de-amanha\/\",\"name\":\"Desloca\u00e7\u00e3o a Viseu. Bilhetes \u00e0 venda a partir de amanh\u00e3 - FC Famalic\u00e3o\",\"isPartOf\":{\"@id\":\"https:\/\/www.fcfamalicao.pt\/en\/#website\"},\"primaryImageOfPage\":{\"@id\":\"https:\/\/www.fcfamalicao.pt\/en\/deslocacao-a-viseu-bilhetes-a-venda-a-partir-de-amanha\/#primaryimage\"},\"image\":{\"@id\":\"https:\/\/www.fcfamalicao.pt\/en\/deslocacao-a-viseu-bilhetes-a-venda-a-partir-de-amanha\/#primaryimage\"},\"thumbnailUrl\":\"https:\/\/www.fcfamalicao.pt\/wp-content\/uploads\/2018\/09\/fcf-jogos-ledman-ACVISEU-autocarro-e1537272313813.jpg\",\"datePublished\":\"2018-09-18T12:14:58+00:00\",\"breadcrumb\":{\"@id\":\"https:\/\/www.fcfamalicao.pt\/en\/deslocacao-a-viseu-bilhetes-a-venda-a-partir-de-amanha\/#breadcrumb\"},\"inLanguage\":\"en-US\",\"potentialAction\":[{\"@type\":\"ReadAction\",\"target\":[\"https:\/\/www.fcfamalicao.pt\/en\/deslocacao-a-viseu-bilhetes-a-venda-a-partir-de-amanha\/\"]}]},{\"@type\":\"ImageObject\",\"inLanguage\":\"en-US\",\"@id\":\"https:\/\/www.fcfamalicao.pt\/en\/deslocacao-a-viseu-bilhetes-a-venda-a-partir-de-amanha\/#primaryimage\",\"url\":\"https:\/\/www.fcfamalicao.pt\/wp-content\/uploads\/2018\/09\/fcf-jogos-ledman-ACVISEU-autocarro-e1537272313813.jpg\",\"contentUrl\":\"https:\/\/www.fcfamalicao.pt\/wp-content\/uploads\/2018\/09\/fcf-jogos-ledman-ACVISEU-autocarro-e1537272313813.jpg\",\"width\":758,\"height\":758},{\"@type\":\"BreadcrumbList\",\"@id\":\"https:\/\/www.fcfamalicao.pt\/en\/deslocacao-a-viseu-bilhetes-a-venda-a-partir-de-amanha\/#breadcrumb\",\"itemListElement\":[{\"@type\":\"ListItem\",\"position\":1,\"name\":\"Home\",\"item\":\"https:\/\/www.fcfamalicao.pt\/en\/\"},{\"@type\":\"ListItem\",\"position\":2,\"name\":\"Desloca\u00e7\u00e3o a Viseu. Bilhetes \u00e0 venda a partir de amanh\u00e3\"}]},{\"@type\":\"WebSite\",\"@id\":\"https:\/\/www.fcfamalicao.pt\/en\/#website\",\"url\":\"https:\/\/www.fcfamalicao.pt\/en\/\",\"name\":\"FC Famalic\u00e3o\",\"description\":\"Site oficial do Futebol Clube Famalic\u00e3o. #AMORDEPERDI\u00c7\u00c3O\",\"publisher\":{\"@id\":\"https:\/\/www.fcfamalicao.pt\/en\/#organization\"},\"potentialAction\":[{\"@type\":\"SearchAction\",\"target\":{\"@type\":\"EntryPoint\",\"urlTemplate\":\"https:\/\/www.fcfamalicao.pt\/en\/?s={search_term_string}\"},\"query-input\":{\"@type\":\"PropertyValueSpecification\",\"valueRequired\":true,\"valueName\":\"search_term_string\"}}],\"inLanguage\":\"en-US\"},{\"@type\":\"Organization\",\"@id\":\"https:\/\/www.fcfamalicao.pt\/en\/#organization\",\"name\":\"FC Famalic\u00e3o\",\"url\":\"https:\/\/www.fcfamalicao.pt\/en\/\",\"logo\":{\"@type\":\"ImageObject\",\"inLanguage\":\"en-US\",\"@id\":\"https:\/\/www.fcfamalicao.pt\/en\/#\/schema\/logo\/image\/\",\"url\":\"https:\/\/www.fcfamalicao.pt\/wp-content\/uploads\/2018\/11\/fcf-logo.png\",\"contentUrl\":\"https:\/\/www.fcfamalicao.pt\/wp-content\/uploads\/2018\/11\/fcf-logo.png\",\"width\":150,\"height\":143,\"caption\":\"FC Famalic\u00e3o\"},\"image\":{\"@id\":\"https:\/\/www.fcfamalicao.pt\/en\/#\/schema\/logo\/image\/\"},\"sameAs\":[\"https:\/\/www.facebook.com\/FCFamalicao\/\",\"https:\/\/x.com\/fcf1931_oficial\",\"https:\/\/www.instagram.com\/futebolclubefamalicao\/\",\"https:\/\/www.youtube.com\/FCFamalicao1931\"]},{\"@type\":\"Person\",\"@id\":\"https:\/\/www.fcfamalicao.pt\/en\/#\/schema\/person\/713a4d367f5259360c363ad35dad9247\",\"name\":\"fcfamalicao fcfamalicao\",\"image\":{\"@type\":\"ImageObject\",\"inLanguage\":\"en-US\",\"@id\":\"https:\/\/www.fcfamalicao.pt\/en\/#\/schema\/person\/image\/\",\"url\":\"https:\/\/secure.gravatar.com\/avatar\/b37399ebd6c6b1f9808b97ddeec50eb3b762cc626cb1e17e3a8b30044160d118?s=96&d=mm&r=g\",\"contentUrl\":\"https:\/\/secure.gravatar.com\/avatar\/b37399ebd6c6b1f9808b97ddeec50eb3b762cc626cb1e17e3a8b30044160d118?s=96&d=mm&r=g\",\"caption\":\"fcfamalicao fcfamalicao\"}}]}<\/script>\n<!-- \/ Yoast SEO plugin. -->","yoast_head_json":{"title":"Desloca\u00e7\u00e3o a Viseu. Bilhetes \u00e0 venda a partir de amanh\u00e3 - FC Famalic\u00e3o","robots":{"index":"index","follow":"follow","max-snippet":"max-snippet:-1","max-image-preview":"max-image-preview:large","max-video-preview":"max-video-preview:-1"},"canonical":"https:\/\/www.fcfamalicao.pt\/en\/deslocacao-a-viseu-bilhetes-a-venda-a-partir-de-amanha\/","og_locale":"en_US","og_type":"article","og_title":"Desloca\u00e7\u00e3o a Viseu. Bilhetes \u00e0 venda a partir de amanh\u00e3 - FC Famalic\u00e3o","og_description":"O Futebol Clube de Famalic\u00e3o joga no domingo, 23 de setembro em Viseu, jogo da 5\u00aa Jornada da Ledman Liga Pro, partida a realizar no est\u00e1dio do Fontelo. O Futebol Clube de Famalic\u00e3o disponibiliza autocarros para os s\u00f3cios que queiram acompanhar a equipa a Viseu, com reserva de lugares de&hellip;","og_url":"https:\/\/www.fcfamalicao.pt\/en\/deslocacao-a-viseu-bilhetes-a-venda-a-partir-de-amanha\/","og_site_name":"FC Famalic\u00e3o","article_publisher":"https:\/\/www.facebook.com\/FCFamalicao\/","article_published_time":"2018-09-18T12:14:58+00:00","og_image":[{"width":758,"height":758,"url":"https:\/\/www.fcfamalicao.pt\/wp-content\/uploads\/2018\/09\/fcf-jogos-ledman-ACVISEU-autocarro-e1537272313813.jpg","type":"image\/jpeg"}],"author":"fcfamalicao fcfamalicao","twitter_card":"summary_large_image","twitter_creator":"@fcf1931_oficial","twitter_site":"@fcf1931_oficial","twitter_misc":{"Written by":"fcfamalicao fcfamalicao","Est. reading time":"1 minute"},"schema":{"@context":"https:\/\/schema.org","@graph":[{"@type":"Article","@id":"https:\/\/www.fcfamalicao.pt\/en\/deslocacao-a-viseu-bilhetes-a-venda-a-partir-de-amanha\/#article","isPartOf":{"@id":"https:\/\/www.fcfamalicao.pt\/en\/deslocacao-a-viseu-bilhetes-a-venda-a-partir-de-amanha\/"},"author":{"name":"fcfamalicao fcfamalicao","@id":"https:\/\/www.fcfamalicao.pt\/en\/#\/schema\/person\/713a4d367f5259360c363ad35dad9247"},"headline":"Desloca\u00e7\u00e3o a Viseu. Bilhetes \u00e0 venda a partir de amanh\u00e3","datePublished":"2018-09-18T12:14:58+00:00","mainEntityOfPage":{"@id":"https:\/\/www.fcfamalicao.pt\/en\/deslocacao-a-viseu-bilhetes-a-venda-a-partir-de-amanha\/"},"wordCount":140,"publisher":{"@id":"https:\/\/www.fcfamalicao.pt\/en\/#organization"},"image":{"@id":"https:\/\/www.fcfamalicao.pt\/en\/deslocacao-a-viseu-bilhetes-a-venda-a-partir-de-amanha\/#primaryimage"},"thumbnailUrl":"https:\/\/www.fcfamalicao.pt\/wp-content\/uploads\/2018\/09\/fcf-jogos-ledman-ACVISEU-autocarro-e1537272313813.jpg","articleSection":["Not\u00edcias"],"inLanguage":"en-US"},{"@type":"WebPage","@id":"https:\/\/www.fcfamalicao.pt\/en\/deslocacao-a-viseu-bilhetes-a-venda-a-partir-de-amanha\/","url":"https:\/\/www.fcfamalicao.pt\/en\/deslocacao-a-viseu-bilhetes-a-venda-a-partir-de-amanha\/","name":"Desloca\u00e7\u00e3o a Viseu. Bilhetes \u00e0 venda a partir de amanh\u00e3 - FC Famalic\u00e3o","isPartOf":{"@id":"https:\/\/www.fcfamalicao.pt\/en\/#website"},"primaryImageOfPage":{"@id":"https:\/\/www.fcfamalicao.pt\/en\/deslocacao-a-viseu-bilhetes-a-venda-a-partir-de-amanha\/#primaryimage"},"image":{"@id":"https:\/\/www.fcfamalicao.pt\/en\/deslocacao-a-viseu-bilhetes-a-venda-a-partir-de-amanha\/#primaryimage"},"thumbnailUrl":"https:\/\/www.fcfamalicao.pt\/wp-content\/uploads\/2018\/09\/fcf-jogos-ledman-ACVISEU-autocarro-e1537272313813.jpg","datePublished":"2018-09-18T12:14:58+00:00","breadcrumb":{"@id":"https:\/\/www.fcfamalicao.pt\/en\/deslocacao-a-viseu-bilhetes-a-venda-a-partir-de-amanha\/#breadcrumb"},"inLanguage":"en-US","potentialAction":[{"@type":"ReadAction","target":["https:\/\/www.fcfamalicao.pt\/en\/deslocacao-a-viseu-bilhetes-a-venda-a-partir-de-amanha\/"]}]},{"@type":"ImageObject","inLanguage":"en-US","@id":"https:\/\/www.fcfamalicao.pt\/en\/deslocacao-a-viseu-bilhetes-a-venda-a-partir-de-amanha\/#primaryimage","url":"https:\/\/www.fcfamalicao.pt\/wp-content\/uploads\/2018\/09\/fcf-jogos-ledman-ACVISEU-autocarro-e1537272313813.jpg","contentUrl":"https:\/\/www.fcfamalicao.pt\/wp-content\/uploads\/2018\/09\/fcf-jogos-ledman-ACVISEU-autocarro-e1537272313813.jpg","width":758,"height":758},{"@type":"BreadcrumbList","@id":"https:\/\/www.fcfamalicao.pt\/en\/deslocacao-a-viseu-bilhetes-a-venda-a-partir-de-amanha\/#breadcrumb","itemListElement":[{"@type":"ListItem","position":1,"name":"Home","item":"https:\/\/www.fcfamalicao.pt\/en\/"},{"@type":"ListItem","position":2,"name":"Desloca\u00e7\u00e3o a Viseu. Bilhetes \u00e0 venda a partir de amanh\u00e3"}]},{"@type":"WebSite","@id":"https:\/\/www.fcfamalicao.pt\/en\/#website","url":"https:\/\/www.fcfamalicao.pt\/en\/","name":"FC Famalic\u00e3o","description":"Site oficial do Futebol Clube Famalic\u00e3o. #AMORDEPERDI\u00c7\u00c3O","publisher":{"@id":"https:\/\/www.fcfamalicao.pt\/en\/#organization"},"potentialAction":[{"@type":"SearchAction","target":{"@type":"EntryPoint","urlTemplate":"https:\/\/www.fcfamalicao.pt\/en\/?s={search_term_string}"},"query-input":{"@type":"PropertyValueSpecification","valueRequired":true,"valueName":"search_term_string"}}],"inLanguage":"en-US"},{"@type":"Organization","@id":"https:\/\/www.fcfamalicao.pt\/en\/#organization","name":"FC Famalic\u00e3o","url":"https:\/\/www.fcfamalicao.pt\/en\/","logo":{"@type":"ImageObject","inLanguage":"en-US","@id":"https:\/\/www.fcfamalicao.pt\/en\/#\/schema\/logo\/image\/","url":"https:\/\/www.fcfamalicao.pt\/wp-content\/uploads\/2018\/11\/fcf-logo.png","contentUrl":"https:\/\/www.fcfamalicao.pt\/wp-content\/uploads\/2018\/11\/fcf-logo.png","width":150,"height":143,"caption":"FC Famalic\u00e3o"},"image":{"@id":"https:\/\/www.fcfamalicao.pt\/en\/#\/schema\/logo\/image\/"},"sameAs":["https:\/\/www.facebook.com\/FCFamalicao\/","https:\/\/x.com\/fcf1931_oficial","https:\/\/www.instagram.com\/futebolclubefamalicao\/","https:\/\/www.youtube.com\/FCFamalicao1931"]},{"@type":"Person","@id":"https:\/\/www.fcfamalicao.pt\/en\/#\/schema\/person\/713a4d367f5259360c363ad35dad9247","name":"fcfamalicao fcfamalicao","image":{"@type":"ImageObject","inLanguage":"en-US","@id":"https:\/\/www.fcfamalicao.pt\/en\/#\/schema\/person\/image\/","url":"https:\/\/secure.gravatar.com\/avatar\/b37399ebd6c6b1f9808b97ddeec50eb3b762cc626cb1e17e3a8b30044160d118?s=96&d=mm&r=g","contentUrl":"https:\/\/secure.gravatar.com\/avatar\/b37399ebd6c6b1f9808b97ddeec50eb3b762cc626cb1e17e3a8b30044160d118?s=96&d=mm&r=g","caption":"fcfamalicao fcfamalicao"}}]}},"_links":{"self":[{"href":"https:\/\/www.fcfamalicao.pt\/en\/wp-json\/wp\/v2\/posts\/1126","targetHints":{"allow":["GET"]}}],"collection":[{"href":"https:\/\/www.fcfamalicao.pt\/en\/wp-json\/wp\/v2\/posts"}],"about":[{"href":"https:\/\/www.fcfamalicao.pt\/en\/wp-json\/wp\/v2\/types\/post"}],"author":[{"embeddable":true,"href":"https:\/\/www.fcfamalicao.pt\/en\/wp-json\/wp\/v2\/users\/2"}],"replies":[{"embeddable":true,"href":"https:\/\/www.fcfamalicao.pt\/en\/wp-json\/wp\/v2\/comments?post=1126"}],"version-history":[{"count":0,"href":"https:\/\/www.fcfamalicao.pt\/en\/wp-json\/wp\/v2\/posts\/1126\/revisions"}],"wp:featuredmedia":[{"embeddable":true,"href":"https:\/\/www.fcfamalicao.pt\/en\/wp-json\/wp\/v2\/media\/1127"}],"wp:attachment":[{"href":"https:\/\/www.fcfamalicao.pt\/en\/wp-json\/wp\/v2\/media?parent=1126"}],"wp:term":[{"taxonomy":"category","embeddable":true,"href":"https:\/\/www.fcfamalicao.pt\/en\/wp-json\/wp\/v2\/categories?post=1126"},{"taxonomy":"post_tag","embeddable":true,"href":"https:\/\/www.fcfamalicao.pt\/en\/wp-json\/wp\/v2\/tags?post=1126"}],"curies":[{"name":"wp","href":"https:\/\/api.w.org\/{rel}","templated":true}]}}