{"id":1497,"date":"2018-11-17T16:09:25","date_gmt":"2018-11-17T16:09:25","guid":{"rendered":"https:\/\/www.fcfamalicao.pt\/?p=1497"},"modified":"2018-11-22T11:56:43","modified_gmt":"2018-11-22T11:56:43","slug":"um-desafio-muito-dificil-os-convocados-para-o-jogo-frente-a-ud-oliveirense","status":"publish","type":"post","link":"https:\/\/www.fcfamalicao.pt\/en\/um-desafio-muito-dificil-os-convocados-para-o-jogo-frente-a-ud-oliveirense\/","title":{"rendered":"&#8220;Um desafio muito dif\u00edcil&#8221; &#8211; Os convocados para o jogo frente \u00e0 UD Oliveirense"},"content":{"rendered":"<p>O Futebol Clube de Famalic\u00e3o joga este domingo no Est\u00e1dio Municipal de Aveiro, partida antecipada da 16\u00aa jornada da Ledman LigaPro, frente ao UD Oliveirense, com in\u00edcio \u00e0s 17.00 horas.<br \/>\nS\u00e9rgio Vieira orientou a \u00faltima sess\u00e3o de treino na manh\u00e3 de hoje e depois falou aos jornalistas sobre o jogo. O treinador espera um desafio \u201cmuito dif\u00edcil, frente a um advers\u00e1rio que manteve toda a estrutura, o treinador e muitos dos jogadores da \u00e9poca transata e que tem feito bons resultado como o \u00faltimo jogo frente ao Varzim SC\u201d.<br \/>\nO treinador do FC Famalic\u00e3o aproveitou para destacar a import\u00e2ncia da massa adepta do clube e lan\u00e7ou um repto para que os adeptos compare\u00e7am em grande n\u00famero e continuem \u201ca apoiar com tem acontecido pois n\u00f3s sentimos essa for\u00e7a e essa energia por parte deles com o objetivo de trazermos os 3 pontos.\u201d<br \/>\nPara este jogo contra o UD Oliveirense, foram 18 foram os jogadores escolhidos:<br \/>\nConvocados: Rafael Defendi, Ricardo Fernandes, Hugo Gomes, \u00c2ngelo, Ricardo Silva, David Luiz, Jorge Miguel, Koffi, Capela, Ciss, Filipe Oliveira, Guzzo, Fabinho, Willian, Walterson, Feliz, Anderson e Fabricio. <\/p>\n","protected":false},"excerpt":{"rendered":"<p>O Futebol Clube de Famalic\u00e3o joga este domingo no Est\u00e1dio Municipal de Aveiro, partida antecipada da 16\u00aa jornada da Ledman LigaPro, frente ao UD Oliveirense, com in\u00edcio \u00e0s 17.00 horas. S\u00e9rgio Vieira orientou a \u00faltima sess\u00e3o de treino na manh\u00e3 de hoje e depois falou aos jornalistas sobre o jogo.&hellip;<\/p>\n","protected":false},"author":1,"featured_media":1498,"comment_status":"closed","ping_status":"closed","sticky":false,"template":"","format":"standard","meta":{"_acf_changed":false,"footnotes":""},"categories":[1],"tags":[],"class_list":["post-1497","post","type-post","status-publish","format-standard","has-post-thumbnail","hentry","category-noticias"],"acf":[],"yoast_head":"<!-- This site is optimized with the Yoast SEO plugin v27.1.1 - https:\/\/yoast.com\/product\/yoast-seo-wordpress\/ -->\n<title>&quot;Um desafio muito dif\u00edcil&quot; - Os convocados para o jogo frente \u00e0 UD Oliveirense - FC Famalic\u00e3o<\/title>\n<meta name=\"robots\" content=\"index, follow, max-snippet:-1, max-image-preview:large, max-video-preview:-1\" \/>\n<link rel=\"canonical\" href=\"https:\/\/www.fcfamalicao.pt\/en\/um-desafio-muito-dificil-os-convocados-para-o-jogo-frente-a-ud-oliveirense\/\" \/>\n<meta property=\"og:locale\" content=\"en_US\" \/>\n<meta property=\"og:type\" content=\"article\" \/>\n<meta property=\"og:title\" content=\"&quot;Um desafio muito dif\u00edcil&quot; - Os convocados para o jogo frente \u00e0 UD Oliveirense - FC Famalic\u00e3o\" \/>\n<meta property=\"og:description\" content=\"O Futebol Clube de Famalic\u00e3o joga este domingo no Est\u00e1dio Municipal de Aveiro, partida antecipada da 16\u00aa jornada da Ledman LigaPro, frente ao UD Oliveirense, com in\u00edcio \u00e0s 17.00 horas. S\u00e9rgio Vieira orientou a \u00faltima sess\u00e3o de treino na manh\u00e3 de hoje e depois falou aos jornalistas sobre o jogo.&hellip;\" \/>\n<meta property=\"og:url\" content=\"https:\/\/www.fcfamalicao.pt\/en\/um-desafio-muito-dificil-os-convocados-para-o-jogo-frente-a-ud-oliveirense\/\" \/>\n<meta property=\"og:site_name\" content=\"FC Famalic\u00e3o\" \/>\n<meta property=\"article:publisher\" content=\"https:\/\/www.facebook.com\/FCFamalicao\/\" \/>\n<meta property=\"article:published_time\" content=\"2018-11-17T16:09:25+00:00\" \/>\n<meta property=\"article:modified_time\" content=\"2018-11-22T11:56:43+00:00\" \/>\n<meta property=\"og:image\" content=\"https:\/\/www.fcfamalicao.pt\/wp-content\/uploads\/2018\/11\/udosite.jpg\" \/>\n\t<meta property=\"og:image:width\" content=\"2449\" \/>\n\t<meta property=\"og:image:height\" content=\"1632\" \/>\n\t<meta property=\"og:image:type\" content=\"image\/jpeg\" \/>\n<meta name=\"author\" content=\"brandit\" \/>\n<meta name=\"twitter:card\" content=\"summary_large_image\" \/>\n<meta name=\"twitter:creator\" content=\"@fcf1931_oficial\" \/>\n<meta name=\"twitter:site\" content=\"@fcf1931_oficial\" \/>\n<meta name=\"twitter:label1\" content=\"Written by\" \/>\n\t<meta name=\"twitter:data1\" content=\"brandit\" \/>\n\t<meta name=\"twitter:label2\" content=\"Est. reading time\" \/>\n\t<meta name=\"twitter:data2\" content=\"1 minute\" \/>\n<script type=\"application\/ld+json\" class=\"yoast-schema-graph\">{\"@context\":\"https:\/\/schema.org\",\"@graph\":[{\"@type\":\"Article\",\"@id\":\"https:\/\/www.fcfamalicao.pt\/en\/um-desafio-muito-dificil-os-convocados-para-o-jogo-frente-a-ud-oliveirense\/#article\",\"isPartOf\":{\"@id\":\"https:\/\/www.fcfamalicao.pt\/en\/um-desafio-muito-dificil-os-convocados-para-o-jogo-frente-a-ud-oliveirense\/\"},\"author\":{\"name\":\"brandit\",\"@id\":\"https:\/\/www.fcfamalicao.pt\/en\/#\/schema\/person\/5b4576c8f1274fa683ecca147f63254d\"},\"headline\":\"&#8220;Um desafio muito dif\u00edcil&#8221; &#8211; Os convocados para o jogo frente \u00e0 UD Oliveirense\",\"datePublished\":\"2018-11-17T16:09:25+00:00\",\"dateModified\":\"2018-11-22T11:56:43+00:00\",\"mainEntityOfPage\":{\"@id\":\"https:\/\/www.fcfamalicao.pt\/en\/um-desafio-muito-dificil-os-convocados-para-o-jogo-frente-a-ud-oliveirense\/\"},\"wordCount\":206,\"publisher\":{\"@id\":\"https:\/\/www.fcfamalicao.pt\/en\/#organization\"},\"image\":{\"@id\":\"https:\/\/www.fcfamalicao.pt\/en\/um-desafio-muito-dificil-os-convocados-para-o-jogo-frente-a-ud-oliveirense\/#primaryimage\"},\"thumbnailUrl\":\"https:\/\/www.fcfamalicao.pt\/wp-content\/uploads\/2018\/11\/udosite.jpg\",\"articleSection\":[\"Not\u00edcias\"],\"inLanguage\":\"en-US\"},{\"@type\":\"WebPage\",\"@id\":\"https:\/\/www.fcfamalicao.pt\/en\/um-desafio-muito-dificil-os-convocados-para-o-jogo-frente-a-ud-oliveirense\/\",\"url\":\"https:\/\/www.fcfamalicao.pt\/en\/um-desafio-muito-dificil-os-convocados-para-o-jogo-frente-a-ud-oliveirense\/\",\"name\":\"\\\"Um desafio muito dif\u00edcil\\\" - Os convocados para o jogo frente \u00e0 UD Oliveirense - FC Famalic\u00e3o\",\"isPartOf\":{\"@id\":\"https:\/\/www.fcfamalicao.pt\/en\/#website\"},\"primaryImageOfPage\":{\"@id\":\"https:\/\/www.fcfamalicao.pt\/en\/um-desafio-muito-dificil-os-convocados-para-o-jogo-frente-a-ud-oliveirense\/#primaryimage\"},\"image\":{\"@id\":\"https:\/\/www.fcfamalicao.pt\/en\/um-desafio-muito-dificil-os-convocados-para-o-jogo-frente-a-ud-oliveirense\/#primaryimage\"},\"thumbnailUrl\":\"https:\/\/www.fcfamalicao.pt\/wp-content\/uploads\/2018\/11\/udosite.jpg\",\"datePublished\":\"2018-11-17T16:09:25+00:00\",\"dateModified\":\"2018-11-22T11:56:43+00:00\",\"breadcrumb\":{\"@id\":\"https:\/\/www.fcfamalicao.pt\/en\/um-desafio-muito-dificil-os-convocados-para-o-jogo-frente-a-ud-oliveirense\/#breadcrumb\"},\"inLanguage\":\"en-US\",\"potentialAction\":[{\"@type\":\"ReadAction\",\"target\":[\"https:\/\/www.fcfamalicao.pt\/en\/um-desafio-muito-dificil-os-convocados-para-o-jogo-frente-a-ud-oliveirense\/\"]}]},{\"@type\":\"ImageObject\",\"inLanguage\":\"en-US\",\"@id\":\"https:\/\/www.fcfamalicao.pt\/en\/um-desafio-muito-dificil-os-convocados-para-o-jogo-frente-a-ud-oliveirense\/#primaryimage\",\"url\":\"https:\/\/www.fcfamalicao.pt\/wp-content\/uploads\/2018\/11\/udosite.jpg\",\"contentUrl\":\"https:\/\/www.fcfamalicao.pt\/wp-content\/uploads\/2018\/11\/udosite.jpg\",\"width\":2449,\"height\":1632},{\"@type\":\"BreadcrumbList\",\"@id\":\"https:\/\/www.fcfamalicao.pt\/en\/um-desafio-muito-dificil-os-convocados-para-o-jogo-frente-a-ud-oliveirense\/#breadcrumb\",\"itemListElement\":[{\"@type\":\"ListItem\",\"position\":1,\"name\":\"Home\",\"item\":\"https:\/\/www.fcfamalicao.pt\/en\/\"},{\"@type\":\"ListItem\",\"position\":2,\"name\":\"&#8220;Um desafio muito dif\u00edcil&#8221; &#8211; Os convocados para o jogo frente \u00e0 UD Oliveirense\"}]},{\"@type\":\"WebSite\",\"@id\":\"https:\/\/www.fcfamalicao.pt\/en\/#website\",\"url\":\"https:\/\/www.fcfamalicao.pt\/en\/\",\"name\":\"FC Famalic\u00e3o\",\"description\":\"Site oficial do Futebol Clube Famalic\u00e3o. #AMORDEPERDI\u00c7\u00c3O\",\"publisher\":{\"@id\":\"https:\/\/www.fcfamalicao.pt\/en\/#organization\"},\"potentialAction\":[{\"@type\":\"SearchAction\",\"target\":{\"@type\":\"EntryPoint\",\"urlTemplate\":\"https:\/\/www.fcfamalicao.pt\/en\/?s={search_term_string}\"},\"query-input\":{\"@type\":\"PropertyValueSpecification\",\"valueRequired\":true,\"valueName\":\"search_term_string\"}}],\"inLanguage\":\"en-US\"},{\"@type\":\"Organization\",\"@id\":\"https:\/\/www.fcfamalicao.pt\/en\/#organization\",\"name\":\"FC Famalic\u00e3o\",\"url\":\"https:\/\/www.fcfamalicao.pt\/en\/\",\"logo\":{\"@type\":\"ImageObject\",\"inLanguage\":\"en-US\",\"@id\":\"https:\/\/www.fcfamalicao.pt\/en\/#\/schema\/logo\/image\/\",\"url\":\"https:\/\/www.fcfamalicao.pt\/wp-content\/uploads\/2018\/11\/fcf-logo.png\",\"contentUrl\":\"https:\/\/www.fcfamalicao.pt\/wp-content\/uploads\/2018\/11\/fcf-logo.png\",\"width\":150,\"height\":143,\"caption\":\"FC Famalic\u00e3o\"},\"image\":{\"@id\":\"https:\/\/www.fcfamalicao.pt\/en\/#\/schema\/logo\/image\/\"},\"sameAs\":[\"https:\/\/www.facebook.com\/FCFamalicao\/\",\"https:\/\/x.com\/fcf1931_oficial\",\"https:\/\/www.instagram.com\/futebolclubefamalicao\/\",\"https:\/\/www.youtube.com\/FCFamalicao1931\"]},{\"@type\":\"Person\",\"@id\":\"https:\/\/www.fcfamalicao.pt\/en\/#\/schema\/person\/5b4576c8f1274fa683ecca147f63254d\",\"name\":\"brandit\",\"image\":{\"@type\":\"ImageObject\",\"inLanguage\":\"en-US\",\"@id\":\"https:\/\/www.fcfamalicao.pt\/en\/#\/schema\/person\/image\/\",\"url\":\"https:\/\/secure.gravatar.com\/avatar\/93622cdf179b24b3dc8e25ee6f229f93b088c84fae9795aba957f03f175a819a?s=96&d=mm&r=g\",\"contentUrl\":\"https:\/\/secure.gravatar.com\/avatar\/93622cdf179b24b3dc8e25ee6f229f93b088c84fae9795aba957f03f175a819a?s=96&d=mm&r=g\",\"caption\":\"brandit\"}}]}<\/script>\n<!-- \/ Yoast SEO plugin. -->","yoast_head_json":{"title":"\"Um desafio muito dif\u00edcil\" - Os convocados para o jogo frente \u00e0 UD Oliveirense - FC Famalic\u00e3o","robots":{"index":"index","follow":"follow","max-snippet":"max-snippet:-1","max-image-preview":"max-image-preview:large","max-video-preview":"max-video-preview:-1"},"canonical":"https:\/\/www.fcfamalicao.pt\/en\/um-desafio-muito-dificil-os-convocados-para-o-jogo-frente-a-ud-oliveirense\/","og_locale":"en_US","og_type":"article","og_title":"\"Um desafio muito dif\u00edcil\" - Os convocados para o jogo frente \u00e0 UD Oliveirense - FC Famalic\u00e3o","og_description":"O Futebol Clube de Famalic\u00e3o joga este domingo no Est\u00e1dio Municipal de Aveiro, partida antecipada da 16\u00aa jornada da Ledman LigaPro, frente ao UD Oliveirense, com in\u00edcio \u00e0s 17.00 horas. S\u00e9rgio Vieira orientou a \u00faltima sess\u00e3o de treino na manh\u00e3 de hoje e depois falou aos jornalistas sobre o jogo.&hellip;","og_url":"https:\/\/www.fcfamalicao.pt\/en\/um-desafio-muito-dificil-os-convocados-para-o-jogo-frente-a-ud-oliveirense\/","og_site_name":"FC Famalic\u00e3o","article_publisher":"https:\/\/www.facebook.com\/FCFamalicao\/","article_published_time":"2018-11-17T16:09:25+00:00","article_modified_time":"2018-11-22T11:56:43+00:00","og_image":[{"width":2449,"height":1632,"url":"https:\/\/www.fcfamalicao.pt\/wp-content\/uploads\/2018\/11\/udosite.jpg","type":"image\/jpeg"}],"author":"brandit","twitter_card":"summary_large_image","twitter_creator":"@fcf1931_oficial","twitter_site":"@fcf1931_oficial","twitter_misc":{"Written by":"brandit","Est. reading time":"1 minute"},"schema":{"@context":"https:\/\/schema.org","@graph":[{"@type":"Article","@id":"https:\/\/www.fcfamalicao.pt\/en\/um-desafio-muito-dificil-os-convocados-para-o-jogo-frente-a-ud-oliveirense\/#article","isPartOf":{"@id":"https:\/\/www.fcfamalicao.pt\/en\/um-desafio-muito-dificil-os-convocados-para-o-jogo-frente-a-ud-oliveirense\/"},"author":{"name":"brandit","@id":"https:\/\/www.fcfamalicao.pt\/en\/#\/schema\/person\/5b4576c8f1274fa683ecca147f63254d"},"headline":"&#8220;Um desafio muito dif\u00edcil&#8221; &#8211; Os convocados para o jogo frente \u00e0 UD Oliveirense","datePublished":"2018-11-17T16:09:25+00:00","dateModified":"2018-11-22T11:56:43+00:00","mainEntityOfPage":{"@id":"https:\/\/www.fcfamalicao.pt\/en\/um-desafio-muito-dificil-os-convocados-para-o-jogo-frente-a-ud-oliveirense\/"},"wordCount":206,"publisher":{"@id":"https:\/\/www.fcfamalicao.pt\/en\/#organization"},"image":{"@id":"https:\/\/www.fcfamalicao.pt\/en\/um-desafio-muito-dificil-os-convocados-para-o-jogo-frente-a-ud-oliveirense\/#primaryimage"},"thumbnailUrl":"https:\/\/www.fcfamalicao.pt\/wp-content\/uploads\/2018\/11\/udosite.jpg","articleSection":["Not\u00edcias"],"inLanguage":"en-US"},{"@type":"WebPage","@id":"https:\/\/www.fcfamalicao.pt\/en\/um-desafio-muito-dificil-os-convocados-para-o-jogo-frente-a-ud-oliveirense\/","url":"https:\/\/www.fcfamalicao.pt\/en\/um-desafio-muito-dificil-os-convocados-para-o-jogo-frente-a-ud-oliveirense\/","name":"\"Um desafio muito dif\u00edcil\" - Os convocados para o jogo frente \u00e0 UD Oliveirense - FC Famalic\u00e3o","isPartOf":{"@id":"https:\/\/www.fcfamalicao.pt\/en\/#website"},"primaryImageOfPage":{"@id":"https:\/\/www.fcfamalicao.pt\/en\/um-desafio-muito-dificil-os-convocados-para-o-jogo-frente-a-ud-oliveirense\/#primaryimage"},"image":{"@id":"https:\/\/www.fcfamalicao.pt\/en\/um-desafio-muito-dificil-os-convocados-para-o-jogo-frente-a-ud-oliveirense\/#primaryimage"},"thumbnailUrl":"https:\/\/www.fcfamalicao.pt\/wp-content\/uploads\/2018\/11\/udosite.jpg","datePublished":"2018-11-17T16:09:25+00:00","dateModified":"2018-11-22T11:56:43+00:00","breadcrumb":{"@id":"https:\/\/www.fcfamalicao.pt\/en\/um-desafio-muito-dificil-os-convocados-para-o-jogo-frente-a-ud-oliveirense\/#breadcrumb"},"inLanguage":"en-US","potentialAction":[{"@type":"ReadAction","target":["https:\/\/www.fcfamalicao.pt\/en\/um-desafio-muito-dificil-os-convocados-para-o-jogo-frente-a-ud-oliveirense\/"]}]},{"@type":"ImageObject","inLanguage":"en-US","@id":"https:\/\/www.fcfamalicao.pt\/en\/um-desafio-muito-dificil-os-convocados-para-o-jogo-frente-a-ud-oliveirense\/#primaryimage","url":"https:\/\/www.fcfamalicao.pt\/wp-content\/uploads\/2018\/11\/udosite.jpg","contentUrl":"https:\/\/www.fcfamalicao.pt\/wp-content\/uploads\/2018\/11\/udosite.jpg","width":2449,"height":1632},{"@type":"BreadcrumbList","@id":"https:\/\/www.fcfamalicao.pt\/en\/um-desafio-muito-dificil-os-convocados-para-o-jogo-frente-a-ud-oliveirense\/#breadcrumb","itemListElement":[{"@type":"ListItem","position":1,"name":"Home","item":"https:\/\/www.fcfamalicao.pt\/en\/"},{"@type":"ListItem","position":2,"name":"&#8220;Um desafio muito dif\u00edcil&#8221; &#8211; Os convocados para o jogo frente \u00e0 UD Oliveirense"}]},{"@type":"WebSite","@id":"https:\/\/www.fcfamalicao.pt\/en\/#website","url":"https:\/\/www.fcfamalicao.pt\/en\/","name":"FC Famalic\u00e3o","description":"Site oficial do Futebol Clube Famalic\u00e3o. #AMORDEPERDI\u00c7\u00c3O","publisher":{"@id":"https:\/\/www.fcfamalicao.pt\/en\/#organization"},"potentialAction":[{"@type":"SearchAction","target":{"@type":"EntryPoint","urlTemplate":"https:\/\/www.fcfamalicao.pt\/en\/?s={search_term_string}"},"query-input":{"@type":"PropertyValueSpecification","valueRequired":true,"valueName":"search_term_string"}}],"inLanguage":"en-US"},{"@type":"Organization","@id":"https:\/\/www.fcfamalicao.pt\/en\/#organization","name":"FC Famalic\u00e3o","url":"https:\/\/www.fcfamalicao.pt\/en\/","logo":{"@type":"ImageObject","inLanguage":"en-US","@id":"https:\/\/www.fcfamalicao.pt\/en\/#\/schema\/logo\/image\/","url":"https:\/\/www.fcfamalicao.pt\/wp-content\/uploads\/2018\/11\/fcf-logo.png","contentUrl":"https:\/\/www.fcfamalicao.pt\/wp-content\/uploads\/2018\/11\/fcf-logo.png","width":150,"height":143,"caption":"FC Famalic\u00e3o"},"image":{"@id":"https:\/\/www.fcfamalicao.pt\/en\/#\/schema\/logo\/image\/"},"sameAs":["https:\/\/www.facebook.com\/FCFamalicao\/","https:\/\/x.com\/fcf1931_oficial","https:\/\/www.instagram.com\/futebolclubefamalicao\/","https:\/\/www.youtube.com\/FCFamalicao1931"]},{"@type":"Person","@id":"https:\/\/www.fcfamalicao.pt\/en\/#\/schema\/person\/5b4576c8f1274fa683ecca147f63254d","name":"brandit","image":{"@type":"ImageObject","inLanguage":"en-US","@id":"https:\/\/www.fcfamalicao.pt\/en\/#\/schema\/person\/image\/","url":"https:\/\/secure.gravatar.com\/avatar\/93622cdf179b24b3dc8e25ee6f229f93b088c84fae9795aba957f03f175a819a?s=96&d=mm&r=g","contentUrl":"https:\/\/secure.gravatar.com\/avatar\/93622cdf179b24b3dc8e25ee6f229f93b088c84fae9795aba957f03f175a819a?s=96&d=mm&r=g","caption":"brandit"}}]}},"_links":{"self":[{"href":"https:\/\/www.fcfamalicao.pt\/en\/wp-json\/wp\/v2\/posts\/1497","targetHints":{"allow":["GET"]}}],"collection":[{"href":"https:\/\/www.fcfamalicao.pt\/en\/wp-json\/wp\/v2\/posts"}],"about":[{"href":"https:\/\/www.fcfamalicao.pt\/en\/wp-json\/wp\/v2\/types\/post"}],"author":[{"embeddable":true,"href":"https:\/\/www.fcfamalicao.pt\/en\/wp-json\/wp\/v2\/users\/1"}],"replies":[{"embeddable":true,"href":"https:\/\/www.fcfamalicao.pt\/en\/wp-json\/wp\/v2\/comments?post=1497"}],"version-history":[{"count":0,"href":"https:\/\/www.fcfamalicao.pt\/en\/wp-json\/wp\/v2\/posts\/1497\/revisions"}],"wp:featuredmedia":[{"embeddable":true,"href":"https:\/\/www.fcfamalicao.pt\/en\/wp-json\/wp\/v2\/media\/1498"}],"wp:attachment":[{"href":"https:\/\/www.fcfamalicao.pt\/en\/wp-json\/wp\/v2\/media?parent=1497"}],"wp:term":[{"taxonomy":"category","embeddable":true,"href":"https:\/\/www.fcfamalicao.pt\/en\/wp-json\/wp\/v2\/categories?post=1497"},{"taxonomy":"post_tag","embeddable":true,"href":"https:\/\/www.fcfamalicao.pt\/en\/wp-json\/wp\/v2\/tags?post=1497"}],"curies":[{"name":"wp","href":"https:\/\/api.w.org\/{rel}","templated":true}]}}