{"id":15009,"date":"2021-05-24T09:35:36","date_gmt":"2021-05-24T09:35:36","guid":{"rendered":"https:\/\/www.fcfamalicao.pt\/?p=15009"},"modified":"2021-05-24T09:35:36","modified_gmt":"2021-05-24T09:35:36","slug":"resultados-das-equipas-de-formacao","status":"publish","type":"post","link":"https:\/\/www.fcfamalicao.pt\/en\/resultados-das-equipas-de-formacao\/","title":{"rendered":"Resultados das equipas de forma\u00e7\u00e3o"},"content":{"rendered":"<p>As equipas de forma\u00e7\u00e3o do Futebol Clube de Famalic\u00e3o completaram, este fim de semana, mais uma jornada dos respetivos campeonatos.<\/p>\n<p>Os sub-19 assumiram a lideran\u00e7a da S\u00e9rie C do Torneio Nacional da I Divis\u00e3o depois de vencer, em Vila do Conde, o Rio Ave Futebol Clube por 1-3. A equipa orientada por Jos\u00e9 Vila\u00e7a partilha o topo da prova com os vilacondenses, tendo ambos os conjuntos quatro pontos.<\/p>\n<p>Ainda neste escal\u00e3o mas em jogo a contar para o Torneio de Esperan\u00e7a da Associa\u00e7\u00e3o de Futebol de Braga, o Futebol Clube de Famalic\u00e3o goleou (9-0) o Oper\u00e1rio Futebol Clube e manteve o estatuto de comandante da S\u00e9rie 6.<\/p>\n<p>Em sub-17, o Futebol Clube de Famalic\u00e3o empatou a duas bolas no terreno do Padroense Futebol Clube e \u00e9 terceiro classificado da S\u00e9rie B do Torneio Nacional.<\/p>\n<p>A n\u00edvel distrital, o clube famalicense imp\u00f4s-se no duelo concelhio frente ao Oper\u00e1rio Futebol Clube e arrancou nova vit\u00f3ria (0-9) na S\u00e9rie 7 do Torneio de Esperan\u00e7a. O Futebol Clube de Famalic\u00e3o ostenta o estatuto de l\u00edder da s\u00e9rie, com duas vit\u00f3rias em igual n\u00famero de jogos.<\/p>\n<p>Por fim, a equipa sub-15 saiu derrotada (0-2) da rece\u00e7\u00e3o \u00e0 Associa\u00e7\u00e3o Desportiva de S\u00e3o Pedro Vale do Conde, sendo uma das tr\u00eas equipas com tr\u00eas pontos na S\u00e9rie D do Torneio Nacional.<\/p>\n","protected":false},"excerpt":{"rendered":"<p>As equipas de forma\u00e7\u00e3o do Futebol Clube de Famalic\u00e3o completaram, este fim de semana, mais uma jornada dos respetivos campeonatos. Os sub-19 assumiram a lideran\u00e7a da S\u00e9rie C do Torneio Nacional da I Divis\u00e3o depois de vencer, em Vila do Conde, o Rio Ave Futebol Clube por 1-3. A equipa&hellip;<\/p>\n","protected":false},"author":2,"featured_media":15010,"comment_status":"closed","ping_status":"closed","sticky":false,"template":"","format":"standard","meta":{"_acf_changed":false,"footnotes":""},"categories":[1],"tags":[],"class_list":["post-15009","post","type-post","status-publish","format-standard","has-post-thumbnail","hentry","category-noticias"],"acf":[],"yoast_head":"<!-- This site is optimized with the Yoast SEO plugin v27.1.1 - https:\/\/yoast.com\/product\/yoast-seo-wordpress\/ -->\n<title>Resultados das equipas de forma\u00e7\u00e3o - FC Famalic\u00e3o<\/title>\n<meta name=\"robots\" content=\"index, follow, max-snippet:-1, max-image-preview:large, max-video-preview:-1\" \/>\n<link rel=\"canonical\" href=\"https:\/\/www.fcfamalicao.pt\/en\/resultados-das-equipas-de-formacao\/\" \/>\n<meta property=\"og:locale\" content=\"en_US\" \/>\n<meta property=\"og:type\" content=\"article\" \/>\n<meta property=\"og:title\" content=\"Resultados das equipas de forma\u00e7\u00e3o - FC Famalic\u00e3o\" \/>\n<meta property=\"og:description\" content=\"As equipas de forma\u00e7\u00e3o do Futebol Clube de Famalic\u00e3o completaram, este fim de semana, mais uma jornada dos respetivos campeonatos. Os sub-19 assumiram a lideran\u00e7a da S\u00e9rie C do Torneio Nacional da I Divis\u00e3o depois de vencer, em Vila do Conde, o Rio Ave Futebol Clube por 1-3. A equipa&hellip;\" \/>\n<meta property=\"og:url\" content=\"https:\/\/www.fcfamalicao.pt\/en\/resultados-das-equipas-de-formacao\/\" \/>\n<meta property=\"og:site_name\" content=\"FC Famalic\u00e3o\" \/>\n<meta property=\"article:publisher\" content=\"https:\/\/www.facebook.com\/FCFamalicao\/\" \/>\n<meta property=\"article:published_time\" content=\"2021-05-24T09:35:36+00:00\" \/>\n<meta property=\"og:image\" content=\"https:\/\/www.fcfamalicao.pt\/wp-content\/uploads\/2021\/05\/Sub-19-1-scaled.jpg\" \/>\n\t<meta property=\"og:image:width\" content=\"2560\" \/>\n\t<meta property=\"og:image:height\" content=\"1707\" \/>\n\t<meta property=\"og:image:type\" content=\"image\/jpeg\" \/>\n<meta name=\"author\" content=\"fcfamalicao fcfamalicao\" \/>\n<meta name=\"twitter:card\" content=\"summary_large_image\" \/>\n<meta name=\"twitter:creator\" content=\"@fcf1931_oficial\" \/>\n<meta name=\"twitter:site\" content=\"@fcf1931_oficial\" \/>\n<meta name=\"twitter:label1\" content=\"Written by\" \/>\n\t<meta name=\"twitter:data1\" content=\"fcfamalicao fcfamalicao\" \/>\n\t<meta name=\"twitter:label2\" content=\"Est. reading time\" \/>\n\t<meta name=\"twitter:data2\" content=\"1 minute\" \/>\n<script type=\"application\/ld+json\" class=\"yoast-schema-graph\">{\"@context\":\"https:\/\/schema.org\",\"@graph\":[{\"@type\":\"Article\",\"@id\":\"https:\/\/www.fcfamalicao.pt\/en\/resultados-das-equipas-de-formacao\/#article\",\"isPartOf\":{\"@id\":\"https:\/\/www.fcfamalicao.pt\/en\/resultados-das-equipas-de-formacao\/\"},\"author\":{\"name\":\"fcfamalicao fcfamalicao\",\"@id\":\"https:\/\/www.fcfamalicao.pt\/en\/#\/schema\/person\/713a4d367f5259360c363ad35dad9247\"},\"headline\":\"Resultados das equipas de forma\u00e7\u00e3o\",\"datePublished\":\"2021-05-24T09:35:36+00:00\",\"mainEntityOfPage\":{\"@id\":\"https:\/\/www.fcfamalicao.pt\/en\/resultados-das-equipas-de-formacao\/\"},\"wordCount\":247,\"publisher\":{\"@id\":\"https:\/\/www.fcfamalicao.pt\/en\/#organization\"},\"image\":{\"@id\":\"https:\/\/www.fcfamalicao.pt\/en\/resultados-das-equipas-de-formacao\/#primaryimage\"},\"thumbnailUrl\":\"https:\/\/www.fcfamalicao.pt\/wp-content\/uploads\/2021\/05\/Sub-19-1-scaled.jpg\",\"articleSection\":[\"Not\u00edcias\"],\"inLanguage\":\"en-US\"},{\"@type\":\"WebPage\",\"@id\":\"https:\/\/www.fcfamalicao.pt\/en\/resultados-das-equipas-de-formacao\/\",\"url\":\"https:\/\/www.fcfamalicao.pt\/en\/resultados-das-equipas-de-formacao\/\",\"name\":\"Resultados das equipas de forma\u00e7\u00e3o - FC Famalic\u00e3o\",\"isPartOf\":{\"@id\":\"https:\/\/www.fcfamalicao.pt\/en\/#website\"},\"primaryImageOfPage\":{\"@id\":\"https:\/\/www.fcfamalicao.pt\/en\/resultados-das-equipas-de-formacao\/#primaryimage\"},\"image\":{\"@id\":\"https:\/\/www.fcfamalicao.pt\/en\/resultados-das-equipas-de-formacao\/#primaryimage\"},\"thumbnailUrl\":\"https:\/\/www.fcfamalicao.pt\/wp-content\/uploads\/2021\/05\/Sub-19-1-scaled.jpg\",\"datePublished\":\"2021-05-24T09:35:36+00:00\",\"breadcrumb\":{\"@id\":\"https:\/\/www.fcfamalicao.pt\/en\/resultados-das-equipas-de-formacao\/#breadcrumb\"},\"inLanguage\":\"en-US\",\"potentialAction\":[{\"@type\":\"ReadAction\",\"target\":[\"https:\/\/www.fcfamalicao.pt\/en\/resultados-das-equipas-de-formacao\/\"]}]},{\"@type\":\"ImageObject\",\"inLanguage\":\"en-US\",\"@id\":\"https:\/\/www.fcfamalicao.pt\/en\/resultados-das-equipas-de-formacao\/#primaryimage\",\"url\":\"https:\/\/www.fcfamalicao.pt\/wp-content\/uploads\/2021\/05\/Sub-19-1-scaled.jpg\",\"contentUrl\":\"https:\/\/www.fcfamalicao.pt\/wp-content\/uploads\/2021\/05\/Sub-19-1-scaled.jpg\",\"width\":2560,\"height\":1707},{\"@type\":\"BreadcrumbList\",\"@id\":\"https:\/\/www.fcfamalicao.pt\/en\/resultados-das-equipas-de-formacao\/#breadcrumb\",\"itemListElement\":[{\"@type\":\"ListItem\",\"position\":1,\"name\":\"Home\",\"item\":\"https:\/\/www.fcfamalicao.pt\/en\/\"},{\"@type\":\"ListItem\",\"position\":2,\"name\":\"Resultados das equipas de forma\u00e7\u00e3o\"}]},{\"@type\":\"WebSite\",\"@id\":\"https:\/\/www.fcfamalicao.pt\/en\/#website\",\"url\":\"https:\/\/www.fcfamalicao.pt\/en\/\",\"name\":\"FC Famalic\u00e3o\",\"description\":\"Site oficial do Futebol Clube Famalic\u00e3o. #AMORDEPERDI\u00c7\u00c3O\",\"publisher\":{\"@id\":\"https:\/\/www.fcfamalicao.pt\/en\/#organization\"},\"potentialAction\":[{\"@type\":\"SearchAction\",\"target\":{\"@type\":\"EntryPoint\",\"urlTemplate\":\"https:\/\/www.fcfamalicao.pt\/en\/?s={search_term_string}\"},\"query-input\":{\"@type\":\"PropertyValueSpecification\",\"valueRequired\":true,\"valueName\":\"search_term_string\"}}],\"inLanguage\":\"en-US\"},{\"@type\":\"Organization\",\"@id\":\"https:\/\/www.fcfamalicao.pt\/en\/#organization\",\"name\":\"FC Famalic\u00e3o\",\"url\":\"https:\/\/www.fcfamalicao.pt\/en\/\",\"logo\":{\"@type\":\"ImageObject\",\"inLanguage\":\"en-US\",\"@id\":\"https:\/\/www.fcfamalicao.pt\/en\/#\/schema\/logo\/image\/\",\"url\":\"https:\/\/www.fcfamalicao.pt\/wp-content\/uploads\/2018\/11\/fcf-logo.png\",\"contentUrl\":\"https:\/\/www.fcfamalicao.pt\/wp-content\/uploads\/2018\/11\/fcf-logo.png\",\"width\":150,\"height\":143,\"caption\":\"FC Famalic\u00e3o\"},\"image\":{\"@id\":\"https:\/\/www.fcfamalicao.pt\/en\/#\/schema\/logo\/image\/\"},\"sameAs\":[\"https:\/\/www.facebook.com\/FCFamalicao\/\",\"https:\/\/x.com\/fcf1931_oficial\",\"https:\/\/www.instagram.com\/futebolclubefamalicao\/\",\"https:\/\/www.youtube.com\/FCFamalicao1931\"]},{\"@type\":\"Person\",\"@id\":\"https:\/\/www.fcfamalicao.pt\/en\/#\/schema\/person\/713a4d367f5259360c363ad35dad9247\",\"name\":\"fcfamalicao fcfamalicao\",\"image\":{\"@type\":\"ImageObject\",\"inLanguage\":\"en-US\",\"@id\":\"https:\/\/www.fcfamalicao.pt\/en\/#\/schema\/person\/image\/\",\"url\":\"https:\/\/secure.gravatar.com\/avatar\/b37399ebd6c6b1f9808b97ddeec50eb3b762cc626cb1e17e3a8b30044160d118?s=96&d=mm&r=g\",\"contentUrl\":\"https:\/\/secure.gravatar.com\/avatar\/b37399ebd6c6b1f9808b97ddeec50eb3b762cc626cb1e17e3a8b30044160d118?s=96&d=mm&r=g\",\"caption\":\"fcfamalicao fcfamalicao\"}}]}<\/script>\n<!-- \/ Yoast SEO plugin. -->","yoast_head_json":{"title":"Resultados das equipas de forma\u00e7\u00e3o - FC Famalic\u00e3o","robots":{"index":"index","follow":"follow","max-snippet":"max-snippet:-1","max-image-preview":"max-image-preview:large","max-video-preview":"max-video-preview:-1"},"canonical":"https:\/\/www.fcfamalicao.pt\/en\/resultados-das-equipas-de-formacao\/","og_locale":"en_US","og_type":"article","og_title":"Resultados das equipas de forma\u00e7\u00e3o - FC Famalic\u00e3o","og_description":"As equipas de forma\u00e7\u00e3o do Futebol Clube de Famalic\u00e3o completaram, este fim de semana, mais uma jornada dos respetivos campeonatos. Os sub-19 assumiram a lideran\u00e7a da S\u00e9rie C do Torneio Nacional da I Divis\u00e3o depois de vencer, em Vila do Conde, o Rio Ave Futebol Clube por 1-3. A equipa&hellip;","og_url":"https:\/\/www.fcfamalicao.pt\/en\/resultados-das-equipas-de-formacao\/","og_site_name":"FC Famalic\u00e3o","article_publisher":"https:\/\/www.facebook.com\/FCFamalicao\/","article_published_time":"2021-05-24T09:35:36+00:00","og_image":[{"width":2560,"height":1707,"url":"https:\/\/www.fcfamalicao.pt\/wp-content\/uploads\/2021\/05\/Sub-19-1-scaled.jpg","type":"image\/jpeg"}],"author":"fcfamalicao fcfamalicao","twitter_card":"summary_large_image","twitter_creator":"@fcf1931_oficial","twitter_site":"@fcf1931_oficial","twitter_misc":{"Written by":"fcfamalicao fcfamalicao","Est. reading time":"1 minute"},"schema":{"@context":"https:\/\/schema.org","@graph":[{"@type":"Article","@id":"https:\/\/www.fcfamalicao.pt\/en\/resultados-das-equipas-de-formacao\/#article","isPartOf":{"@id":"https:\/\/www.fcfamalicao.pt\/en\/resultados-das-equipas-de-formacao\/"},"author":{"name":"fcfamalicao fcfamalicao","@id":"https:\/\/www.fcfamalicao.pt\/en\/#\/schema\/person\/713a4d367f5259360c363ad35dad9247"},"headline":"Resultados das equipas de forma\u00e7\u00e3o","datePublished":"2021-05-24T09:35:36+00:00","mainEntityOfPage":{"@id":"https:\/\/www.fcfamalicao.pt\/en\/resultados-das-equipas-de-formacao\/"},"wordCount":247,"publisher":{"@id":"https:\/\/www.fcfamalicao.pt\/en\/#organization"},"image":{"@id":"https:\/\/www.fcfamalicao.pt\/en\/resultados-das-equipas-de-formacao\/#primaryimage"},"thumbnailUrl":"https:\/\/www.fcfamalicao.pt\/wp-content\/uploads\/2021\/05\/Sub-19-1-scaled.jpg","articleSection":["Not\u00edcias"],"inLanguage":"en-US"},{"@type":"WebPage","@id":"https:\/\/www.fcfamalicao.pt\/en\/resultados-das-equipas-de-formacao\/","url":"https:\/\/www.fcfamalicao.pt\/en\/resultados-das-equipas-de-formacao\/","name":"Resultados das equipas de forma\u00e7\u00e3o - FC Famalic\u00e3o","isPartOf":{"@id":"https:\/\/www.fcfamalicao.pt\/en\/#website"},"primaryImageOfPage":{"@id":"https:\/\/www.fcfamalicao.pt\/en\/resultados-das-equipas-de-formacao\/#primaryimage"},"image":{"@id":"https:\/\/www.fcfamalicao.pt\/en\/resultados-das-equipas-de-formacao\/#primaryimage"},"thumbnailUrl":"https:\/\/www.fcfamalicao.pt\/wp-content\/uploads\/2021\/05\/Sub-19-1-scaled.jpg","datePublished":"2021-05-24T09:35:36+00:00","breadcrumb":{"@id":"https:\/\/www.fcfamalicao.pt\/en\/resultados-das-equipas-de-formacao\/#breadcrumb"},"inLanguage":"en-US","potentialAction":[{"@type":"ReadAction","target":["https:\/\/www.fcfamalicao.pt\/en\/resultados-das-equipas-de-formacao\/"]}]},{"@type":"ImageObject","inLanguage":"en-US","@id":"https:\/\/www.fcfamalicao.pt\/en\/resultados-das-equipas-de-formacao\/#primaryimage","url":"https:\/\/www.fcfamalicao.pt\/wp-content\/uploads\/2021\/05\/Sub-19-1-scaled.jpg","contentUrl":"https:\/\/www.fcfamalicao.pt\/wp-content\/uploads\/2021\/05\/Sub-19-1-scaled.jpg","width":2560,"height":1707},{"@type":"BreadcrumbList","@id":"https:\/\/www.fcfamalicao.pt\/en\/resultados-das-equipas-de-formacao\/#breadcrumb","itemListElement":[{"@type":"ListItem","position":1,"name":"Home","item":"https:\/\/www.fcfamalicao.pt\/en\/"},{"@type":"ListItem","position":2,"name":"Resultados das equipas de forma\u00e7\u00e3o"}]},{"@type":"WebSite","@id":"https:\/\/www.fcfamalicao.pt\/en\/#website","url":"https:\/\/www.fcfamalicao.pt\/en\/","name":"FC Famalic\u00e3o","description":"Site oficial do Futebol Clube Famalic\u00e3o. #AMORDEPERDI\u00c7\u00c3O","publisher":{"@id":"https:\/\/www.fcfamalicao.pt\/en\/#organization"},"potentialAction":[{"@type":"SearchAction","target":{"@type":"EntryPoint","urlTemplate":"https:\/\/www.fcfamalicao.pt\/en\/?s={search_term_string}"},"query-input":{"@type":"PropertyValueSpecification","valueRequired":true,"valueName":"search_term_string"}}],"inLanguage":"en-US"},{"@type":"Organization","@id":"https:\/\/www.fcfamalicao.pt\/en\/#organization","name":"FC Famalic\u00e3o","url":"https:\/\/www.fcfamalicao.pt\/en\/","logo":{"@type":"ImageObject","inLanguage":"en-US","@id":"https:\/\/www.fcfamalicao.pt\/en\/#\/schema\/logo\/image\/","url":"https:\/\/www.fcfamalicao.pt\/wp-content\/uploads\/2018\/11\/fcf-logo.png","contentUrl":"https:\/\/www.fcfamalicao.pt\/wp-content\/uploads\/2018\/11\/fcf-logo.png","width":150,"height":143,"caption":"FC Famalic\u00e3o"},"image":{"@id":"https:\/\/www.fcfamalicao.pt\/en\/#\/schema\/logo\/image\/"},"sameAs":["https:\/\/www.facebook.com\/FCFamalicao\/","https:\/\/x.com\/fcf1931_oficial","https:\/\/www.instagram.com\/futebolclubefamalicao\/","https:\/\/www.youtube.com\/FCFamalicao1931"]},{"@type":"Person","@id":"https:\/\/www.fcfamalicao.pt\/en\/#\/schema\/person\/713a4d367f5259360c363ad35dad9247","name":"fcfamalicao fcfamalicao","image":{"@type":"ImageObject","inLanguage":"en-US","@id":"https:\/\/www.fcfamalicao.pt\/en\/#\/schema\/person\/image\/","url":"https:\/\/secure.gravatar.com\/avatar\/b37399ebd6c6b1f9808b97ddeec50eb3b762cc626cb1e17e3a8b30044160d118?s=96&d=mm&r=g","contentUrl":"https:\/\/secure.gravatar.com\/avatar\/b37399ebd6c6b1f9808b97ddeec50eb3b762cc626cb1e17e3a8b30044160d118?s=96&d=mm&r=g","caption":"fcfamalicao fcfamalicao"}}]}},"_links":{"self":[{"href":"https:\/\/www.fcfamalicao.pt\/en\/wp-json\/wp\/v2\/posts\/15009","targetHints":{"allow":["GET"]}}],"collection":[{"href":"https:\/\/www.fcfamalicao.pt\/en\/wp-json\/wp\/v2\/posts"}],"about":[{"href":"https:\/\/www.fcfamalicao.pt\/en\/wp-json\/wp\/v2\/types\/post"}],"author":[{"embeddable":true,"href":"https:\/\/www.fcfamalicao.pt\/en\/wp-json\/wp\/v2\/users\/2"}],"replies":[{"embeddable":true,"href":"https:\/\/www.fcfamalicao.pt\/en\/wp-json\/wp\/v2\/comments?post=15009"}],"version-history":[{"count":0,"href":"https:\/\/www.fcfamalicao.pt\/en\/wp-json\/wp\/v2\/posts\/15009\/revisions"}],"wp:featuredmedia":[{"embeddable":true,"href":"https:\/\/www.fcfamalicao.pt\/en\/wp-json\/wp\/v2\/media\/15010"}],"wp:attachment":[{"href":"https:\/\/www.fcfamalicao.pt\/en\/wp-json\/wp\/v2\/media?parent=15009"}],"wp:term":[{"taxonomy":"category","embeddable":true,"href":"https:\/\/www.fcfamalicao.pt\/en\/wp-json\/wp\/v2\/categories?post=15009"},{"taxonomy":"post_tag","embeddable":true,"href":"https:\/\/www.fcfamalicao.pt\/en\/wp-json\/wp\/v2\/tags?post=15009"}],"curies":[{"name":"wp","href":"https:\/\/api.w.org\/{rel}","templated":true}]}}