{"id":1501,"date":"2018-11-18T23:08:00","date_gmt":"2018-11-18T23:08:00","guid":{"rendered":"https:\/\/www.fcfamalicao.pt\/?p=1501"},"modified":"2018-11-22T11:58:39","modified_gmt":"2018-11-22T11:58:39","slug":"com-determinacao-fc-famalicao-vence-ud-oliveirense","status":"publish","type":"post","link":"https:\/\/www.fcfamalicao.pt\/en\/com-determinacao-fc-famalicao-vence-ud-oliveirense\/","title":{"rendered":"Com determina\u00e7\u00e3o FC Famalic\u00e3o vence UD Oliveirense"},"content":{"rendered":"<p>O Futebol Clube de Famalic\u00e3o venceu a equipa da UD Oliveirense, em Aveiro, por duas bolas a uma, em jogo antecipado da 16\u00aa jornada da Ledman LigaPro.<br \/>\nO FC Famalic\u00e3o adiantou-se no marcado por Fabr\u00edcio ao minuto 17\u00b4, na convers\u00e3o uma grande penalidade, resultado com o qual se chegou ao intervalo.<br \/>\nNa segunda metade, a UD Oliveirense chegou ao tento da igualdade, no minuto 74\u2019 por Agdon. O FC Famalic\u00e3o voltou a adiantar-se no marcador por interm\u00e9dio de Feliz, aos 88\u00b4minutos, garantindo mais tr\u00eas pontos para o conjunto de S\u00e9rgio Vieira.<br \/>\nCom determina\u00e7\u00e3o foi assim que o FC Famalic\u00e3o conseguiu a vit\u00f3ria tendo sido apoiado em Aveiro por 600 adeptos que impulsionaram os jogadores a mais uma vit\u00f3ria.<br \/>\nO pr\u00f3ximo desafio do FC Famalic\u00e3o \u00e9 no dia 1 de Dezembro, pelas 15 horas, no terreno do Cova da Piedade, jogo a contar para a jornada 10 da Ledman LigaPro.<\/p>\n<p>Jogo no Est\u00e1dio Municipal de Aveiro<\/p>\n<p>\u00c1rbitro: Gustavo Correia<br \/>\nUD Oliveirense: Coelho, Filipe Gon\u00e7alves, Diogo Clemente, Agdon (S\u00e9rgio Ribeiro 82\u2019), Alem\u00e3o, Mathaus, Fati, Oliveira (Moreno 62\u2019), Diogo Valente (Serginho 70\u2019), Welligton e Para\u00edba.<br \/>\nTreinador: Pedro Miguel<br \/>\nFC Famalic\u00e3o: Defendi, Koffi, \u00c2ngelo (Anderson 77\u00b4), Ricardo, David Lu\u00eds, Ciss, Capela, Guzzo (Filipe Oliveira 57\u2019), Walterson, Feliz (90+3) e Fabr\u00edcio.<br \/>\nTreinador: S\u00e9rgio Vieira<br \/>\nAo intervalo: 0 -1<br \/>\nResultado final: 1 \u2013 2<br \/>\nMarcadores: Fabr\u00edcio (17\u00b4), Agdon (74\u00b4) e Feliz (88\u00b4)<br \/>\nA\u00e7\u00e3o disciplinar: Cart\u00e3o amarelo para Oliveira (45\u2019), \u00c2ngelo (62\u2019), Filipe Gon\u00e7alves (71\u2019), Ciss (80), David Lu\u00eds (90+6) <\/p>\n","protected":false},"excerpt":{"rendered":"<p>O Futebol Clube de Famalic\u00e3o venceu a equipa da UD Oliveirense, em Aveiro, por duas bolas a uma, em jogo antecipado da 16\u00aa jornada da Ledman LigaPro. O FC Famalic\u00e3o adiantou-se no marcado por Fabr\u00edcio ao minuto 17\u00b4, na convers\u00e3o uma grande penalidade, resultado com o qual se chegou ao&hellip;<\/p>\n","protected":false},"author":1,"featured_media":1502,"comment_status":"closed","ping_status":"closed","sticky":false,"template":"","format":"standard","meta":{"_acf_changed":false,"footnotes":""},"categories":[1],"tags":[],"class_list":["post-1501","post","type-post","status-publish","format-standard","has-post-thumbnail","hentry","category-noticias"],"acf":[],"yoast_head":"<!-- This site is optimized with the Yoast SEO plugin v27.1.1 - https:\/\/yoast.com\/product\/yoast-seo-wordpress\/ -->\n<title>Com determina\u00e7\u00e3o FC Famalic\u00e3o vence UD Oliveirense - FC Famalic\u00e3o<\/title>\n<meta name=\"robots\" content=\"index, follow, max-snippet:-1, max-image-preview:large, max-video-preview:-1\" \/>\n<link rel=\"canonical\" href=\"https:\/\/www.fcfamalicao.pt\/en\/com-determinacao-fc-famalicao-vence-ud-oliveirense\/\" \/>\n<meta property=\"og:locale\" content=\"en_US\" \/>\n<meta property=\"og:type\" content=\"article\" \/>\n<meta property=\"og:title\" content=\"Com determina\u00e7\u00e3o FC Famalic\u00e3o vence UD Oliveirense - FC Famalic\u00e3o\" \/>\n<meta property=\"og:description\" content=\"O Futebol Clube de Famalic\u00e3o venceu a equipa da UD Oliveirense, em Aveiro, por duas bolas a uma, em jogo antecipado da 16\u00aa jornada da Ledman LigaPro. O FC Famalic\u00e3o adiantou-se no marcado por Fabr\u00edcio ao minuto 17\u00b4, na convers\u00e3o uma grande penalidade, resultado com o qual se chegou ao&hellip;\" \/>\n<meta property=\"og:url\" content=\"https:\/\/www.fcfamalicao.pt\/en\/com-determinacao-fc-famalicao-vence-ud-oliveirense\/\" \/>\n<meta property=\"og:site_name\" content=\"FC Famalic\u00e3o\" \/>\n<meta property=\"article:publisher\" content=\"https:\/\/www.facebook.com\/FCFamalicao\/\" \/>\n<meta property=\"article:published_time\" content=\"2018-11-18T23:08:00+00:00\" \/>\n<meta property=\"article:modified_time\" content=\"2018-11-22T11:58:39+00:00\" \/>\n<meta property=\"og:image\" content=\"https:\/\/www.fcfamalicao.pt\/wp-content\/uploads\/2018\/11\/UDO_FCF-site.jpg\" \/>\n\t<meta property=\"og:image:width\" content=\"2449\" \/>\n\t<meta property=\"og:image:height\" content=\"1632\" \/>\n\t<meta property=\"og:image:type\" content=\"image\/jpeg\" \/>\n<meta name=\"author\" content=\"brandit\" \/>\n<meta name=\"twitter:card\" content=\"summary_large_image\" \/>\n<meta name=\"twitter:creator\" content=\"@fcf1931_oficial\" \/>\n<meta name=\"twitter:site\" content=\"@fcf1931_oficial\" \/>\n<meta name=\"twitter:label1\" content=\"Written by\" \/>\n\t<meta name=\"twitter:data1\" content=\"brandit\" \/>\n\t<meta name=\"twitter:label2\" content=\"Est. reading time\" \/>\n\t<meta name=\"twitter:data2\" content=\"1 minute\" \/>\n<script type=\"application\/ld+json\" class=\"yoast-schema-graph\">{\"@context\":\"https:\/\/schema.org\",\"@graph\":[{\"@type\":\"Article\",\"@id\":\"https:\/\/www.fcfamalicao.pt\/en\/com-determinacao-fc-famalicao-vence-ud-oliveirense\/#article\",\"isPartOf\":{\"@id\":\"https:\/\/www.fcfamalicao.pt\/en\/com-determinacao-fc-famalicao-vence-ud-oliveirense\/\"},\"author\":{\"name\":\"brandit\",\"@id\":\"https:\/\/www.fcfamalicao.pt\/en\/#\/schema\/person\/5b4576c8f1274fa683ecca147f63254d\"},\"headline\":\"Com determina\u00e7\u00e3o FC Famalic\u00e3o vence UD Oliveirense\",\"datePublished\":\"2018-11-18T23:08:00+00:00\",\"dateModified\":\"2018-11-22T11:58:39+00:00\",\"mainEntityOfPage\":{\"@id\":\"https:\/\/www.fcfamalicao.pt\/en\/com-determinacao-fc-famalicao-vence-ud-oliveirense\/\"},\"wordCount\":254,\"publisher\":{\"@id\":\"https:\/\/www.fcfamalicao.pt\/en\/#organization\"},\"image\":{\"@id\":\"https:\/\/www.fcfamalicao.pt\/en\/com-determinacao-fc-famalicao-vence-ud-oliveirense\/#primaryimage\"},\"thumbnailUrl\":\"https:\/\/www.fcfamalicao.pt\/wp-content\/uploads\/2018\/11\/UDO_FCF-site.jpg\",\"articleSection\":[\"Not\u00edcias\"],\"inLanguage\":\"en-US\"},{\"@type\":\"WebPage\",\"@id\":\"https:\/\/www.fcfamalicao.pt\/en\/com-determinacao-fc-famalicao-vence-ud-oliveirense\/\",\"url\":\"https:\/\/www.fcfamalicao.pt\/en\/com-determinacao-fc-famalicao-vence-ud-oliveirense\/\",\"name\":\"Com determina\u00e7\u00e3o FC Famalic\u00e3o vence UD Oliveirense - FC Famalic\u00e3o\",\"isPartOf\":{\"@id\":\"https:\/\/www.fcfamalicao.pt\/en\/#website\"},\"primaryImageOfPage\":{\"@id\":\"https:\/\/www.fcfamalicao.pt\/en\/com-determinacao-fc-famalicao-vence-ud-oliveirense\/#primaryimage\"},\"image\":{\"@id\":\"https:\/\/www.fcfamalicao.pt\/en\/com-determinacao-fc-famalicao-vence-ud-oliveirense\/#primaryimage\"},\"thumbnailUrl\":\"https:\/\/www.fcfamalicao.pt\/wp-content\/uploads\/2018\/11\/UDO_FCF-site.jpg\",\"datePublished\":\"2018-11-18T23:08:00+00:00\",\"dateModified\":\"2018-11-22T11:58:39+00:00\",\"breadcrumb\":{\"@id\":\"https:\/\/www.fcfamalicao.pt\/en\/com-determinacao-fc-famalicao-vence-ud-oliveirense\/#breadcrumb\"},\"inLanguage\":\"en-US\",\"potentialAction\":[{\"@type\":\"ReadAction\",\"target\":[\"https:\/\/www.fcfamalicao.pt\/en\/com-determinacao-fc-famalicao-vence-ud-oliveirense\/\"]}]},{\"@type\":\"ImageObject\",\"inLanguage\":\"en-US\",\"@id\":\"https:\/\/www.fcfamalicao.pt\/en\/com-determinacao-fc-famalicao-vence-ud-oliveirense\/#primaryimage\",\"url\":\"https:\/\/www.fcfamalicao.pt\/wp-content\/uploads\/2018\/11\/UDO_FCF-site.jpg\",\"contentUrl\":\"https:\/\/www.fcfamalicao.pt\/wp-content\/uploads\/2018\/11\/UDO_FCF-site.jpg\",\"width\":2449,\"height\":1632},{\"@type\":\"BreadcrumbList\",\"@id\":\"https:\/\/www.fcfamalicao.pt\/en\/com-determinacao-fc-famalicao-vence-ud-oliveirense\/#breadcrumb\",\"itemListElement\":[{\"@type\":\"ListItem\",\"position\":1,\"name\":\"Home\",\"item\":\"https:\/\/www.fcfamalicao.pt\/en\/\"},{\"@type\":\"ListItem\",\"position\":2,\"name\":\"Com determina\u00e7\u00e3o FC Famalic\u00e3o vence UD Oliveirense\"}]},{\"@type\":\"WebSite\",\"@id\":\"https:\/\/www.fcfamalicao.pt\/en\/#website\",\"url\":\"https:\/\/www.fcfamalicao.pt\/en\/\",\"name\":\"FC Famalic\u00e3o\",\"description\":\"Site oficial do Futebol Clube Famalic\u00e3o. #AMORDEPERDI\u00c7\u00c3O\",\"publisher\":{\"@id\":\"https:\/\/www.fcfamalicao.pt\/en\/#organization\"},\"potentialAction\":[{\"@type\":\"SearchAction\",\"target\":{\"@type\":\"EntryPoint\",\"urlTemplate\":\"https:\/\/www.fcfamalicao.pt\/en\/?s={search_term_string}\"},\"query-input\":{\"@type\":\"PropertyValueSpecification\",\"valueRequired\":true,\"valueName\":\"search_term_string\"}}],\"inLanguage\":\"en-US\"},{\"@type\":\"Organization\",\"@id\":\"https:\/\/www.fcfamalicao.pt\/en\/#organization\",\"name\":\"FC Famalic\u00e3o\",\"url\":\"https:\/\/www.fcfamalicao.pt\/en\/\",\"logo\":{\"@type\":\"ImageObject\",\"inLanguage\":\"en-US\",\"@id\":\"https:\/\/www.fcfamalicao.pt\/en\/#\/schema\/logo\/image\/\",\"url\":\"https:\/\/www.fcfamalicao.pt\/wp-content\/uploads\/2018\/11\/fcf-logo.png\",\"contentUrl\":\"https:\/\/www.fcfamalicao.pt\/wp-content\/uploads\/2018\/11\/fcf-logo.png\",\"width\":150,\"height\":143,\"caption\":\"FC Famalic\u00e3o\"},\"image\":{\"@id\":\"https:\/\/www.fcfamalicao.pt\/en\/#\/schema\/logo\/image\/\"},\"sameAs\":[\"https:\/\/www.facebook.com\/FCFamalicao\/\",\"https:\/\/x.com\/fcf1931_oficial\",\"https:\/\/www.instagram.com\/futebolclubefamalicao\/\",\"https:\/\/www.youtube.com\/FCFamalicao1931\"]},{\"@type\":\"Person\",\"@id\":\"https:\/\/www.fcfamalicao.pt\/en\/#\/schema\/person\/5b4576c8f1274fa683ecca147f63254d\",\"name\":\"brandit\",\"image\":{\"@type\":\"ImageObject\",\"inLanguage\":\"en-US\",\"@id\":\"https:\/\/www.fcfamalicao.pt\/en\/#\/schema\/person\/image\/\",\"url\":\"https:\/\/secure.gravatar.com\/avatar\/93622cdf179b24b3dc8e25ee6f229f93b088c84fae9795aba957f03f175a819a?s=96&d=mm&r=g\",\"contentUrl\":\"https:\/\/secure.gravatar.com\/avatar\/93622cdf179b24b3dc8e25ee6f229f93b088c84fae9795aba957f03f175a819a?s=96&d=mm&r=g\",\"caption\":\"brandit\"}}]}<\/script>\n<!-- \/ Yoast SEO plugin. -->","yoast_head_json":{"title":"Com determina\u00e7\u00e3o FC Famalic\u00e3o vence UD Oliveirense - FC Famalic\u00e3o","robots":{"index":"index","follow":"follow","max-snippet":"max-snippet:-1","max-image-preview":"max-image-preview:large","max-video-preview":"max-video-preview:-1"},"canonical":"https:\/\/www.fcfamalicao.pt\/en\/com-determinacao-fc-famalicao-vence-ud-oliveirense\/","og_locale":"en_US","og_type":"article","og_title":"Com determina\u00e7\u00e3o FC Famalic\u00e3o vence UD Oliveirense - FC Famalic\u00e3o","og_description":"O Futebol Clube de Famalic\u00e3o venceu a equipa da UD Oliveirense, em Aveiro, por duas bolas a uma, em jogo antecipado da 16\u00aa jornada da Ledman LigaPro. O FC Famalic\u00e3o adiantou-se no marcado por Fabr\u00edcio ao minuto 17\u00b4, na convers\u00e3o uma grande penalidade, resultado com o qual se chegou ao&hellip;","og_url":"https:\/\/www.fcfamalicao.pt\/en\/com-determinacao-fc-famalicao-vence-ud-oliveirense\/","og_site_name":"FC Famalic\u00e3o","article_publisher":"https:\/\/www.facebook.com\/FCFamalicao\/","article_published_time":"2018-11-18T23:08:00+00:00","article_modified_time":"2018-11-22T11:58:39+00:00","og_image":[{"width":2449,"height":1632,"url":"https:\/\/www.fcfamalicao.pt\/wp-content\/uploads\/2018\/11\/UDO_FCF-site.jpg","type":"image\/jpeg"}],"author":"brandit","twitter_card":"summary_large_image","twitter_creator":"@fcf1931_oficial","twitter_site":"@fcf1931_oficial","twitter_misc":{"Written by":"brandit","Est. reading time":"1 minute"},"schema":{"@context":"https:\/\/schema.org","@graph":[{"@type":"Article","@id":"https:\/\/www.fcfamalicao.pt\/en\/com-determinacao-fc-famalicao-vence-ud-oliveirense\/#article","isPartOf":{"@id":"https:\/\/www.fcfamalicao.pt\/en\/com-determinacao-fc-famalicao-vence-ud-oliveirense\/"},"author":{"name":"brandit","@id":"https:\/\/www.fcfamalicao.pt\/en\/#\/schema\/person\/5b4576c8f1274fa683ecca147f63254d"},"headline":"Com determina\u00e7\u00e3o FC Famalic\u00e3o vence UD Oliveirense","datePublished":"2018-11-18T23:08:00+00:00","dateModified":"2018-11-22T11:58:39+00:00","mainEntityOfPage":{"@id":"https:\/\/www.fcfamalicao.pt\/en\/com-determinacao-fc-famalicao-vence-ud-oliveirense\/"},"wordCount":254,"publisher":{"@id":"https:\/\/www.fcfamalicao.pt\/en\/#organization"},"image":{"@id":"https:\/\/www.fcfamalicao.pt\/en\/com-determinacao-fc-famalicao-vence-ud-oliveirense\/#primaryimage"},"thumbnailUrl":"https:\/\/www.fcfamalicao.pt\/wp-content\/uploads\/2018\/11\/UDO_FCF-site.jpg","articleSection":["Not\u00edcias"],"inLanguage":"en-US"},{"@type":"WebPage","@id":"https:\/\/www.fcfamalicao.pt\/en\/com-determinacao-fc-famalicao-vence-ud-oliveirense\/","url":"https:\/\/www.fcfamalicao.pt\/en\/com-determinacao-fc-famalicao-vence-ud-oliveirense\/","name":"Com determina\u00e7\u00e3o FC Famalic\u00e3o vence UD Oliveirense - FC Famalic\u00e3o","isPartOf":{"@id":"https:\/\/www.fcfamalicao.pt\/en\/#website"},"primaryImageOfPage":{"@id":"https:\/\/www.fcfamalicao.pt\/en\/com-determinacao-fc-famalicao-vence-ud-oliveirense\/#primaryimage"},"image":{"@id":"https:\/\/www.fcfamalicao.pt\/en\/com-determinacao-fc-famalicao-vence-ud-oliveirense\/#primaryimage"},"thumbnailUrl":"https:\/\/www.fcfamalicao.pt\/wp-content\/uploads\/2018\/11\/UDO_FCF-site.jpg","datePublished":"2018-11-18T23:08:00+00:00","dateModified":"2018-11-22T11:58:39+00:00","breadcrumb":{"@id":"https:\/\/www.fcfamalicao.pt\/en\/com-determinacao-fc-famalicao-vence-ud-oliveirense\/#breadcrumb"},"inLanguage":"en-US","potentialAction":[{"@type":"ReadAction","target":["https:\/\/www.fcfamalicao.pt\/en\/com-determinacao-fc-famalicao-vence-ud-oliveirense\/"]}]},{"@type":"ImageObject","inLanguage":"en-US","@id":"https:\/\/www.fcfamalicao.pt\/en\/com-determinacao-fc-famalicao-vence-ud-oliveirense\/#primaryimage","url":"https:\/\/www.fcfamalicao.pt\/wp-content\/uploads\/2018\/11\/UDO_FCF-site.jpg","contentUrl":"https:\/\/www.fcfamalicao.pt\/wp-content\/uploads\/2018\/11\/UDO_FCF-site.jpg","width":2449,"height":1632},{"@type":"BreadcrumbList","@id":"https:\/\/www.fcfamalicao.pt\/en\/com-determinacao-fc-famalicao-vence-ud-oliveirense\/#breadcrumb","itemListElement":[{"@type":"ListItem","position":1,"name":"Home","item":"https:\/\/www.fcfamalicao.pt\/en\/"},{"@type":"ListItem","position":2,"name":"Com determina\u00e7\u00e3o FC Famalic\u00e3o vence UD Oliveirense"}]},{"@type":"WebSite","@id":"https:\/\/www.fcfamalicao.pt\/en\/#website","url":"https:\/\/www.fcfamalicao.pt\/en\/","name":"FC Famalic\u00e3o","description":"Site oficial do Futebol Clube Famalic\u00e3o. #AMORDEPERDI\u00c7\u00c3O","publisher":{"@id":"https:\/\/www.fcfamalicao.pt\/en\/#organization"},"potentialAction":[{"@type":"SearchAction","target":{"@type":"EntryPoint","urlTemplate":"https:\/\/www.fcfamalicao.pt\/en\/?s={search_term_string}"},"query-input":{"@type":"PropertyValueSpecification","valueRequired":true,"valueName":"search_term_string"}}],"inLanguage":"en-US"},{"@type":"Organization","@id":"https:\/\/www.fcfamalicao.pt\/en\/#organization","name":"FC Famalic\u00e3o","url":"https:\/\/www.fcfamalicao.pt\/en\/","logo":{"@type":"ImageObject","inLanguage":"en-US","@id":"https:\/\/www.fcfamalicao.pt\/en\/#\/schema\/logo\/image\/","url":"https:\/\/www.fcfamalicao.pt\/wp-content\/uploads\/2018\/11\/fcf-logo.png","contentUrl":"https:\/\/www.fcfamalicao.pt\/wp-content\/uploads\/2018\/11\/fcf-logo.png","width":150,"height":143,"caption":"FC Famalic\u00e3o"},"image":{"@id":"https:\/\/www.fcfamalicao.pt\/en\/#\/schema\/logo\/image\/"},"sameAs":["https:\/\/www.facebook.com\/FCFamalicao\/","https:\/\/x.com\/fcf1931_oficial","https:\/\/www.instagram.com\/futebolclubefamalicao\/","https:\/\/www.youtube.com\/FCFamalicao1931"]},{"@type":"Person","@id":"https:\/\/www.fcfamalicao.pt\/en\/#\/schema\/person\/5b4576c8f1274fa683ecca147f63254d","name":"brandit","image":{"@type":"ImageObject","inLanguage":"en-US","@id":"https:\/\/www.fcfamalicao.pt\/en\/#\/schema\/person\/image\/","url":"https:\/\/secure.gravatar.com\/avatar\/93622cdf179b24b3dc8e25ee6f229f93b088c84fae9795aba957f03f175a819a?s=96&d=mm&r=g","contentUrl":"https:\/\/secure.gravatar.com\/avatar\/93622cdf179b24b3dc8e25ee6f229f93b088c84fae9795aba957f03f175a819a?s=96&d=mm&r=g","caption":"brandit"}}]}},"_links":{"self":[{"href":"https:\/\/www.fcfamalicao.pt\/en\/wp-json\/wp\/v2\/posts\/1501","targetHints":{"allow":["GET"]}}],"collection":[{"href":"https:\/\/www.fcfamalicao.pt\/en\/wp-json\/wp\/v2\/posts"}],"about":[{"href":"https:\/\/www.fcfamalicao.pt\/en\/wp-json\/wp\/v2\/types\/post"}],"author":[{"embeddable":true,"href":"https:\/\/www.fcfamalicao.pt\/en\/wp-json\/wp\/v2\/users\/1"}],"replies":[{"embeddable":true,"href":"https:\/\/www.fcfamalicao.pt\/en\/wp-json\/wp\/v2\/comments?post=1501"}],"version-history":[{"count":0,"href":"https:\/\/www.fcfamalicao.pt\/en\/wp-json\/wp\/v2\/posts\/1501\/revisions"}],"wp:featuredmedia":[{"embeddable":true,"href":"https:\/\/www.fcfamalicao.pt\/en\/wp-json\/wp\/v2\/media\/1502"}],"wp:attachment":[{"href":"https:\/\/www.fcfamalicao.pt\/en\/wp-json\/wp\/v2\/media?parent=1501"}],"wp:term":[{"taxonomy":"category","embeddable":true,"href":"https:\/\/www.fcfamalicao.pt\/en\/wp-json\/wp\/v2\/categories?post=1501"},{"taxonomy":"post_tag","embeddable":true,"href":"https:\/\/www.fcfamalicao.pt\/en\/wp-json\/wp\/v2\/tags?post=1501"}],"curies":[{"name":"wp","href":"https:\/\/api.w.org\/{rel}","templated":true}]}}