{"id":15020,"date":"2021-05-24T19:16:59","date_gmt":"2021-05-24T19:16:59","guid":{"rendered":"https:\/\/www.fcfamalicao.pt\/?p=15020"},"modified":"2021-05-24T19:16:59","modified_gmt":"2021-05-24T19:16:59","slug":"ivo-vieira-renova-por-duas-epocas","status":"publish","type":"post","link":"https:\/\/www.fcfamalicao.pt\/en\/ivo-vieira-renova-por-duas-epocas\/","title":{"rendered":"Ivo Vieira renova por duas \u00e9pocas"},"content":{"rendered":"<p>A SAD do Futebol Clube de Famalic\u00e3o anuncia a renova\u00e7\u00e3o de contrato com o treinador Ivo Vieira por mais duas temporadas, ou seja, at\u00e9 ao final da \u00e9poca 2022\/2023. Apresentado em mar\u00e7o do presente ano, numa fase em que o Futebol Clube de Famalic\u00e3o estava em zona de despromo\u00e7\u00e3o, o treinador, de 45 anos, alcan\u00e7ou o objetivo a que se prop\u00f4s aquando do in\u00edcio da liga\u00e7\u00e3o entre as duas partes. A manuten\u00e7\u00e3o alcan\u00e7ada a tr\u00eas jornadas do final do campeonato, assente num alto n\u00edvel qualitativo em termos futebol\u00edsticos, aliada \u00e0 vontade manifestada pelo t\u00e9cnico Ivo Vieira, proporcionou a extens\u00e3o do v\u00ednculo com o treinador.<\/p>\n<p>\u201cEstamos muito satisfeitos pela renova\u00e7\u00e3o com o mister Ivo Vieira. Conhecemos a compet\u00eancia e qualidade do seu trabalho e entendemos que \u00e9 o homem certo no lugar certo\u201d, assumiu o presidente da SAD, Miguel Ribeiro.<\/p>\n<p>A equipa logrou alcan\u00e7ar resultados muito positivos sob a orienta\u00e7\u00e3o de Ivo Vieira e isso refor\u00e7ou a ideia que presidiu \u00e0 escolha da administra\u00e7\u00e3o da SAD em mar\u00e7o.<\/p>\n<p>\u201cA confian\u00e7a e convic\u00e7\u00e3o que ir\u00edamos terminar a \u00e9poca como pretend\u00edamos era absoluta\u201d, referiu Miguel Ribeiro, que se mostra crente que esta renova\u00e7\u00e3o \u201cassenta na filosofia de contribuir para o desejado processo de crescimento do clube\u201d.<\/p>\n<p>\u201c\u00c9 uma felicidade enorme prolongar o contrato com o FC Famalic\u00e3o. O suporte e o apoio dados pela SAD nestes dois meses transmitem uma enorme confian\u00e7a de que est\u00e3o reunidos todos os ingredientes para que o clube continue a ter sucesso no futuro\u201d, confessou Ivo Vieira.<\/p>\n<p>O treinador garantiu \u201csentir-se bem no FC Famalic\u00e3o\u201d, clube onde sente que lhe foi confiada \u201cuma tarefa enorme\u201d e na qual pretende \u201cfazer mais e melhor\u201d.<\/p>\n<p>Ciente de que \u201cfaltou algum espa\u00e7o para transmitir as minhas ideias\u201d, o treinador n\u00e3o esconde o desejo de poder contar com outro fator a partir da pr\u00f3xima temporada.<\/p>\n<p>\u201cAnseio pela presen\u00e7a de todos os famalicenses. Com eles seremos mais fortes e estaremos ainda mais perto de proporcionar o crescimento do clube\u201d, confessou Ivo Vieira.<\/p>\n<p><iframe loading=\"lazy\" title=\"Ivo Vieira renova at\u00e9 2023\" width=\"500\" height=\"281\" src=\"https:\/\/www.youtube.com\/embed\/cPJANlk_Utg?feature=oembed\" frameborder=\"0\" allow=\"accelerometer; autoplay; clipboard-write; encrypted-media; gyroscope; picture-in-picture; web-share\" referrerpolicy=\"strict-origin-when-cross-origin\" allowfullscreen><\/iframe><\/p>\n","protected":false},"excerpt":{"rendered":"<p>A SAD do Futebol Clube de Famalic\u00e3o anuncia a renova\u00e7\u00e3o de contrato com o treinador Ivo Vieira por mais duas temporadas, ou seja, at\u00e9 ao final da \u00e9poca 2022\/2023. Apresentado em mar\u00e7o do presente ano, numa fase em que o Futebol Clube de Famalic\u00e3o estava em zona de despromo\u00e7\u00e3o, o&hellip;<\/p>\n","protected":false},"author":2,"featured_media":15022,"comment_status":"closed","ping_status":"closed","sticky":false,"template":"","format":"standard","meta":{"_acf_changed":false,"footnotes":""},"categories":[1],"tags":[],"class_list":["post-15020","post","type-post","status-publish","format-standard","has-post-thumbnail","hentry","category-noticias"],"acf":[],"yoast_head":"<!-- This site is optimized with the Yoast SEO plugin v27.1.1 - https:\/\/yoast.com\/product\/yoast-seo-wordpress\/ -->\n<title>Ivo Vieira renova por duas \u00e9pocas - FC Famalic\u00e3o<\/title>\n<meta name=\"robots\" content=\"index, follow, max-snippet:-1, max-image-preview:large, max-video-preview:-1\" \/>\n<link rel=\"canonical\" href=\"https:\/\/www.fcfamalicao.pt\/en\/ivo-vieira-renova-por-duas-epocas\/\" \/>\n<meta property=\"og:locale\" content=\"en_US\" \/>\n<meta property=\"og:type\" content=\"article\" \/>\n<meta property=\"og:title\" content=\"Ivo Vieira renova por duas \u00e9pocas - FC Famalic\u00e3o\" \/>\n<meta property=\"og:description\" content=\"A SAD do Futebol Clube de Famalic\u00e3o anuncia a renova\u00e7\u00e3o de contrato com o treinador Ivo Vieira por mais duas temporadas, ou seja, at\u00e9 ao final da \u00e9poca 2022\/2023. Apresentado em mar\u00e7o do presente ano, numa fase em que o Futebol Clube de Famalic\u00e3o estava em zona de despromo\u00e7\u00e3o, o&hellip;\" \/>\n<meta property=\"og:url\" content=\"https:\/\/www.fcfamalicao.pt\/en\/ivo-vieira-renova-por-duas-epocas\/\" \/>\n<meta property=\"og:site_name\" content=\"FC Famalic\u00e3o\" \/>\n<meta property=\"article:publisher\" content=\"https:\/\/www.facebook.com\/FCFamalicao\/\" \/>\n<meta property=\"article:published_time\" content=\"2021-05-24T19:16:59+00:00\" \/>\n<meta property=\"og:image\" content=\"https:\/\/www.fcfamalicao.pt\/wp-content\/uploads\/2021\/05\/Renova\u00e7\u00e3o-Mister-Ivo-scaled.jpg\" \/>\n\t<meta property=\"og:image:width\" content=\"2560\" \/>\n\t<meta property=\"og:image:height\" content=\"1942\" \/>\n\t<meta property=\"og:image:type\" content=\"image\/jpeg\" \/>\n<meta name=\"author\" content=\"fcfamalicao fcfamalicao\" \/>\n<meta name=\"twitter:card\" content=\"summary_large_image\" \/>\n<meta name=\"twitter:creator\" content=\"@fcf1931_oficial\" \/>\n<meta name=\"twitter:site\" content=\"@fcf1931_oficial\" \/>\n<meta name=\"twitter:label1\" content=\"Written by\" \/>\n\t<meta name=\"twitter:data1\" content=\"fcfamalicao fcfamalicao\" \/>\n\t<meta name=\"twitter:label2\" content=\"Est. reading time\" \/>\n\t<meta name=\"twitter:data2\" content=\"2 minutes\" \/>\n<script type=\"application\/ld+json\" class=\"yoast-schema-graph\">{\"@context\":\"https:\/\/schema.org\",\"@graph\":[{\"@type\":\"Article\",\"@id\":\"https:\/\/www.fcfamalicao.pt\/en\/ivo-vieira-renova-por-duas-epocas\/#article\",\"isPartOf\":{\"@id\":\"https:\/\/www.fcfamalicao.pt\/en\/ivo-vieira-renova-por-duas-epocas\/\"},\"author\":{\"name\":\"fcfamalicao fcfamalicao\",\"@id\":\"https:\/\/www.fcfamalicao.pt\/en\/#\/schema\/person\/713a4d367f5259360c363ad35dad9247\"},\"headline\":\"Ivo Vieira renova por duas \u00e9pocas\",\"datePublished\":\"2021-05-24T19:16:59+00:00\",\"mainEntityOfPage\":{\"@id\":\"https:\/\/www.fcfamalicao.pt\/en\/ivo-vieira-renova-por-duas-epocas\/\"},\"wordCount\":376,\"publisher\":{\"@id\":\"https:\/\/www.fcfamalicao.pt\/en\/#organization\"},\"image\":{\"@id\":\"https:\/\/www.fcfamalicao.pt\/en\/ivo-vieira-renova-por-duas-epocas\/#primaryimage\"},\"thumbnailUrl\":\"https:\/\/www.fcfamalicao.pt\/wp-content\/uploads\/2021\/05\/Renova\u00e7\u00e3o-Mister-Ivo-scaled.jpg\",\"articleSection\":[\"Not\u00edcias\"],\"inLanguage\":\"en-US\"},{\"@type\":\"WebPage\",\"@id\":\"https:\/\/www.fcfamalicao.pt\/en\/ivo-vieira-renova-por-duas-epocas\/\",\"url\":\"https:\/\/www.fcfamalicao.pt\/en\/ivo-vieira-renova-por-duas-epocas\/\",\"name\":\"Ivo Vieira renova por duas \u00e9pocas - FC Famalic\u00e3o\",\"isPartOf\":{\"@id\":\"https:\/\/www.fcfamalicao.pt\/en\/#website\"},\"primaryImageOfPage\":{\"@id\":\"https:\/\/www.fcfamalicao.pt\/en\/ivo-vieira-renova-por-duas-epocas\/#primaryimage\"},\"image\":{\"@id\":\"https:\/\/www.fcfamalicao.pt\/en\/ivo-vieira-renova-por-duas-epocas\/#primaryimage\"},\"thumbnailUrl\":\"https:\/\/www.fcfamalicao.pt\/wp-content\/uploads\/2021\/05\/Renova\u00e7\u00e3o-Mister-Ivo-scaled.jpg\",\"datePublished\":\"2021-05-24T19:16:59+00:00\",\"breadcrumb\":{\"@id\":\"https:\/\/www.fcfamalicao.pt\/en\/ivo-vieira-renova-por-duas-epocas\/#breadcrumb\"},\"inLanguage\":\"en-US\",\"potentialAction\":[{\"@type\":\"ReadAction\",\"target\":[\"https:\/\/www.fcfamalicao.pt\/en\/ivo-vieira-renova-por-duas-epocas\/\"]}]},{\"@type\":\"ImageObject\",\"inLanguage\":\"en-US\",\"@id\":\"https:\/\/www.fcfamalicao.pt\/en\/ivo-vieira-renova-por-duas-epocas\/#primaryimage\",\"url\":\"https:\/\/www.fcfamalicao.pt\/wp-content\/uploads\/2021\/05\/Renova\u00e7\u00e3o-Mister-Ivo-scaled.jpg\",\"contentUrl\":\"https:\/\/www.fcfamalicao.pt\/wp-content\/uploads\/2021\/05\/Renova\u00e7\u00e3o-Mister-Ivo-scaled.jpg\",\"width\":2560,\"height\":1942},{\"@type\":\"BreadcrumbList\",\"@id\":\"https:\/\/www.fcfamalicao.pt\/en\/ivo-vieira-renova-por-duas-epocas\/#breadcrumb\",\"itemListElement\":[{\"@type\":\"ListItem\",\"position\":1,\"name\":\"Home\",\"item\":\"https:\/\/www.fcfamalicao.pt\/en\/\"},{\"@type\":\"ListItem\",\"position\":2,\"name\":\"Ivo Vieira renova por duas \u00e9pocas\"}]},{\"@type\":\"WebSite\",\"@id\":\"https:\/\/www.fcfamalicao.pt\/en\/#website\",\"url\":\"https:\/\/www.fcfamalicao.pt\/en\/\",\"name\":\"FC Famalic\u00e3o\",\"description\":\"Site oficial do Futebol Clube Famalic\u00e3o. #AMORDEPERDI\u00c7\u00c3O\",\"publisher\":{\"@id\":\"https:\/\/www.fcfamalicao.pt\/en\/#organization\"},\"potentialAction\":[{\"@type\":\"SearchAction\",\"target\":{\"@type\":\"EntryPoint\",\"urlTemplate\":\"https:\/\/www.fcfamalicao.pt\/en\/?s={search_term_string}\"},\"query-input\":{\"@type\":\"PropertyValueSpecification\",\"valueRequired\":true,\"valueName\":\"search_term_string\"}}],\"inLanguage\":\"en-US\"},{\"@type\":\"Organization\",\"@id\":\"https:\/\/www.fcfamalicao.pt\/en\/#organization\",\"name\":\"FC Famalic\u00e3o\",\"url\":\"https:\/\/www.fcfamalicao.pt\/en\/\",\"logo\":{\"@type\":\"ImageObject\",\"inLanguage\":\"en-US\",\"@id\":\"https:\/\/www.fcfamalicao.pt\/en\/#\/schema\/logo\/image\/\",\"url\":\"https:\/\/www.fcfamalicao.pt\/wp-content\/uploads\/2018\/11\/fcf-logo.png\",\"contentUrl\":\"https:\/\/www.fcfamalicao.pt\/wp-content\/uploads\/2018\/11\/fcf-logo.png\",\"width\":150,\"height\":143,\"caption\":\"FC Famalic\u00e3o\"},\"image\":{\"@id\":\"https:\/\/www.fcfamalicao.pt\/en\/#\/schema\/logo\/image\/\"},\"sameAs\":[\"https:\/\/www.facebook.com\/FCFamalicao\/\",\"https:\/\/x.com\/fcf1931_oficial\",\"https:\/\/www.instagram.com\/futebolclubefamalicao\/\",\"https:\/\/www.youtube.com\/FCFamalicao1931\"]},{\"@type\":\"Person\",\"@id\":\"https:\/\/www.fcfamalicao.pt\/en\/#\/schema\/person\/713a4d367f5259360c363ad35dad9247\",\"name\":\"fcfamalicao fcfamalicao\",\"image\":{\"@type\":\"ImageObject\",\"inLanguage\":\"en-US\",\"@id\":\"https:\/\/www.fcfamalicao.pt\/en\/#\/schema\/person\/image\/\",\"url\":\"https:\/\/secure.gravatar.com\/avatar\/b37399ebd6c6b1f9808b97ddeec50eb3b762cc626cb1e17e3a8b30044160d118?s=96&d=mm&r=g\",\"contentUrl\":\"https:\/\/secure.gravatar.com\/avatar\/b37399ebd6c6b1f9808b97ddeec50eb3b762cc626cb1e17e3a8b30044160d118?s=96&d=mm&r=g\",\"caption\":\"fcfamalicao fcfamalicao\"}}]}<\/script>\n<!-- \/ Yoast SEO plugin. -->","yoast_head_json":{"title":"Ivo Vieira renova por duas \u00e9pocas - FC Famalic\u00e3o","robots":{"index":"index","follow":"follow","max-snippet":"max-snippet:-1","max-image-preview":"max-image-preview:large","max-video-preview":"max-video-preview:-1"},"canonical":"https:\/\/www.fcfamalicao.pt\/en\/ivo-vieira-renova-por-duas-epocas\/","og_locale":"en_US","og_type":"article","og_title":"Ivo Vieira renova por duas \u00e9pocas - FC Famalic\u00e3o","og_description":"A SAD do Futebol Clube de Famalic\u00e3o anuncia a renova\u00e7\u00e3o de contrato com o treinador Ivo Vieira por mais duas temporadas, ou seja, at\u00e9 ao final da \u00e9poca 2022\/2023. Apresentado em mar\u00e7o do presente ano, numa fase em que o Futebol Clube de Famalic\u00e3o estava em zona de despromo\u00e7\u00e3o, o&hellip;","og_url":"https:\/\/www.fcfamalicao.pt\/en\/ivo-vieira-renova-por-duas-epocas\/","og_site_name":"FC Famalic\u00e3o","article_publisher":"https:\/\/www.facebook.com\/FCFamalicao\/","article_published_time":"2021-05-24T19:16:59+00:00","og_image":[{"width":2560,"height":1942,"url":"https:\/\/www.fcfamalicao.pt\/wp-content\/uploads\/2021\/05\/Renova\u00e7\u00e3o-Mister-Ivo-scaled.jpg","type":"image\/jpeg"}],"author":"fcfamalicao fcfamalicao","twitter_card":"summary_large_image","twitter_creator":"@fcf1931_oficial","twitter_site":"@fcf1931_oficial","twitter_misc":{"Written by":"fcfamalicao fcfamalicao","Est. reading time":"2 minutes"},"schema":{"@context":"https:\/\/schema.org","@graph":[{"@type":"Article","@id":"https:\/\/www.fcfamalicao.pt\/en\/ivo-vieira-renova-por-duas-epocas\/#article","isPartOf":{"@id":"https:\/\/www.fcfamalicao.pt\/en\/ivo-vieira-renova-por-duas-epocas\/"},"author":{"name":"fcfamalicao fcfamalicao","@id":"https:\/\/www.fcfamalicao.pt\/en\/#\/schema\/person\/713a4d367f5259360c363ad35dad9247"},"headline":"Ivo Vieira renova por duas \u00e9pocas","datePublished":"2021-05-24T19:16:59+00:00","mainEntityOfPage":{"@id":"https:\/\/www.fcfamalicao.pt\/en\/ivo-vieira-renova-por-duas-epocas\/"},"wordCount":376,"publisher":{"@id":"https:\/\/www.fcfamalicao.pt\/en\/#organization"},"image":{"@id":"https:\/\/www.fcfamalicao.pt\/en\/ivo-vieira-renova-por-duas-epocas\/#primaryimage"},"thumbnailUrl":"https:\/\/www.fcfamalicao.pt\/wp-content\/uploads\/2021\/05\/Renova\u00e7\u00e3o-Mister-Ivo-scaled.jpg","articleSection":["Not\u00edcias"],"inLanguage":"en-US"},{"@type":"WebPage","@id":"https:\/\/www.fcfamalicao.pt\/en\/ivo-vieira-renova-por-duas-epocas\/","url":"https:\/\/www.fcfamalicao.pt\/en\/ivo-vieira-renova-por-duas-epocas\/","name":"Ivo Vieira renova por duas \u00e9pocas - FC Famalic\u00e3o","isPartOf":{"@id":"https:\/\/www.fcfamalicao.pt\/en\/#website"},"primaryImageOfPage":{"@id":"https:\/\/www.fcfamalicao.pt\/en\/ivo-vieira-renova-por-duas-epocas\/#primaryimage"},"image":{"@id":"https:\/\/www.fcfamalicao.pt\/en\/ivo-vieira-renova-por-duas-epocas\/#primaryimage"},"thumbnailUrl":"https:\/\/www.fcfamalicao.pt\/wp-content\/uploads\/2021\/05\/Renova\u00e7\u00e3o-Mister-Ivo-scaled.jpg","datePublished":"2021-05-24T19:16:59+00:00","breadcrumb":{"@id":"https:\/\/www.fcfamalicao.pt\/en\/ivo-vieira-renova-por-duas-epocas\/#breadcrumb"},"inLanguage":"en-US","potentialAction":[{"@type":"ReadAction","target":["https:\/\/www.fcfamalicao.pt\/en\/ivo-vieira-renova-por-duas-epocas\/"]}]},{"@type":"ImageObject","inLanguage":"en-US","@id":"https:\/\/www.fcfamalicao.pt\/en\/ivo-vieira-renova-por-duas-epocas\/#primaryimage","url":"https:\/\/www.fcfamalicao.pt\/wp-content\/uploads\/2021\/05\/Renova\u00e7\u00e3o-Mister-Ivo-scaled.jpg","contentUrl":"https:\/\/www.fcfamalicao.pt\/wp-content\/uploads\/2021\/05\/Renova\u00e7\u00e3o-Mister-Ivo-scaled.jpg","width":2560,"height":1942},{"@type":"BreadcrumbList","@id":"https:\/\/www.fcfamalicao.pt\/en\/ivo-vieira-renova-por-duas-epocas\/#breadcrumb","itemListElement":[{"@type":"ListItem","position":1,"name":"Home","item":"https:\/\/www.fcfamalicao.pt\/en\/"},{"@type":"ListItem","position":2,"name":"Ivo Vieira renova por duas \u00e9pocas"}]},{"@type":"WebSite","@id":"https:\/\/www.fcfamalicao.pt\/en\/#website","url":"https:\/\/www.fcfamalicao.pt\/en\/","name":"FC Famalic\u00e3o","description":"Site oficial do Futebol Clube Famalic\u00e3o. #AMORDEPERDI\u00c7\u00c3O","publisher":{"@id":"https:\/\/www.fcfamalicao.pt\/en\/#organization"},"potentialAction":[{"@type":"SearchAction","target":{"@type":"EntryPoint","urlTemplate":"https:\/\/www.fcfamalicao.pt\/en\/?s={search_term_string}"},"query-input":{"@type":"PropertyValueSpecification","valueRequired":true,"valueName":"search_term_string"}}],"inLanguage":"en-US"},{"@type":"Organization","@id":"https:\/\/www.fcfamalicao.pt\/en\/#organization","name":"FC Famalic\u00e3o","url":"https:\/\/www.fcfamalicao.pt\/en\/","logo":{"@type":"ImageObject","inLanguage":"en-US","@id":"https:\/\/www.fcfamalicao.pt\/en\/#\/schema\/logo\/image\/","url":"https:\/\/www.fcfamalicao.pt\/wp-content\/uploads\/2018\/11\/fcf-logo.png","contentUrl":"https:\/\/www.fcfamalicao.pt\/wp-content\/uploads\/2018\/11\/fcf-logo.png","width":150,"height":143,"caption":"FC Famalic\u00e3o"},"image":{"@id":"https:\/\/www.fcfamalicao.pt\/en\/#\/schema\/logo\/image\/"},"sameAs":["https:\/\/www.facebook.com\/FCFamalicao\/","https:\/\/x.com\/fcf1931_oficial","https:\/\/www.instagram.com\/futebolclubefamalicao\/","https:\/\/www.youtube.com\/FCFamalicao1931"]},{"@type":"Person","@id":"https:\/\/www.fcfamalicao.pt\/en\/#\/schema\/person\/713a4d367f5259360c363ad35dad9247","name":"fcfamalicao fcfamalicao","image":{"@type":"ImageObject","inLanguage":"en-US","@id":"https:\/\/www.fcfamalicao.pt\/en\/#\/schema\/person\/image\/","url":"https:\/\/secure.gravatar.com\/avatar\/b37399ebd6c6b1f9808b97ddeec50eb3b762cc626cb1e17e3a8b30044160d118?s=96&d=mm&r=g","contentUrl":"https:\/\/secure.gravatar.com\/avatar\/b37399ebd6c6b1f9808b97ddeec50eb3b762cc626cb1e17e3a8b30044160d118?s=96&d=mm&r=g","caption":"fcfamalicao fcfamalicao"}}]}},"_links":{"self":[{"href":"https:\/\/www.fcfamalicao.pt\/en\/wp-json\/wp\/v2\/posts\/15020","targetHints":{"allow":["GET"]}}],"collection":[{"href":"https:\/\/www.fcfamalicao.pt\/en\/wp-json\/wp\/v2\/posts"}],"about":[{"href":"https:\/\/www.fcfamalicao.pt\/en\/wp-json\/wp\/v2\/types\/post"}],"author":[{"embeddable":true,"href":"https:\/\/www.fcfamalicao.pt\/en\/wp-json\/wp\/v2\/users\/2"}],"replies":[{"embeddable":true,"href":"https:\/\/www.fcfamalicao.pt\/en\/wp-json\/wp\/v2\/comments?post=15020"}],"version-history":[{"count":0,"href":"https:\/\/www.fcfamalicao.pt\/en\/wp-json\/wp\/v2\/posts\/15020\/revisions"}],"wp:featuredmedia":[{"embeddable":true,"href":"https:\/\/www.fcfamalicao.pt\/en\/wp-json\/wp\/v2\/media\/15022"}],"wp:attachment":[{"href":"https:\/\/www.fcfamalicao.pt\/en\/wp-json\/wp\/v2\/media?parent=15020"}],"wp:term":[{"taxonomy":"category","embeddable":true,"href":"https:\/\/www.fcfamalicao.pt\/en\/wp-json\/wp\/v2\/categories?post=15020"},{"taxonomy":"post_tag","embeddable":true,"href":"https:\/\/www.fcfamalicao.pt\/en\/wp-json\/wp\/v2\/tags?post=15020"}],"curies":[{"name":"wp","href":"https:\/\/api.w.org\/{rel}","templated":true}]}}