{"id":1544,"date":"2018-11-23T18:03:23","date_gmt":"2018-11-23T18:03:23","guid":{"rendered":"https:\/\/www.fcfamalicao.pt\/?p=1544"},"modified":"2018-11-23T18:03:23","modified_gmt":"2018-11-23T18:03:23","slug":"sub-15-iniciam-2a-fase","status":"publish","type":"post","link":"https:\/\/www.fcfamalicao.pt\/en\/sub-15-iniciam-2a-fase\/","title":{"rendered":"Sub 15 iniciam 2\u00aa fase"},"content":{"rendered":"<p>Este fim de semana, os escal\u00f5es de forma\u00e7\u00e3o do Futebol Clube de Famalic\u00e3o entram uma vez mais em a\u00e7\u00e3o nos seus respetivos campeonatos.<br \/>\nEm mais uma jornada do Campeonato Nacional de Sub19, o FC Famalic\u00e3o desloca-se ao Campo do Montinho no dia 24 de novembro pelas 15H00 para defrontar o CC Taipas, enquanto a equipa de Sub18 visita o Campo Oliveira Carvalho no dia 25 de novembro (10H00) para enfrentar o GD Caval\u00f5es em jogo a contar para a S\u00e9rie C da 1\u00aa Divis\u00e3o Distrital da AF Braga.<br \/>\nNo pr\u00f3ximo s\u00e1bado, dia 24 de novembro (15H00), a equipa de Sub16 do FC Famalic\u00e3o desloca-se ao terreno do AD Fafe para disputar mais uma jornada da Divis\u00e3o de Honra da AF Braga.<br \/>\nO destaque deste fim de semana vai para a visitar da equipa de Sub15 do FC Famalic\u00e3o ao CTFD PortoGaia no domingo, dia 25 de novembro (11H00), onde defrontar\u00e1 o FC Porto para o Campeonato Nacional do respetivo escal\u00e3o.<br \/>\nA contar para a Divis\u00e3o de Honra da AF Braga, os Sub14 do FC Famalic\u00e3o recebem no pr\u00f3ximo s\u00e1bado o GD Prado pelas 15H00, enquanto a equipa de Sub13 recebe o GD Fradelos no domingo (10H30) em jornada a contar para a S\u00e9rie D da 2\u00aa Divis\u00e3o do Campeonato Distrital da AF Braga.<br \/>\nEm Sub12 A, o FC Famalic\u00e3o visita o terreno do Evolution Soccer Academy em Santa Maria no s\u00e1bado, dia 24 de novembro (9H00), em jogo a contar para a S\u00e9rie D do Campeonato Distrital de Infantis. J\u00e1 no escal\u00e3o de Sub12 B, a contar para a S\u00e9rie F do Campeonato Distrital de Infantis, o FC Famalic\u00e3o recebe o GD Ribeir\u00e3o na Academia no s\u00e1bado pelas 9H00, enquanto no escal\u00e3o de Sub12 C, o FC Famalic\u00e3o faz a curta desloca\u00e7\u00e3o ao terreno do CRP Del\u00e3es em jogo a contar para a S\u00e9rie G do Campeonato Distrital de Infantis.<br \/>\nA equipa de Sub11 A do FC Famalic\u00e3o, nesta jornada da S\u00e9rie J do Campeonato Distrital de Benjamins, vai at\u00e9 Calend\u00e1rio no pr\u00f3ximo s\u00e1bado (15H) para defrontar a Academia Elite, enquanto a equipa de Sub11 B recebe a Didaxis na Academia do FC Famalic\u00e3o no s\u00e1bado pelas 10H15 em mais uma jornada da S\u00e9rie K do Campeonato Distrital de Benjamins.<br \/>\nEm Sub10 A, o FC Famalic\u00e3o desloca-se ao Parque Jogos Fernando Gomes no domingo (10H00) para enfrentar o Maximinense para o Campeonato Distrital de Benjamins \u2013 S\u00e9rie I. J\u00e1 a equipa de Sub10 B recebe o D. Ronfe para a S\u00e9rie N do Campeonato Distrital de Benjamins no s\u00e1bado, dia 24 de novembro (11H30). Para terminar o calend\u00e1rio desportivo deste fim de semana, a equipa de Sub9 A do FC Famalic\u00e3o recebe o GD Ribeir\u00e3o no dia 25 de novembro (9H00) em jornada a contar para a S\u00e9rie L do Campeonato Distrital de Benjamins.<\/p>\n","protected":false},"excerpt":{"rendered":"<p>Este fim de semana, os escal\u00f5es de forma\u00e7\u00e3o do Futebol Clube de Famalic\u00e3o entram uma vez mais em a\u00e7\u00e3o nos seus respetivos campeonatos. Em mais uma jornada do Campeonato Nacional de Sub19, o FC Famalic\u00e3o desloca-se ao Campo do Montinho no dia 24 de novembro pelas 15H00 para defrontar o&hellip;<\/p>\n","protected":false},"author":2,"featured_media":1545,"comment_status":"closed","ping_status":"closed","sticky":false,"template":"","format":"standard","meta":{"_acf_changed":false,"footnotes":""},"categories":[1],"tags":[],"class_list":["post-1544","post","type-post","status-publish","format-standard","has-post-thumbnail","hentry","category-noticias"],"acf":[],"yoast_head":"<!-- This site is optimized with the Yoast SEO plugin v27.1.1 - https:\/\/yoast.com\/product\/yoast-seo-wordpress\/ -->\n<title>Sub 15 iniciam 2\u00aa fase - FC Famalic\u00e3o<\/title>\n<meta name=\"robots\" content=\"index, follow, max-snippet:-1, max-image-preview:large, max-video-preview:-1\" \/>\n<link rel=\"canonical\" href=\"https:\/\/www.fcfamalicao.pt\/en\/sub-15-iniciam-2a-fase\/\" \/>\n<meta property=\"og:locale\" content=\"en_US\" \/>\n<meta property=\"og:type\" content=\"article\" \/>\n<meta property=\"og:title\" content=\"Sub 15 iniciam 2\u00aa fase - FC Famalic\u00e3o\" \/>\n<meta property=\"og:description\" content=\"Este fim de semana, os escal\u00f5es de forma\u00e7\u00e3o do Futebol Clube de Famalic\u00e3o entram uma vez mais em a\u00e7\u00e3o nos seus respetivos campeonatos. Em mais uma jornada do Campeonato Nacional de Sub19, o FC Famalic\u00e3o desloca-se ao Campo do Montinho no dia 24 de novembro pelas 15H00 para defrontar o&hellip;\" \/>\n<meta property=\"og:url\" content=\"https:\/\/www.fcfamalicao.pt\/en\/sub-15-iniciam-2a-fase\/\" \/>\n<meta property=\"og:site_name\" content=\"FC Famalic\u00e3o\" \/>\n<meta property=\"article:publisher\" content=\"https:\/\/www.facebook.com\/FCFamalicao\/\" \/>\n<meta property=\"article:published_time\" content=\"2018-11-23T18:03:23+00:00\" \/>\n<meta property=\"og:image\" content=\"https:\/\/www.fcfamalicao.pt\/wp-content\/uploads\/2018\/11\/formacaosite.jpg\" \/>\n\t<meta property=\"og:image:width\" content=\"1858\" \/>\n\t<meta property=\"og:image:height\" content=\"1801\" \/>\n\t<meta property=\"og:image:type\" content=\"image\/jpeg\" \/>\n<meta name=\"author\" content=\"fcfamalicao fcfamalicao\" \/>\n<meta name=\"twitter:card\" content=\"summary_large_image\" \/>\n<meta name=\"twitter:creator\" content=\"@fcf1931_oficial\" \/>\n<meta name=\"twitter:site\" content=\"@fcf1931_oficial\" \/>\n<meta name=\"twitter:label1\" content=\"Written by\" \/>\n\t<meta name=\"twitter:data1\" content=\"fcfamalicao fcfamalicao\" \/>\n\t<meta name=\"twitter:label2\" content=\"Est. reading time\" \/>\n\t<meta name=\"twitter:data2\" content=\"3 minutes\" \/>\n<script type=\"application\/ld+json\" class=\"yoast-schema-graph\">{\"@context\":\"https:\/\/schema.org\",\"@graph\":[{\"@type\":\"Article\",\"@id\":\"https:\/\/www.fcfamalicao.pt\/en\/sub-15-iniciam-2a-fase\/#article\",\"isPartOf\":{\"@id\":\"https:\/\/www.fcfamalicao.pt\/en\/sub-15-iniciam-2a-fase\/\"},\"author\":{\"name\":\"fcfamalicao fcfamalicao\",\"@id\":\"https:\/\/www.fcfamalicao.pt\/en\/#\/schema\/person\/713a4d367f5259360c363ad35dad9247\"},\"headline\":\"Sub 15 iniciam 2\u00aa fase\",\"datePublished\":\"2018-11-23T18:03:23+00:00\",\"mainEntityOfPage\":{\"@id\":\"https:\/\/www.fcfamalicao.pt\/en\/sub-15-iniciam-2a-fase\/\"},\"wordCount\":506,\"publisher\":{\"@id\":\"https:\/\/www.fcfamalicao.pt\/en\/#organization\"},\"image\":{\"@id\":\"https:\/\/www.fcfamalicao.pt\/en\/sub-15-iniciam-2a-fase\/#primaryimage\"},\"thumbnailUrl\":\"https:\/\/www.fcfamalicao.pt\/wp-content\/uploads\/2018\/11\/formacaosite.jpg\",\"articleSection\":[\"Not\u00edcias\"],\"inLanguage\":\"en-US\"},{\"@type\":\"WebPage\",\"@id\":\"https:\/\/www.fcfamalicao.pt\/en\/sub-15-iniciam-2a-fase\/\",\"url\":\"https:\/\/www.fcfamalicao.pt\/en\/sub-15-iniciam-2a-fase\/\",\"name\":\"Sub 15 iniciam 2\u00aa fase - FC Famalic\u00e3o\",\"isPartOf\":{\"@id\":\"https:\/\/www.fcfamalicao.pt\/en\/#website\"},\"primaryImageOfPage\":{\"@id\":\"https:\/\/www.fcfamalicao.pt\/en\/sub-15-iniciam-2a-fase\/#primaryimage\"},\"image\":{\"@id\":\"https:\/\/www.fcfamalicao.pt\/en\/sub-15-iniciam-2a-fase\/#primaryimage\"},\"thumbnailUrl\":\"https:\/\/www.fcfamalicao.pt\/wp-content\/uploads\/2018\/11\/formacaosite.jpg\",\"datePublished\":\"2018-11-23T18:03:23+00:00\",\"breadcrumb\":{\"@id\":\"https:\/\/www.fcfamalicao.pt\/en\/sub-15-iniciam-2a-fase\/#breadcrumb\"},\"inLanguage\":\"en-US\",\"potentialAction\":[{\"@type\":\"ReadAction\",\"target\":[\"https:\/\/www.fcfamalicao.pt\/en\/sub-15-iniciam-2a-fase\/\"]}]},{\"@type\":\"ImageObject\",\"inLanguage\":\"en-US\",\"@id\":\"https:\/\/www.fcfamalicao.pt\/en\/sub-15-iniciam-2a-fase\/#primaryimage\",\"url\":\"https:\/\/www.fcfamalicao.pt\/wp-content\/uploads\/2018\/11\/formacaosite.jpg\",\"contentUrl\":\"https:\/\/www.fcfamalicao.pt\/wp-content\/uploads\/2018\/11\/formacaosite.jpg\",\"width\":1858,\"height\":1801},{\"@type\":\"BreadcrumbList\",\"@id\":\"https:\/\/www.fcfamalicao.pt\/en\/sub-15-iniciam-2a-fase\/#breadcrumb\",\"itemListElement\":[{\"@type\":\"ListItem\",\"position\":1,\"name\":\"Home\",\"item\":\"https:\/\/www.fcfamalicao.pt\/en\/\"},{\"@type\":\"ListItem\",\"position\":2,\"name\":\"Sub 15 iniciam 2\u00aa fase\"}]},{\"@type\":\"WebSite\",\"@id\":\"https:\/\/www.fcfamalicao.pt\/en\/#website\",\"url\":\"https:\/\/www.fcfamalicao.pt\/en\/\",\"name\":\"FC Famalic\u00e3o\",\"description\":\"Site oficial do Futebol Clube Famalic\u00e3o. #AMORDEPERDI\u00c7\u00c3O\",\"publisher\":{\"@id\":\"https:\/\/www.fcfamalicao.pt\/en\/#organization\"},\"potentialAction\":[{\"@type\":\"SearchAction\",\"target\":{\"@type\":\"EntryPoint\",\"urlTemplate\":\"https:\/\/www.fcfamalicao.pt\/en\/?s={search_term_string}\"},\"query-input\":{\"@type\":\"PropertyValueSpecification\",\"valueRequired\":true,\"valueName\":\"search_term_string\"}}],\"inLanguage\":\"en-US\"},{\"@type\":\"Organization\",\"@id\":\"https:\/\/www.fcfamalicao.pt\/en\/#organization\",\"name\":\"FC Famalic\u00e3o\",\"url\":\"https:\/\/www.fcfamalicao.pt\/en\/\",\"logo\":{\"@type\":\"ImageObject\",\"inLanguage\":\"en-US\",\"@id\":\"https:\/\/www.fcfamalicao.pt\/en\/#\/schema\/logo\/image\/\",\"url\":\"https:\/\/www.fcfamalicao.pt\/wp-content\/uploads\/2018\/11\/fcf-logo.png\",\"contentUrl\":\"https:\/\/www.fcfamalicao.pt\/wp-content\/uploads\/2018\/11\/fcf-logo.png\",\"width\":150,\"height\":143,\"caption\":\"FC Famalic\u00e3o\"},\"image\":{\"@id\":\"https:\/\/www.fcfamalicao.pt\/en\/#\/schema\/logo\/image\/\"},\"sameAs\":[\"https:\/\/www.facebook.com\/FCFamalicao\/\",\"https:\/\/x.com\/fcf1931_oficial\",\"https:\/\/www.instagram.com\/futebolclubefamalicao\/\",\"https:\/\/www.youtube.com\/FCFamalicao1931\"]},{\"@type\":\"Person\",\"@id\":\"https:\/\/www.fcfamalicao.pt\/en\/#\/schema\/person\/713a4d367f5259360c363ad35dad9247\",\"name\":\"fcfamalicao fcfamalicao\",\"image\":{\"@type\":\"ImageObject\",\"inLanguage\":\"en-US\",\"@id\":\"https:\/\/www.fcfamalicao.pt\/en\/#\/schema\/person\/image\/\",\"url\":\"https:\/\/secure.gravatar.com\/avatar\/b37399ebd6c6b1f9808b97ddeec50eb3b762cc626cb1e17e3a8b30044160d118?s=96&d=mm&r=g\",\"contentUrl\":\"https:\/\/secure.gravatar.com\/avatar\/b37399ebd6c6b1f9808b97ddeec50eb3b762cc626cb1e17e3a8b30044160d118?s=96&d=mm&r=g\",\"caption\":\"fcfamalicao fcfamalicao\"}}]}<\/script>\n<!-- \/ Yoast SEO plugin. -->","yoast_head_json":{"title":"Sub 15 iniciam 2\u00aa fase - FC Famalic\u00e3o","robots":{"index":"index","follow":"follow","max-snippet":"max-snippet:-1","max-image-preview":"max-image-preview:large","max-video-preview":"max-video-preview:-1"},"canonical":"https:\/\/www.fcfamalicao.pt\/en\/sub-15-iniciam-2a-fase\/","og_locale":"en_US","og_type":"article","og_title":"Sub 15 iniciam 2\u00aa fase - FC Famalic\u00e3o","og_description":"Este fim de semana, os escal\u00f5es de forma\u00e7\u00e3o do Futebol Clube de Famalic\u00e3o entram uma vez mais em a\u00e7\u00e3o nos seus respetivos campeonatos. Em mais uma jornada do Campeonato Nacional de Sub19, o FC Famalic\u00e3o desloca-se ao Campo do Montinho no dia 24 de novembro pelas 15H00 para defrontar o&hellip;","og_url":"https:\/\/www.fcfamalicao.pt\/en\/sub-15-iniciam-2a-fase\/","og_site_name":"FC Famalic\u00e3o","article_publisher":"https:\/\/www.facebook.com\/FCFamalicao\/","article_published_time":"2018-11-23T18:03:23+00:00","og_image":[{"width":1858,"height":1801,"url":"https:\/\/www.fcfamalicao.pt\/wp-content\/uploads\/2018\/11\/formacaosite.jpg","type":"image\/jpeg"}],"author":"fcfamalicao fcfamalicao","twitter_card":"summary_large_image","twitter_creator":"@fcf1931_oficial","twitter_site":"@fcf1931_oficial","twitter_misc":{"Written by":"fcfamalicao fcfamalicao","Est. reading time":"3 minutes"},"schema":{"@context":"https:\/\/schema.org","@graph":[{"@type":"Article","@id":"https:\/\/www.fcfamalicao.pt\/en\/sub-15-iniciam-2a-fase\/#article","isPartOf":{"@id":"https:\/\/www.fcfamalicao.pt\/en\/sub-15-iniciam-2a-fase\/"},"author":{"name":"fcfamalicao fcfamalicao","@id":"https:\/\/www.fcfamalicao.pt\/en\/#\/schema\/person\/713a4d367f5259360c363ad35dad9247"},"headline":"Sub 15 iniciam 2\u00aa fase","datePublished":"2018-11-23T18:03:23+00:00","mainEntityOfPage":{"@id":"https:\/\/www.fcfamalicao.pt\/en\/sub-15-iniciam-2a-fase\/"},"wordCount":506,"publisher":{"@id":"https:\/\/www.fcfamalicao.pt\/en\/#organization"},"image":{"@id":"https:\/\/www.fcfamalicao.pt\/en\/sub-15-iniciam-2a-fase\/#primaryimage"},"thumbnailUrl":"https:\/\/www.fcfamalicao.pt\/wp-content\/uploads\/2018\/11\/formacaosite.jpg","articleSection":["Not\u00edcias"],"inLanguage":"en-US"},{"@type":"WebPage","@id":"https:\/\/www.fcfamalicao.pt\/en\/sub-15-iniciam-2a-fase\/","url":"https:\/\/www.fcfamalicao.pt\/en\/sub-15-iniciam-2a-fase\/","name":"Sub 15 iniciam 2\u00aa fase - FC Famalic\u00e3o","isPartOf":{"@id":"https:\/\/www.fcfamalicao.pt\/en\/#website"},"primaryImageOfPage":{"@id":"https:\/\/www.fcfamalicao.pt\/en\/sub-15-iniciam-2a-fase\/#primaryimage"},"image":{"@id":"https:\/\/www.fcfamalicao.pt\/en\/sub-15-iniciam-2a-fase\/#primaryimage"},"thumbnailUrl":"https:\/\/www.fcfamalicao.pt\/wp-content\/uploads\/2018\/11\/formacaosite.jpg","datePublished":"2018-11-23T18:03:23+00:00","breadcrumb":{"@id":"https:\/\/www.fcfamalicao.pt\/en\/sub-15-iniciam-2a-fase\/#breadcrumb"},"inLanguage":"en-US","potentialAction":[{"@type":"ReadAction","target":["https:\/\/www.fcfamalicao.pt\/en\/sub-15-iniciam-2a-fase\/"]}]},{"@type":"ImageObject","inLanguage":"en-US","@id":"https:\/\/www.fcfamalicao.pt\/en\/sub-15-iniciam-2a-fase\/#primaryimage","url":"https:\/\/www.fcfamalicao.pt\/wp-content\/uploads\/2018\/11\/formacaosite.jpg","contentUrl":"https:\/\/www.fcfamalicao.pt\/wp-content\/uploads\/2018\/11\/formacaosite.jpg","width":1858,"height":1801},{"@type":"BreadcrumbList","@id":"https:\/\/www.fcfamalicao.pt\/en\/sub-15-iniciam-2a-fase\/#breadcrumb","itemListElement":[{"@type":"ListItem","position":1,"name":"Home","item":"https:\/\/www.fcfamalicao.pt\/en\/"},{"@type":"ListItem","position":2,"name":"Sub 15 iniciam 2\u00aa fase"}]},{"@type":"WebSite","@id":"https:\/\/www.fcfamalicao.pt\/en\/#website","url":"https:\/\/www.fcfamalicao.pt\/en\/","name":"FC Famalic\u00e3o","description":"Site oficial do Futebol Clube Famalic\u00e3o. #AMORDEPERDI\u00c7\u00c3O","publisher":{"@id":"https:\/\/www.fcfamalicao.pt\/en\/#organization"},"potentialAction":[{"@type":"SearchAction","target":{"@type":"EntryPoint","urlTemplate":"https:\/\/www.fcfamalicao.pt\/en\/?s={search_term_string}"},"query-input":{"@type":"PropertyValueSpecification","valueRequired":true,"valueName":"search_term_string"}}],"inLanguage":"en-US"},{"@type":"Organization","@id":"https:\/\/www.fcfamalicao.pt\/en\/#organization","name":"FC Famalic\u00e3o","url":"https:\/\/www.fcfamalicao.pt\/en\/","logo":{"@type":"ImageObject","inLanguage":"en-US","@id":"https:\/\/www.fcfamalicao.pt\/en\/#\/schema\/logo\/image\/","url":"https:\/\/www.fcfamalicao.pt\/wp-content\/uploads\/2018\/11\/fcf-logo.png","contentUrl":"https:\/\/www.fcfamalicao.pt\/wp-content\/uploads\/2018\/11\/fcf-logo.png","width":150,"height":143,"caption":"FC Famalic\u00e3o"},"image":{"@id":"https:\/\/www.fcfamalicao.pt\/en\/#\/schema\/logo\/image\/"},"sameAs":["https:\/\/www.facebook.com\/FCFamalicao\/","https:\/\/x.com\/fcf1931_oficial","https:\/\/www.instagram.com\/futebolclubefamalicao\/","https:\/\/www.youtube.com\/FCFamalicao1931"]},{"@type":"Person","@id":"https:\/\/www.fcfamalicao.pt\/en\/#\/schema\/person\/713a4d367f5259360c363ad35dad9247","name":"fcfamalicao fcfamalicao","image":{"@type":"ImageObject","inLanguage":"en-US","@id":"https:\/\/www.fcfamalicao.pt\/en\/#\/schema\/person\/image\/","url":"https:\/\/secure.gravatar.com\/avatar\/b37399ebd6c6b1f9808b97ddeec50eb3b762cc626cb1e17e3a8b30044160d118?s=96&d=mm&r=g","contentUrl":"https:\/\/secure.gravatar.com\/avatar\/b37399ebd6c6b1f9808b97ddeec50eb3b762cc626cb1e17e3a8b30044160d118?s=96&d=mm&r=g","caption":"fcfamalicao fcfamalicao"}}]}},"_links":{"self":[{"href":"https:\/\/www.fcfamalicao.pt\/en\/wp-json\/wp\/v2\/posts\/1544","targetHints":{"allow":["GET"]}}],"collection":[{"href":"https:\/\/www.fcfamalicao.pt\/en\/wp-json\/wp\/v2\/posts"}],"about":[{"href":"https:\/\/www.fcfamalicao.pt\/en\/wp-json\/wp\/v2\/types\/post"}],"author":[{"embeddable":true,"href":"https:\/\/www.fcfamalicao.pt\/en\/wp-json\/wp\/v2\/users\/2"}],"replies":[{"embeddable":true,"href":"https:\/\/www.fcfamalicao.pt\/en\/wp-json\/wp\/v2\/comments?post=1544"}],"version-history":[{"count":0,"href":"https:\/\/www.fcfamalicao.pt\/en\/wp-json\/wp\/v2\/posts\/1544\/revisions"}],"wp:featuredmedia":[{"embeddable":true,"href":"https:\/\/www.fcfamalicao.pt\/en\/wp-json\/wp\/v2\/media\/1545"}],"wp:attachment":[{"href":"https:\/\/www.fcfamalicao.pt\/en\/wp-json\/wp\/v2\/media?parent=1544"}],"wp:term":[{"taxonomy":"category","embeddable":true,"href":"https:\/\/www.fcfamalicao.pt\/en\/wp-json\/wp\/v2\/categories?post=1544"},{"taxonomy":"post_tag","embeddable":true,"href":"https:\/\/www.fcfamalicao.pt\/en\/wp-json\/wp\/v2\/tags?post=1544"}],"curies":[{"name":"wp","href":"https:\/\/api.w.org\/{rel}","templated":true}]}}