{"id":17409,"date":"2021-09-28T16:23:08","date_gmt":"2021-09-28T16:23:08","guid":{"rendered":"https:\/\/www.fcfamalicao.pt\/?p=17409"},"modified":"2021-09-28T16:23:08","modified_gmt":"2021-09-28T16:23:08","slug":"informacao-de-bilhetica","status":"publish","type":"post","link":"https:\/\/www.fcfamalicao.pt\/en\/informacao-de-bilhetica\/","title":{"rendered":"Informa\u00e7\u00e3o de Bilh\u00e9tica"},"content":{"rendered":"<p>Tendo como premissa a valoriza\u00e7\u00e3o do espet\u00e1culo desportivo, no qual os adeptos s\u00e3o um elemento fundamental, o Futebol Clube de Famalic\u00e3o \u2013 Futebol SAD \u00e9 apologista da mobiliza\u00e7\u00e3o de p\u00fablico em todos os jogos. O nosso clube \u00e9 considerado, unanimemente, um dos bons exemplos no que concerne ao apoio que os adeptos, jornada ap\u00f3s jornada, manifestam \u00e0 sua equipa.<\/p>\n<p>Nesse sentido, o Futebol Clube de Famalic\u00e3o \u2013 Futebol SAD mostra-se sempre dispon\u00edvel para apresentar solu\u00e7\u00f5es \u00e0s entidades competentes face \u00e0s normas atualmente em vigor relativamente \u00e0 presen\u00e7a de p\u00fablico.<\/p>\n<p>No decorrer da temporada passada, o Est\u00e1dio Municipal de Famalic\u00e3o foi alvo de vistorias com o intuito de criar duas \u00e1reas de Zona com Condi\u00e7\u00f5es Especiais de Acesso e Perman\u00eancia (ZCEAP), uma localizada no setor visitado e outra no setor visitante.<br \/>\nDestas vistorias resultou a cria\u00e7\u00e3o de uma ZCEAP no setor visitado (a qual j\u00e1 est\u00e1 em funcionamento), enquanto para o setor visitante ficou determinado que a bancada seria exclusivamente para os detentores de cart\u00e3o do adepto, n\u00e3o existindo abertura das entidades para a cria\u00e7\u00e3o de duas \u00e1reas (p\u00fablico geral visitante e ZCEAP) neste setor.<\/p>\n<p>Face a esta determina\u00e7\u00e3o, o Futebol Clube de Famalic\u00e3o \u2013 Futebol SAD apresentou propostas para que o p\u00fablico afeto \u00e0s equipas visitantes n\u00e3o fosse exclusivo \u00e0s ZCEAP. \u00c0 \u00faltima destas solu\u00e7\u00f5es obtivemos a anu\u00eancia das for\u00e7as de seguran\u00e7a para a cria\u00e7\u00e3o das duas referidas \u00e1reas no setor visitante, carecendo, todavia, a resposta de outras entidades competentes.<\/p>\n","protected":false},"excerpt":{"rendered":"<p>Tendo como premissa a valoriza\u00e7\u00e3o do espet\u00e1culo desportivo, no qual os adeptos s\u00e3o um elemento fundamental, o Futebol Clube de Famalic\u00e3o \u2013 Futebol SAD \u00e9 apologista da mobiliza\u00e7\u00e3o de p\u00fablico em todos os jogos. O nosso clube \u00e9 considerado, unanimemente, um dos bons exemplos no que concerne ao apoio que&hellip;<\/p>\n","protected":false},"author":2,"featured_media":17410,"comment_status":"closed","ping_status":"closed","sticky":false,"template":"","format":"standard","meta":{"_acf_changed":false,"footnotes":""},"categories":[1],"tags":[],"class_list":["post-17409","post","type-post","status-publish","format-standard","has-post-thumbnail","hentry","category-noticias"],"acf":[],"yoast_head":"<!-- This site is optimized with the Yoast SEO plugin v27.1.1 - https:\/\/yoast.com\/product\/yoast-seo-wordpress\/ -->\n<title>Informa\u00e7\u00e3o de Bilh\u00e9tica - FC Famalic\u00e3o<\/title>\n<meta name=\"robots\" content=\"index, follow, max-snippet:-1, max-image-preview:large, max-video-preview:-1\" \/>\n<link rel=\"canonical\" href=\"https:\/\/www.fcfamalicao.pt\/en\/informacao-de-bilhetica\/\" \/>\n<meta property=\"og:locale\" content=\"en_US\" \/>\n<meta property=\"og:type\" content=\"article\" \/>\n<meta property=\"og:title\" content=\"Informa\u00e7\u00e3o de Bilh\u00e9tica - FC Famalic\u00e3o\" \/>\n<meta property=\"og:description\" content=\"Tendo como premissa a valoriza\u00e7\u00e3o do espet\u00e1culo desportivo, no qual os adeptos s\u00e3o um elemento fundamental, o Futebol Clube de Famalic\u00e3o \u2013 Futebol SAD \u00e9 apologista da mobiliza\u00e7\u00e3o de p\u00fablico em todos os jogos. O nosso clube \u00e9 considerado, unanimemente, um dos bons exemplos no que concerne ao apoio que&hellip;\" \/>\n<meta property=\"og:url\" content=\"https:\/\/www.fcfamalicao.pt\/en\/informacao-de-bilhetica\/\" \/>\n<meta property=\"og:site_name\" content=\"FC Famalic\u00e3o\" \/>\n<meta property=\"article:publisher\" content=\"https:\/\/www.facebook.com\/FCFamalicao\/\" \/>\n<meta property=\"article:published_time\" content=\"2021-09-28T16:23:08+00:00\" \/>\n<meta property=\"og:image\" content=\"https:\/\/www.fcfamalicao.pt\/wp-content\/uploads\/2021\/09\/vs_portoIMG_2249_Easy-Resize.com_.jpg\" \/>\n\t<meta property=\"og:image:width\" content=\"1280\" \/>\n\t<meta property=\"og:image:height\" content=\"853\" \/>\n\t<meta property=\"og:image:type\" content=\"image\/jpeg\" \/>\n<meta name=\"author\" content=\"fcfamalicao fcfamalicao\" \/>\n<meta name=\"twitter:card\" content=\"summary_large_image\" \/>\n<meta name=\"twitter:creator\" content=\"@fcf1931_oficial\" \/>\n<meta name=\"twitter:site\" content=\"@fcf1931_oficial\" \/>\n<meta name=\"twitter:label1\" content=\"Written by\" \/>\n\t<meta name=\"twitter:data1\" content=\"fcfamalicao fcfamalicao\" \/>\n\t<meta name=\"twitter:label2\" content=\"Est. reading time\" \/>\n\t<meta name=\"twitter:data2\" content=\"1 minute\" \/>\n<script type=\"application\/ld+json\" class=\"yoast-schema-graph\">{\"@context\":\"https:\/\/schema.org\",\"@graph\":[{\"@type\":\"Article\",\"@id\":\"https:\/\/www.fcfamalicao.pt\/en\/informacao-de-bilhetica\/#article\",\"isPartOf\":{\"@id\":\"https:\/\/www.fcfamalicao.pt\/en\/informacao-de-bilhetica\/\"},\"author\":{\"name\":\"fcfamalicao fcfamalicao\",\"@id\":\"https:\/\/www.fcfamalicao.pt\/en\/#\/schema\/person\/713a4d367f5259360c363ad35dad9247\"},\"headline\":\"Informa\u00e7\u00e3o de Bilh\u00e9tica\",\"datePublished\":\"2021-09-28T16:23:08+00:00\",\"mainEntityOfPage\":{\"@id\":\"https:\/\/www.fcfamalicao.pt\/en\/informacao-de-bilhetica\/\"},\"wordCount\":267,\"publisher\":{\"@id\":\"https:\/\/www.fcfamalicao.pt\/en\/#organization\"},\"image\":{\"@id\":\"https:\/\/www.fcfamalicao.pt\/en\/informacao-de-bilhetica\/#primaryimage\"},\"thumbnailUrl\":\"https:\/\/www.fcfamalicao.pt\/wp-content\/uploads\/2021\/09\/vs_portoIMG_2249_Easy-Resize.com_.jpg\",\"articleSection\":[\"Not\u00edcias\"],\"inLanguage\":\"en-US\"},{\"@type\":\"WebPage\",\"@id\":\"https:\/\/www.fcfamalicao.pt\/en\/informacao-de-bilhetica\/\",\"url\":\"https:\/\/www.fcfamalicao.pt\/en\/informacao-de-bilhetica\/\",\"name\":\"Informa\u00e7\u00e3o de Bilh\u00e9tica - FC Famalic\u00e3o\",\"isPartOf\":{\"@id\":\"https:\/\/www.fcfamalicao.pt\/en\/#website\"},\"primaryImageOfPage\":{\"@id\":\"https:\/\/www.fcfamalicao.pt\/en\/informacao-de-bilhetica\/#primaryimage\"},\"image\":{\"@id\":\"https:\/\/www.fcfamalicao.pt\/en\/informacao-de-bilhetica\/#primaryimage\"},\"thumbnailUrl\":\"https:\/\/www.fcfamalicao.pt\/wp-content\/uploads\/2021\/09\/vs_portoIMG_2249_Easy-Resize.com_.jpg\",\"datePublished\":\"2021-09-28T16:23:08+00:00\",\"breadcrumb\":{\"@id\":\"https:\/\/www.fcfamalicao.pt\/en\/informacao-de-bilhetica\/#breadcrumb\"},\"inLanguage\":\"en-US\",\"potentialAction\":[{\"@type\":\"ReadAction\",\"target\":[\"https:\/\/www.fcfamalicao.pt\/en\/informacao-de-bilhetica\/\"]}]},{\"@type\":\"ImageObject\",\"inLanguage\":\"en-US\",\"@id\":\"https:\/\/www.fcfamalicao.pt\/en\/informacao-de-bilhetica\/#primaryimage\",\"url\":\"https:\/\/www.fcfamalicao.pt\/wp-content\/uploads\/2021\/09\/vs_portoIMG_2249_Easy-Resize.com_.jpg\",\"contentUrl\":\"https:\/\/www.fcfamalicao.pt\/wp-content\/uploads\/2021\/09\/vs_portoIMG_2249_Easy-Resize.com_.jpg\",\"width\":1280,\"height\":853},{\"@type\":\"BreadcrumbList\",\"@id\":\"https:\/\/www.fcfamalicao.pt\/en\/informacao-de-bilhetica\/#breadcrumb\",\"itemListElement\":[{\"@type\":\"ListItem\",\"position\":1,\"name\":\"Home\",\"item\":\"https:\/\/www.fcfamalicao.pt\/en\/\"},{\"@type\":\"ListItem\",\"position\":2,\"name\":\"Informa\u00e7\u00e3o de Bilh\u00e9tica\"}]},{\"@type\":\"WebSite\",\"@id\":\"https:\/\/www.fcfamalicao.pt\/en\/#website\",\"url\":\"https:\/\/www.fcfamalicao.pt\/en\/\",\"name\":\"FC Famalic\u00e3o\",\"description\":\"Site oficial do Futebol Clube Famalic\u00e3o. #AMORDEPERDI\u00c7\u00c3O\",\"publisher\":{\"@id\":\"https:\/\/www.fcfamalicao.pt\/en\/#organization\"},\"potentialAction\":[{\"@type\":\"SearchAction\",\"target\":{\"@type\":\"EntryPoint\",\"urlTemplate\":\"https:\/\/www.fcfamalicao.pt\/en\/?s={search_term_string}\"},\"query-input\":{\"@type\":\"PropertyValueSpecification\",\"valueRequired\":true,\"valueName\":\"search_term_string\"}}],\"inLanguage\":\"en-US\"},{\"@type\":\"Organization\",\"@id\":\"https:\/\/www.fcfamalicao.pt\/en\/#organization\",\"name\":\"FC Famalic\u00e3o\",\"url\":\"https:\/\/www.fcfamalicao.pt\/en\/\",\"logo\":{\"@type\":\"ImageObject\",\"inLanguage\":\"en-US\",\"@id\":\"https:\/\/www.fcfamalicao.pt\/en\/#\/schema\/logo\/image\/\",\"url\":\"https:\/\/www.fcfamalicao.pt\/wp-content\/uploads\/2018\/11\/fcf-logo.png\",\"contentUrl\":\"https:\/\/www.fcfamalicao.pt\/wp-content\/uploads\/2018\/11\/fcf-logo.png\",\"width\":150,\"height\":143,\"caption\":\"FC Famalic\u00e3o\"},\"image\":{\"@id\":\"https:\/\/www.fcfamalicao.pt\/en\/#\/schema\/logo\/image\/\"},\"sameAs\":[\"https:\/\/www.facebook.com\/FCFamalicao\/\",\"https:\/\/x.com\/fcf1931_oficial\",\"https:\/\/www.instagram.com\/futebolclubefamalicao\/\",\"https:\/\/www.youtube.com\/FCFamalicao1931\"]},{\"@type\":\"Person\",\"@id\":\"https:\/\/www.fcfamalicao.pt\/en\/#\/schema\/person\/713a4d367f5259360c363ad35dad9247\",\"name\":\"fcfamalicao fcfamalicao\",\"image\":{\"@type\":\"ImageObject\",\"inLanguage\":\"en-US\",\"@id\":\"https:\/\/www.fcfamalicao.pt\/en\/#\/schema\/person\/image\/\",\"url\":\"https:\/\/secure.gravatar.com\/avatar\/b37399ebd6c6b1f9808b97ddeec50eb3b762cc626cb1e17e3a8b30044160d118?s=96&d=mm&r=g\",\"contentUrl\":\"https:\/\/secure.gravatar.com\/avatar\/b37399ebd6c6b1f9808b97ddeec50eb3b762cc626cb1e17e3a8b30044160d118?s=96&d=mm&r=g\",\"caption\":\"fcfamalicao fcfamalicao\"}}]}<\/script>\n<!-- \/ Yoast SEO plugin. -->","yoast_head_json":{"title":"Informa\u00e7\u00e3o de Bilh\u00e9tica - FC Famalic\u00e3o","robots":{"index":"index","follow":"follow","max-snippet":"max-snippet:-1","max-image-preview":"max-image-preview:large","max-video-preview":"max-video-preview:-1"},"canonical":"https:\/\/www.fcfamalicao.pt\/en\/informacao-de-bilhetica\/","og_locale":"en_US","og_type":"article","og_title":"Informa\u00e7\u00e3o de Bilh\u00e9tica - FC Famalic\u00e3o","og_description":"Tendo como premissa a valoriza\u00e7\u00e3o do espet\u00e1culo desportivo, no qual os adeptos s\u00e3o um elemento fundamental, o Futebol Clube de Famalic\u00e3o \u2013 Futebol SAD \u00e9 apologista da mobiliza\u00e7\u00e3o de p\u00fablico em todos os jogos. O nosso clube \u00e9 considerado, unanimemente, um dos bons exemplos no que concerne ao apoio que&hellip;","og_url":"https:\/\/www.fcfamalicao.pt\/en\/informacao-de-bilhetica\/","og_site_name":"FC Famalic\u00e3o","article_publisher":"https:\/\/www.facebook.com\/FCFamalicao\/","article_published_time":"2021-09-28T16:23:08+00:00","og_image":[{"width":1280,"height":853,"url":"https:\/\/www.fcfamalicao.pt\/wp-content\/uploads\/2021\/09\/vs_portoIMG_2249_Easy-Resize.com_.jpg","type":"image\/jpeg"}],"author":"fcfamalicao fcfamalicao","twitter_card":"summary_large_image","twitter_creator":"@fcf1931_oficial","twitter_site":"@fcf1931_oficial","twitter_misc":{"Written by":"fcfamalicao fcfamalicao","Est. reading time":"1 minute"},"schema":{"@context":"https:\/\/schema.org","@graph":[{"@type":"Article","@id":"https:\/\/www.fcfamalicao.pt\/en\/informacao-de-bilhetica\/#article","isPartOf":{"@id":"https:\/\/www.fcfamalicao.pt\/en\/informacao-de-bilhetica\/"},"author":{"name":"fcfamalicao fcfamalicao","@id":"https:\/\/www.fcfamalicao.pt\/en\/#\/schema\/person\/713a4d367f5259360c363ad35dad9247"},"headline":"Informa\u00e7\u00e3o de Bilh\u00e9tica","datePublished":"2021-09-28T16:23:08+00:00","mainEntityOfPage":{"@id":"https:\/\/www.fcfamalicao.pt\/en\/informacao-de-bilhetica\/"},"wordCount":267,"publisher":{"@id":"https:\/\/www.fcfamalicao.pt\/en\/#organization"},"image":{"@id":"https:\/\/www.fcfamalicao.pt\/en\/informacao-de-bilhetica\/#primaryimage"},"thumbnailUrl":"https:\/\/www.fcfamalicao.pt\/wp-content\/uploads\/2021\/09\/vs_portoIMG_2249_Easy-Resize.com_.jpg","articleSection":["Not\u00edcias"],"inLanguage":"en-US"},{"@type":"WebPage","@id":"https:\/\/www.fcfamalicao.pt\/en\/informacao-de-bilhetica\/","url":"https:\/\/www.fcfamalicao.pt\/en\/informacao-de-bilhetica\/","name":"Informa\u00e7\u00e3o de Bilh\u00e9tica - FC Famalic\u00e3o","isPartOf":{"@id":"https:\/\/www.fcfamalicao.pt\/en\/#website"},"primaryImageOfPage":{"@id":"https:\/\/www.fcfamalicao.pt\/en\/informacao-de-bilhetica\/#primaryimage"},"image":{"@id":"https:\/\/www.fcfamalicao.pt\/en\/informacao-de-bilhetica\/#primaryimage"},"thumbnailUrl":"https:\/\/www.fcfamalicao.pt\/wp-content\/uploads\/2021\/09\/vs_portoIMG_2249_Easy-Resize.com_.jpg","datePublished":"2021-09-28T16:23:08+00:00","breadcrumb":{"@id":"https:\/\/www.fcfamalicao.pt\/en\/informacao-de-bilhetica\/#breadcrumb"},"inLanguage":"en-US","potentialAction":[{"@type":"ReadAction","target":["https:\/\/www.fcfamalicao.pt\/en\/informacao-de-bilhetica\/"]}]},{"@type":"ImageObject","inLanguage":"en-US","@id":"https:\/\/www.fcfamalicao.pt\/en\/informacao-de-bilhetica\/#primaryimage","url":"https:\/\/www.fcfamalicao.pt\/wp-content\/uploads\/2021\/09\/vs_portoIMG_2249_Easy-Resize.com_.jpg","contentUrl":"https:\/\/www.fcfamalicao.pt\/wp-content\/uploads\/2021\/09\/vs_portoIMG_2249_Easy-Resize.com_.jpg","width":1280,"height":853},{"@type":"BreadcrumbList","@id":"https:\/\/www.fcfamalicao.pt\/en\/informacao-de-bilhetica\/#breadcrumb","itemListElement":[{"@type":"ListItem","position":1,"name":"Home","item":"https:\/\/www.fcfamalicao.pt\/en\/"},{"@type":"ListItem","position":2,"name":"Informa\u00e7\u00e3o de Bilh\u00e9tica"}]},{"@type":"WebSite","@id":"https:\/\/www.fcfamalicao.pt\/en\/#website","url":"https:\/\/www.fcfamalicao.pt\/en\/","name":"FC Famalic\u00e3o","description":"Site oficial do Futebol Clube Famalic\u00e3o. #AMORDEPERDI\u00c7\u00c3O","publisher":{"@id":"https:\/\/www.fcfamalicao.pt\/en\/#organization"},"potentialAction":[{"@type":"SearchAction","target":{"@type":"EntryPoint","urlTemplate":"https:\/\/www.fcfamalicao.pt\/en\/?s={search_term_string}"},"query-input":{"@type":"PropertyValueSpecification","valueRequired":true,"valueName":"search_term_string"}}],"inLanguage":"en-US"},{"@type":"Organization","@id":"https:\/\/www.fcfamalicao.pt\/en\/#organization","name":"FC Famalic\u00e3o","url":"https:\/\/www.fcfamalicao.pt\/en\/","logo":{"@type":"ImageObject","inLanguage":"en-US","@id":"https:\/\/www.fcfamalicao.pt\/en\/#\/schema\/logo\/image\/","url":"https:\/\/www.fcfamalicao.pt\/wp-content\/uploads\/2018\/11\/fcf-logo.png","contentUrl":"https:\/\/www.fcfamalicao.pt\/wp-content\/uploads\/2018\/11\/fcf-logo.png","width":150,"height":143,"caption":"FC Famalic\u00e3o"},"image":{"@id":"https:\/\/www.fcfamalicao.pt\/en\/#\/schema\/logo\/image\/"},"sameAs":["https:\/\/www.facebook.com\/FCFamalicao\/","https:\/\/x.com\/fcf1931_oficial","https:\/\/www.instagram.com\/futebolclubefamalicao\/","https:\/\/www.youtube.com\/FCFamalicao1931"]},{"@type":"Person","@id":"https:\/\/www.fcfamalicao.pt\/en\/#\/schema\/person\/713a4d367f5259360c363ad35dad9247","name":"fcfamalicao fcfamalicao","image":{"@type":"ImageObject","inLanguage":"en-US","@id":"https:\/\/www.fcfamalicao.pt\/en\/#\/schema\/person\/image\/","url":"https:\/\/secure.gravatar.com\/avatar\/b37399ebd6c6b1f9808b97ddeec50eb3b762cc626cb1e17e3a8b30044160d118?s=96&d=mm&r=g","contentUrl":"https:\/\/secure.gravatar.com\/avatar\/b37399ebd6c6b1f9808b97ddeec50eb3b762cc626cb1e17e3a8b30044160d118?s=96&d=mm&r=g","caption":"fcfamalicao fcfamalicao"}}]}},"_links":{"self":[{"href":"https:\/\/www.fcfamalicao.pt\/en\/wp-json\/wp\/v2\/posts\/17409","targetHints":{"allow":["GET"]}}],"collection":[{"href":"https:\/\/www.fcfamalicao.pt\/en\/wp-json\/wp\/v2\/posts"}],"about":[{"href":"https:\/\/www.fcfamalicao.pt\/en\/wp-json\/wp\/v2\/types\/post"}],"author":[{"embeddable":true,"href":"https:\/\/www.fcfamalicao.pt\/en\/wp-json\/wp\/v2\/users\/2"}],"replies":[{"embeddable":true,"href":"https:\/\/www.fcfamalicao.pt\/en\/wp-json\/wp\/v2\/comments?post=17409"}],"version-history":[{"count":0,"href":"https:\/\/www.fcfamalicao.pt\/en\/wp-json\/wp\/v2\/posts\/17409\/revisions"}],"wp:featuredmedia":[{"embeddable":true,"href":"https:\/\/www.fcfamalicao.pt\/en\/wp-json\/wp\/v2\/media\/17410"}],"wp:attachment":[{"href":"https:\/\/www.fcfamalicao.pt\/en\/wp-json\/wp\/v2\/media?parent=17409"}],"wp:term":[{"taxonomy":"category","embeddable":true,"href":"https:\/\/www.fcfamalicao.pt\/en\/wp-json\/wp\/v2\/categories?post=17409"},{"taxonomy":"post_tag","embeddable":true,"href":"https:\/\/www.fcfamalicao.pt\/en\/wp-json\/wp\/v2\/tags?post=17409"}],"curies":[{"name":"wp","href":"https:\/\/api.w.org\/{rel}","templated":true}]}}