{"id":21321,"date":"2022-06-03T12:02:38","date_gmt":"2022-06-03T11:02:38","guid":{"rendered":"https:\/\/www.fcfamalicao.pt\/?p=21321"},"modified":"2022-06-03T15:03:58","modified_gmt":"2022-06-03T14:03:58","slug":"gustavo-sa-renova-ate-2025","status":"publish","type":"post","link":"https:\/\/www.fcfamalicao.pt\/en\/gustavo-sa-renova-ate-2025\/","title":{"rendered":"Gustavo S\u00e1 renova at\u00e9 2025"},"content":{"rendered":"<p>Gustavo S\u00e1 prolongou o v\u00ednculo contratual com o Futebol Clube de Famalic\u00e3o. O m\u00e9dio ofensivo, de 17 anos, foi figura central da equipa sub-19 na I Divis\u00e3o Nacional e est\u00e1 agora vinculado ao nosso clube at\u00e9 2025.<\/p>\n<p>A envergar a camisola do Futebol Clube de Famalic\u00e3o desde o escal\u00e3o sub-15, Gustavo S\u00e1 realizou uma temporada de excelente n\u00edvel no Campeonato Nacional de sub-19. Os 10 golos apontados valeram-lhe a chamada \u00e0 sele\u00e7\u00e3o nacional sub-18, na qual tem sido presen\u00e7a ass\u00eddua nas \u00faltimas convocat\u00f3rias.<\/p>\n<p>Depois da estreia em fevereiro, em Marbelha, o m\u00e9dio ajudou a equipa das Quinas a conquistar, em mar\u00e7o, o Torneio Internacional do Porto, competi\u00e7\u00e3o na qual assinou dois golos em tr\u00eas jogos. J\u00e1 para os meses de junho e julho, integra as convocat\u00f3rias para o Torneio Internacional de Lisboa e para os Jogos do Mediterr\u00e2neo.<\/p>\n<p><iframe loading=\"lazy\" title=\"Gustavo S\u00e1 renova at\u00e9 2025\" width=\"500\" height=\"281\" src=\"https:\/\/www.youtube.com\/embed\/DfyRRHo6goo?feature=oembed\" frameborder=\"0\" allow=\"accelerometer; autoplay; clipboard-write; encrypted-media; gyroscope; picture-in-picture; web-share\" referrerpolicy=\"strict-origin-when-cross-origin\" allowfullscreen><\/iframe><\/p>\n<p>\u201cN\u00e3o poderia pedir mais nada para o meu futuro. Esta renova\u00e7\u00e3o \u00e9 um grande passo no meu percurso e uma grande prova de confian\u00e7a do clube nas minhas capacidades\u201d, enalteceu, revelando \u201co sonho\u201d de se estrear pelo clube na I Liga Portuguesa.<\/p>\n<p>\u201cJogo nas posi\u00e7\u00f5es 8 e 10. Gosto de ir buscar jogo a zonas mais baixas, mas tamb\u00e9m de apresentar em zonas de finaliza\u00e7\u00e3o para ajudar a equipa com golos\u201d, apresenta-se.<\/p>\n<p>Numa temporada \u00edmpar para o nosso clube, Gustavo S\u00e1 foi um dos nove jogadores do Futebol Clube de Famalic\u00e3o a ser chamado para representar a respetiva sele\u00e7\u00e3o nacional.<\/p>\n","protected":false},"excerpt":{"rendered":"<p>Gustavo S\u00e1 prolongou o v\u00ednculo contratual com o Futebol Clube de Famalic\u00e3o. O m\u00e9dio ofensivo, de 17 anos, foi figura central da equipa sub-19 na I Divis\u00e3o Nacional e est\u00e1 agora vinculado ao nosso clube at\u00e9 2025. A envergar a camisola do Futebol Clube de Famalic\u00e3o desde o escal\u00e3o sub-15,&hellip;<\/p>\n","protected":false},"author":2,"featured_media":21322,"comment_status":"closed","ping_status":"closed","sticky":false,"template":"","format":"standard","meta":{"_acf_changed":false,"footnotes":""},"categories":[1],"tags":[],"class_list":["post-21321","post","type-post","status-publish","format-standard","has-post-thumbnail","hentry","category-noticias"],"acf":[],"yoast_head":"<!-- This site is optimized with the Yoast SEO plugin v27.1.1 - https:\/\/yoast.com\/product\/yoast-seo-wordpress\/ -->\n<title>Gustavo S\u00e1 renova at\u00e9 2025 - FC Famalic\u00e3o<\/title>\n<meta name=\"robots\" content=\"index, follow, max-snippet:-1, max-image-preview:large, max-video-preview:-1\" \/>\n<link rel=\"canonical\" href=\"https:\/\/www.fcfamalicao.pt\/en\/gustavo-sa-renova-ate-2025\/\" \/>\n<meta property=\"og:locale\" content=\"en_US\" \/>\n<meta property=\"og:type\" content=\"article\" \/>\n<meta property=\"og:title\" content=\"Gustavo S\u00e1 renova at\u00e9 2025 - FC Famalic\u00e3o\" \/>\n<meta property=\"og:description\" content=\"Gustavo S\u00e1 prolongou o v\u00ednculo contratual com o Futebol Clube de Famalic\u00e3o. O m\u00e9dio ofensivo, de 17 anos, foi figura central da equipa sub-19 na I Divis\u00e3o Nacional e est\u00e1 agora vinculado ao nosso clube at\u00e9 2025. A envergar a camisola do Futebol Clube de Famalic\u00e3o desde o escal\u00e3o sub-15,&hellip;\" \/>\n<meta property=\"og:url\" content=\"https:\/\/www.fcfamalicao.pt\/en\/gustavo-sa-renova-ate-2025\/\" \/>\n<meta property=\"og:site_name\" content=\"FC Famalic\u00e3o\" \/>\n<meta property=\"article:publisher\" content=\"https:\/\/www.facebook.com\/FCFamalicao\/\" \/>\n<meta property=\"article:published_time\" content=\"2022-06-03T11:02:38+00:00\" \/>\n<meta property=\"article:modified_time\" content=\"2022-06-03T14:03:58+00:00\" \/>\n<meta property=\"og:image\" content=\"https:\/\/www.fcfamalicao.pt\/wp-content\/uploads\/2022\/06\/renovac\u0327ao_gustavosa2F7A1130-scaled.jpg\" \/>\n\t<meta property=\"og:image:width\" content=\"2560\" \/>\n\t<meta property=\"og:image:height\" content=\"1707\" \/>\n\t<meta property=\"og:image:type\" content=\"image\/jpeg\" \/>\n<meta name=\"author\" content=\"fcfamalicao fcfamalicao\" \/>\n<meta name=\"twitter:card\" content=\"summary_large_image\" \/>\n<meta name=\"twitter:creator\" content=\"@fcf1931_oficial\" \/>\n<meta name=\"twitter:site\" content=\"@fcf1931_oficial\" \/>\n<meta name=\"twitter:label1\" content=\"Written by\" \/>\n\t<meta name=\"twitter:data1\" content=\"fcfamalicao fcfamalicao\" \/>\n\t<meta name=\"twitter:label2\" content=\"Est. reading time\" \/>\n\t<meta name=\"twitter:data2\" content=\"2 minutes\" \/>\n<script type=\"application\/ld+json\" class=\"yoast-schema-graph\">{\"@context\":\"https:\/\/schema.org\",\"@graph\":[{\"@type\":\"Article\",\"@id\":\"https:\/\/www.fcfamalicao.pt\/en\/gustavo-sa-renova-ate-2025\/#article\",\"isPartOf\":{\"@id\":\"https:\/\/www.fcfamalicao.pt\/en\/gustavo-sa-renova-ate-2025\/\"},\"author\":{\"name\":\"fcfamalicao fcfamalicao\",\"@id\":\"https:\/\/www.fcfamalicao.pt\/en\/#\/schema\/person\/713a4d367f5259360c363ad35dad9247\"},\"headline\":\"Gustavo S\u00e1 renova at\u00e9 2025\",\"datePublished\":\"2022-06-03T11:02:38+00:00\",\"dateModified\":\"2022-06-03T14:03:58+00:00\",\"mainEntityOfPage\":{\"@id\":\"https:\/\/www.fcfamalicao.pt\/en\/gustavo-sa-renova-ate-2025\/\"},\"wordCount\":270,\"publisher\":{\"@id\":\"https:\/\/www.fcfamalicao.pt\/en\/#organization\"},\"image\":{\"@id\":\"https:\/\/www.fcfamalicao.pt\/en\/gustavo-sa-renova-ate-2025\/#primaryimage\"},\"thumbnailUrl\":\"https:\/\/www.fcfamalicao.pt\/wp-content\/uploads\/2022\/06\/renovac\u0327ao_gustavosa2F7A1130-scaled.jpg\",\"articleSection\":[\"Not\u00edcias\"],\"inLanguage\":\"en-US\"},{\"@type\":\"WebPage\",\"@id\":\"https:\/\/www.fcfamalicao.pt\/en\/gustavo-sa-renova-ate-2025\/\",\"url\":\"https:\/\/www.fcfamalicao.pt\/en\/gustavo-sa-renova-ate-2025\/\",\"name\":\"Gustavo S\u00e1 renova at\u00e9 2025 - FC Famalic\u00e3o\",\"isPartOf\":{\"@id\":\"https:\/\/www.fcfamalicao.pt\/en\/#website\"},\"primaryImageOfPage\":{\"@id\":\"https:\/\/www.fcfamalicao.pt\/en\/gustavo-sa-renova-ate-2025\/#primaryimage\"},\"image\":{\"@id\":\"https:\/\/www.fcfamalicao.pt\/en\/gustavo-sa-renova-ate-2025\/#primaryimage\"},\"thumbnailUrl\":\"https:\/\/www.fcfamalicao.pt\/wp-content\/uploads\/2022\/06\/renovac\u0327ao_gustavosa2F7A1130-scaled.jpg\",\"datePublished\":\"2022-06-03T11:02:38+00:00\",\"dateModified\":\"2022-06-03T14:03:58+00:00\",\"breadcrumb\":{\"@id\":\"https:\/\/www.fcfamalicao.pt\/en\/gustavo-sa-renova-ate-2025\/#breadcrumb\"},\"inLanguage\":\"en-US\",\"potentialAction\":[{\"@type\":\"ReadAction\",\"target\":[\"https:\/\/www.fcfamalicao.pt\/en\/gustavo-sa-renova-ate-2025\/\"]}]},{\"@type\":\"ImageObject\",\"inLanguage\":\"en-US\",\"@id\":\"https:\/\/www.fcfamalicao.pt\/en\/gustavo-sa-renova-ate-2025\/#primaryimage\",\"url\":\"https:\/\/www.fcfamalicao.pt\/wp-content\/uploads\/2022\/06\/renovac\u0327ao_gustavosa2F7A1130-scaled.jpg\",\"contentUrl\":\"https:\/\/www.fcfamalicao.pt\/wp-content\/uploads\/2022\/06\/renovac\u0327ao_gustavosa2F7A1130-scaled.jpg\",\"width\":2560,\"height\":1707},{\"@type\":\"BreadcrumbList\",\"@id\":\"https:\/\/www.fcfamalicao.pt\/en\/gustavo-sa-renova-ate-2025\/#breadcrumb\",\"itemListElement\":[{\"@type\":\"ListItem\",\"position\":1,\"name\":\"Home\",\"item\":\"https:\/\/www.fcfamalicao.pt\/en\/\"},{\"@type\":\"ListItem\",\"position\":2,\"name\":\"Gustavo S\u00e1 renova at\u00e9 2025\"}]},{\"@type\":\"WebSite\",\"@id\":\"https:\/\/www.fcfamalicao.pt\/en\/#website\",\"url\":\"https:\/\/www.fcfamalicao.pt\/en\/\",\"name\":\"FC Famalic\u00e3o\",\"description\":\"Site oficial do Futebol Clube Famalic\u00e3o. #AMORDEPERDI\u00c7\u00c3O\",\"publisher\":{\"@id\":\"https:\/\/www.fcfamalicao.pt\/en\/#organization\"},\"potentialAction\":[{\"@type\":\"SearchAction\",\"target\":{\"@type\":\"EntryPoint\",\"urlTemplate\":\"https:\/\/www.fcfamalicao.pt\/en\/?s={search_term_string}\"},\"query-input\":{\"@type\":\"PropertyValueSpecification\",\"valueRequired\":true,\"valueName\":\"search_term_string\"}}],\"inLanguage\":\"en-US\"},{\"@type\":\"Organization\",\"@id\":\"https:\/\/www.fcfamalicao.pt\/en\/#organization\",\"name\":\"FC Famalic\u00e3o\",\"url\":\"https:\/\/www.fcfamalicao.pt\/en\/\",\"logo\":{\"@type\":\"ImageObject\",\"inLanguage\":\"en-US\",\"@id\":\"https:\/\/www.fcfamalicao.pt\/en\/#\/schema\/logo\/image\/\",\"url\":\"https:\/\/www.fcfamalicao.pt\/wp-content\/uploads\/2018\/11\/fcf-logo.png\",\"contentUrl\":\"https:\/\/www.fcfamalicao.pt\/wp-content\/uploads\/2018\/11\/fcf-logo.png\",\"width\":150,\"height\":143,\"caption\":\"FC Famalic\u00e3o\"},\"image\":{\"@id\":\"https:\/\/www.fcfamalicao.pt\/en\/#\/schema\/logo\/image\/\"},\"sameAs\":[\"https:\/\/www.facebook.com\/FCFamalicao\/\",\"https:\/\/x.com\/fcf1931_oficial\",\"https:\/\/www.instagram.com\/futebolclubefamalicao\/\",\"https:\/\/www.youtube.com\/FCFamalicao1931\"]},{\"@type\":\"Person\",\"@id\":\"https:\/\/www.fcfamalicao.pt\/en\/#\/schema\/person\/713a4d367f5259360c363ad35dad9247\",\"name\":\"fcfamalicao fcfamalicao\",\"image\":{\"@type\":\"ImageObject\",\"inLanguage\":\"en-US\",\"@id\":\"https:\/\/www.fcfamalicao.pt\/en\/#\/schema\/person\/image\/\",\"url\":\"https:\/\/secure.gravatar.com\/avatar\/b37399ebd6c6b1f9808b97ddeec50eb3b762cc626cb1e17e3a8b30044160d118?s=96&d=mm&r=g\",\"contentUrl\":\"https:\/\/secure.gravatar.com\/avatar\/b37399ebd6c6b1f9808b97ddeec50eb3b762cc626cb1e17e3a8b30044160d118?s=96&d=mm&r=g\",\"caption\":\"fcfamalicao fcfamalicao\"}}]}<\/script>\n<!-- \/ Yoast SEO plugin. -->","yoast_head_json":{"title":"Gustavo S\u00e1 renova at\u00e9 2025 - FC Famalic\u00e3o","robots":{"index":"index","follow":"follow","max-snippet":"max-snippet:-1","max-image-preview":"max-image-preview:large","max-video-preview":"max-video-preview:-1"},"canonical":"https:\/\/www.fcfamalicao.pt\/en\/gustavo-sa-renova-ate-2025\/","og_locale":"en_US","og_type":"article","og_title":"Gustavo S\u00e1 renova at\u00e9 2025 - FC Famalic\u00e3o","og_description":"Gustavo S\u00e1 prolongou o v\u00ednculo contratual com o Futebol Clube de Famalic\u00e3o. O m\u00e9dio ofensivo, de 17 anos, foi figura central da equipa sub-19 na I Divis\u00e3o Nacional e est\u00e1 agora vinculado ao nosso clube at\u00e9 2025. A envergar a camisola do Futebol Clube de Famalic\u00e3o desde o escal\u00e3o sub-15,&hellip;","og_url":"https:\/\/www.fcfamalicao.pt\/en\/gustavo-sa-renova-ate-2025\/","og_site_name":"FC Famalic\u00e3o","article_publisher":"https:\/\/www.facebook.com\/FCFamalicao\/","article_published_time":"2022-06-03T11:02:38+00:00","article_modified_time":"2022-06-03T14:03:58+00:00","og_image":[{"width":2560,"height":1707,"url":"https:\/\/www.fcfamalicao.pt\/wp-content\/uploads\/2022\/06\/renovac\u0327ao_gustavosa2F7A1130-scaled.jpg","type":"image\/jpeg"}],"author":"fcfamalicao fcfamalicao","twitter_card":"summary_large_image","twitter_creator":"@fcf1931_oficial","twitter_site":"@fcf1931_oficial","twitter_misc":{"Written by":"fcfamalicao fcfamalicao","Est. reading time":"2 minutes"},"schema":{"@context":"https:\/\/schema.org","@graph":[{"@type":"Article","@id":"https:\/\/www.fcfamalicao.pt\/en\/gustavo-sa-renova-ate-2025\/#article","isPartOf":{"@id":"https:\/\/www.fcfamalicao.pt\/en\/gustavo-sa-renova-ate-2025\/"},"author":{"name":"fcfamalicao fcfamalicao","@id":"https:\/\/www.fcfamalicao.pt\/en\/#\/schema\/person\/713a4d367f5259360c363ad35dad9247"},"headline":"Gustavo S\u00e1 renova at\u00e9 2025","datePublished":"2022-06-03T11:02:38+00:00","dateModified":"2022-06-03T14:03:58+00:00","mainEntityOfPage":{"@id":"https:\/\/www.fcfamalicao.pt\/en\/gustavo-sa-renova-ate-2025\/"},"wordCount":270,"publisher":{"@id":"https:\/\/www.fcfamalicao.pt\/en\/#organization"},"image":{"@id":"https:\/\/www.fcfamalicao.pt\/en\/gustavo-sa-renova-ate-2025\/#primaryimage"},"thumbnailUrl":"https:\/\/www.fcfamalicao.pt\/wp-content\/uploads\/2022\/06\/renovac\u0327ao_gustavosa2F7A1130-scaled.jpg","articleSection":["Not\u00edcias"],"inLanguage":"en-US"},{"@type":"WebPage","@id":"https:\/\/www.fcfamalicao.pt\/en\/gustavo-sa-renova-ate-2025\/","url":"https:\/\/www.fcfamalicao.pt\/en\/gustavo-sa-renova-ate-2025\/","name":"Gustavo S\u00e1 renova at\u00e9 2025 - FC Famalic\u00e3o","isPartOf":{"@id":"https:\/\/www.fcfamalicao.pt\/en\/#website"},"primaryImageOfPage":{"@id":"https:\/\/www.fcfamalicao.pt\/en\/gustavo-sa-renova-ate-2025\/#primaryimage"},"image":{"@id":"https:\/\/www.fcfamalicao.pt\/en\/gustavo-sa-renova-ate-2025\/#primaryimage"},"thumbnailUrl":"https:\/\/www.fcfamalicao.pt\/wp-content\/uploads\/2022\/06\/renovac\u0327ao_gustavosa2F7A1130-scaled.jpg","datePublished":"2022-06-03T11:02:38+00:00","dateModified":"2022-06-03T14:03:58+00:00","breadcrumb":{"@id":"https:\/\/www.fcfamalicao.pt\/en\/gustavo-sa-renova-ate-2025\/#breadcrumb"},"inLanguage":"en-US","potentialAction":[{"@type":"ReadAction","target":["https:\/\/www.fcfamalicao.pt\/en\/gustavo-sa-renova-ate-2025\/"]}]},{"@type":"ImageObject","inLanguage":"en-US","@id":"https:\/\/www.fcfamalicao.pt\/en\/gustavo-sa-renova-ate-2025\/#primaryimage","url":"https:\/\/www.fcfamalicao.pt\/wp-content\/uploads\/2022\/06\/renovac\u0327ao_gustavosa2F7A1130-scaled.jpg","contentUrl":"https:\/\/www.fcfamalicao.pt\/wp-content\/uploads\/2022\/06\/renovac\u0327ao_gustavosa2F7A1130-scaled.jpg","width":2560,"height":1707},{"@type":"BreadcrumbList","@id":"https:\/\/www.fcfamalicao.pt\/en\/gustavo-sa-renova-ate-2025\/#breadcrumb","itemListElement":[{"@type":"ListItem","position":1,"name":"Home","item":"https:\/\/www.fcfamalicao.pt\/en\/"},{"@type":"ListItem","position":2,"name":"Gustavo S\u00e1 renova at\u00e9 2025"}]},{"@type":"WebSite","@id":"https:\/\/www.fcfamalicao.pt\/en\/#website","url":"https:\/\/www.fcfamalicao.pt\/en\/","name":"FC Famalic\u00e3o","description":"Site oficial do Futebol Clube Famalic\u00e3o. #AMORDEPERDI\u00c7\u00c3O","publisher":{"@id":"https:\/\/www.fcfamalicao.pt\/en\/#organization"},"potentialAction":[{"@type":"SearchAction","target":{"@type":"EntryPoint","urlTemplate":"https:\/\/www.fcfamalicao.pt\/en\/?s={search_term_string}"},"query-input":{"@type":"PropertyValueSpecification","valueRequired":true,"valueName":"search_term_string"}}],"inLanguage":"en-US"},{"@type":"Organization","@id":"https:\/\/www.fcfamalicao.pt\/en\/#organization","name":"FC Famalic\u00e3o","url":"https:\/\/www.fcfamalicao.pt\/en\/","logo":{"@type":"ImageObject","inLanguage":"en-US","@id":"https:\/\/www.fcfamalicao.pt\/en\/#\/schema\/logo\/image\/","url":"https:\/\/www.fcfamalicao.pt\/wp-content\/uploads\/2018\/11\/fcf-logo.png","contentUrl":"https:\/\/www.fcfamalicao.pt\/wp-content\/uploads\/2018\/11\/fcf-logo.png","width":150,"height":143,"caption":"FC Famalic\u00e3o"},"image":{"@id":"https:\/\/www.fcfamalicao.pt\/en\/#\/schema\/logo\/image\/"},"sameAs":["https:\/\/www.facebook.com\/FCFamalicao\/","https:\/\/x.com\/fcf1931_oficial","https:\/\/www.instagram.com\/futebolclubefamalicao\/","https:\/\/www.youtube.com\/FCFamalicao1931"]},{"@type":"Person","@id":"https:\/\/www.fcfamalicao.pt\/en\/#\/schema\/person\/713a4d367f5259360c363ad35dad9247","name":"fcfamalicao fcfamalicao","image":{"@type":"ImageObject","inLanguage":"en-US","@id":"https:\/\/www.fcfamalicao.pt\/en\/#\/schema\/person\/image\/","url":"https:\/\/secure.gravatar.com\/avatar\/b37399ebd6c6b1f9808b97ddeec50eb3b762cc626cb1e17e3a8b30044160d118?s=96&d=mm&r=g","contentUrl":"https:\/\/secure.gravatar.com\/avatar\/b37399ebd6c6b1f9808b97ddeec50eb3b762cc626cb1e17e3a8b30044160d118?s=96&d=mm&r=g","caption":"fcfamalicao fcfamalicao"}}]}},"_links":{"self":[{"href":"https:\/\/www.fcfamalicao.pt\/en\/wp-json\/wp\/v2\/posts\/21321","targetHints":{"allow":["GET"]}}],"collection":[{"href":"https:\/\/www.fcfamalicao.pt\/en\/wp-json\/wp\/v2\/posts"}],"about":[{"href":"https:\/\/www.fcfamalicao.pt\/en\/wp-json\/wp\/v2\/types\/post"}],"author":[{"embeddable":true,"href":"https:\/\/www.fcfamalicao.pt\/en\/wp-json\/wp\/v2\/users\/2"}],"replies":[{"embeddable":true,"href":"https:\/\/www.fcfamalicao.pt\/en\/wp-json\/wp\/v2\/comments?post=21321"}],"version-history":[{"count":0,"href":"https:\/\/www.fcfamalicao.pt\/en\/wp-json\/wp\/v2\/posts\/21321\/revisions"}],"wp:featuredmedia":[{"embeddable":true,"href":"https:\/\/www.fcfamalicao.pt\/en\/wp-json\/wp\/v2\/media\/21322"}],"wp:attachment":[{"href":"https:\/\/www.fcfamalicao.pt\/en\/wp-json\/wp\/v2\/media?parent=21321"}],"wp:term":[{"taxonomy":"category","embeddable":true,"href":"https:\/\/www.fcfamalicao.pt\/en\/wp-json\/wp\/v2\/categories?post=21321"},{"taxonomy":"post_tag","embeddable":true,"href":"https:\/\/www.fcfamalicao.pt\/en\/wp-json\/wp\/v2\/tags?post=21321"}],"curies":[{"name":"wp","href":"https:\/\/api.w.org\/{rel}","templated":true}]}}