{"id":24867,"date":"2022-11-26T19:38:26","date_gmt":"2022-11-26T19:38:26","guid":{"rendered":"https:\/\/www.fcfamalicao.pt\/?p=24867"},"modified":"2022-11-26T19:38:26","modified_gmt":"2022-11-26T19:38:26","slug":"fc-famalicao-1-1-academico-viseu","status":"publish","type":"post","link":"https:\/\/www.fcfamalicao.pt\/en\/fc-famalicao-1-1-academico-viseu\/","title":{"rendered":"FC Famalic\u00e3o 1-1 Acad\u00e9mico Viseu"},"content":{"rendered":"<p>O Futebol Clube de Famalic\u00e3o deu, este s\u00e1bado, o pontap\u00e9 de sa\u00edda na edi\u00e7\u00e3o 2022\/2023 da Allianz Cup. Depois da folga na jornada inaugural do Grupo H, o conjunto orientado por Jo\u00e3o Pedro Sousa recebeu o Acad\u00e9mico de Viseu, tendo o jogo terminado com uma igualdade a um golo.<\/p>\n<p>Os visitantes colocaram-se na frente do marcador pouco depois do quarto de hora inicial atrav\u00e9s de um remate forte de Andr\u00e9 Cl\u00f3vis. O Futebol Clube de Famalic\u00e3o assumiu as r\u00e9deas do encontro e o segundo tempo foi revelador da atitude reativa da equipa da casa. O golo de Jhonder C\u00e1diz na sequ\u00eancia de um cruzamento fant\u00e1stico de Francisco Moura foi o corol\u00e1rio da boa reentrada na partida. A derradeira meia hora vincou o car\u00e1cter na procura da cambalhota, mas tal n\u00e3o viria a efetivar-se.<\/p>\n<p><iframe loading=\"lazy\" title=\"FC Famalic\u00e3o 1-1 Acad\u00e9mico Viseu | 2.\u00aa jornada Grupo H Allianz Cup 22\/23\" width=\"500\" height=\"281\" src=\"https:\/\/www.youtube.com\/embed\/M7bu2mJuP80?feature=oembed\" frameborder=\"0\" allow=\"accelerometer; autoplay; clipboard-write; encrypted-media; gyroscope; picture-in-picture; web-share\" referrerpolicy=\"strict-origin-when-cross-origin\" allowfullscreen><\/iframe><\/p>\n<p>FC Famalic\u00e3o 1-1 Acad\u00e9mico Viseu<br \/>\nEst\u00e1dio Municipal de Famalic\u00e3o<br \/>\n\u00c1rbitro: Manuel Oliveira<\/p>\n<p>FC Famalic\u00e3o &#8211; Luiz J\u00fanior, Martin Aguirregabiria (De La Fuente 72&#8242;), Riccieli, Enea Mihaj, Francisco Moura, Santiago Colombatto (Pablo 87&#8242;), Zaydou Youssouf (Pel\u00e9 59&#8242;), Iv\u00e1n Jaime (Andr\u00e9 Sim\u00f5es 88&#8242;), Puma Rodr\u00edguez, Jhonder C\u00e1diz e Junior Kadile (\u00c1lex Mill\u00e1n 59&#8242;)<\/p>\n<p>Acad\u00e9mico Viseu &#8211; Gril, Tiago Mesquita (Bandeira 78&#8242;), Andr\u00e9 Almeida, Arthur Chaves, Milioransa, Messeguem (Capela 73&#8242;), Nduwarugira, Toro (Pan\u00e1 73&#8242;), Quizera (Ram\u00edrez 84&#8242;), Gautier Ott e Andr\u00e9 Cl\u00f3vis<\/p>\n<p>Golo: Andr\u00e9 Cl\u00f3vis (17&#8242;) e Jhonder C\u00e1diz (60&#8242;)<\/p>\n<p>Cart\u00f5es Amarelos: Junior Kadile (36&#8242;); Toro (40&#8242;); Andr\u00e9 Almeida (62&#8242;); Nduwarugira (65&#8242;); Messeguem (69&#8242;); Gril (74&#8242;)<\/p>\n<p>&nbsp;<\/p>\n","protected":false},"excerpt":{"rendered":"<p>O Futebol Clube de Famalic\u00e3o deu, este s\u00e1bado, o pontap\u00e9 de sa\u00edda na edi\u00e7\u00e3o 2022\/2023 da Allianz Cup. Depois da folga na jornada inaugural do Grupo H, o conjunto orientado por Jo\u00e3o Pedro Sousa recebeu o Acad\u00e9mico de Viseu, tendo o jogo terminado com uma igualdade a um golo. Os&hellip;<\/p>\n","protected":false},"author":2,"featured_media":24868,"comment_status":"closed","ping_status":"closed","sticky":false,"template":"","format":"standard","meta":{"_acf_changed":false,"footnotes":""},"categories":[1],"tags":[],"class_list":["post-24867","post","type-post","status-publish","format-standard","has-post-thumbnail","hentry","category-noticias"],"acf":[],"yoast_head":"<!-- This site is optimized with the Yoast SEO plugin v27.1.1 - https:\/\/yoast.com\/product\/yoast-seo-wordpress\/ -->\n<title>FC Famalic\u00e3o 1-1 Acad\u00e9mico Viseu - FC Famalic\u00e3o<\/title>\n<meta name=\"robots\" content=\"index, follow, max-snippet:-1, max-image-preview:large, max-video-preview:-1\" \/>\n<link rel=\"canonical\" href=\"https:\/\/www.fcfamalicao.pt\/en\/fc-famalicao-1-1-academico-viseu\/\" \/>\n<meta property=\"og:locale\" content=\"en_US\" \/>\n<meta property=\"og:type\" content=\"article\" \/>\n<meta property=\"og:title\" content=\"FC Famalic\u00e3o 1-1 Acad\u00e9mico Viseu - FC Famalic\u00e3o\" \/>\n<meta property=\"og:description\" content=\"O Futebol Clube de Famalic\u00e3o deu, este s\u00e1bado, o pontap\u00e9 de sa\u00edda na edi\u00e7\u00e3o 2022\/2023 da Allianz Cup. Depois da folga na jornada inaugural do Grupo H, o conjunto orientado por Jo\u00e3o Pedro Sousa recebeu o Acad\u00e9mico de Viseu, tendo o jogo terminado com uma igualdade a um golo. Os&hellip;\" \/>\n<meta property=\"og:url\" content=\"https:\/\/www.fcfamalicao.pt\/en\/fc-famalicao-1-1-academico-viseu\/\" \/>\n<meta property=\"og:site_name\" content=\"FC Famalic\u00e3o\" \/>\n<meta property=\"article:publisher\" content=\"https:\/\/www.facebook.com\/FCFamalicao\/\" \/>\n<meta property=\"article:published_time\" content=\"2022-11-26T19:38:26+00:00\" \/>\n<meta property=\"og:image\" content=\"https:\/\/www.fcfamalicao.pt\/wp-content\/uploads\/2022\/11\/MAR_2265vs_viseu-1024x683.jpg\" \/>\n\t<meta property=\"og:image:width\" content=\"1024\" \/>\n\t<meta property=\"og:image:height\" content=\"683\" \/>\n\t<meta property=\"og:image:type\" content=\"image\/jpeg\" \/>\n<meta name=\"author\" content=\"fcfamalicao fcfamalicao\" \/>\n<meta name=\"twitter:card\" content=\"summary_large_image\" \/>\n<meta name=\"twitter:creator\" content=\"@fcf1931_oficial\" \/>\n<meta name=\"twitter:site\" content=\"@fcf1931_oficial\" \/>\n<meta name=\"twitter:label1\" content=\"Written by\" \/>\n\t<meta name=\"twitter:data1\" content=\"fcfamalicao fcfamalicao\" \/>\n\t<meta name=\"twitter:label2\" content=\"Est. reading time\" \/>\n\t<meta name=\"twitter:data2\" content=\"1 minute\" \/>\n<script type=\"application\/ld+json\" class=\"yoast-schema-graph\">{\"@context\":\"https:\/\/schema.org\",\"@graph\":[{\"@type\":\"Article\",\"@id\":\"https:\/\/www.fcfamalicao.pt\/en\/fc-famalicao-1-1-academico-viseu\/#article\",\"isPartOf\":{\"@id\":\"https:\/\/www.fcfamalicao.pt\/en\/fc-famalicao-1-1-academico-viseu\/\"},\"author\":{\"name\":\"fcfamalicao fcfamalicao\",\"@id\":\"https:\/\/www.fcfamalicao.pt\/en\/#\/schema\/person\/713a4d367f5259360c363ad35dad9247\"},\"headline\":\"FC Famalic\u00e3o 1-1 Acad\u00e9mico Viseu\",\"datePublished\":\"2022-11-26T19:38:26+00:00\",\"mainEntityOfPage\":{\"@id\":\"https:\/\/www.fcfamalicao.pt\/en\/fc-famalicao-1-1-academico-viseu\/\"},\"wordCount\":270,\"publisher\":{\"@id\":\"https:\/\/www.fcfamalicao.pt\/en\/#organization\"},\"image\":{\"@id\":\"https:\/\/www.fcfamalicao.pt\/en\/fc-famalicao-1-1-academico-viseu\/#primaryimage\"},\"thumbnailUrl\":\"https:\/\/www.fcfamalicao.pt\/wp-content\/uploads\/2022\/11\/MAR_2265vs_viseu.jpg\",\"articleSection\":[\"Not\u00edcias\"],\"inLanguage\":\"en-US\"},{\"@type\":\"WebPage\",\"@id\":\"https:\/\/www.fcfamalicao.pt\/en\/fc-famalicao-1-1-academico-viseu\/\",\"url\":\"https:\/\/www.fcfamalicao.pt\/en\/fc-famalicao-1-1-academico-viseu\/\",\"name\":\"FC Famalic\u00e3o 1-1 Acad\u00e9mico Viseu - FC Famalic\u00e3o\",\"isPartOf\":{\"@id\":\"https:\/\/www.fcfamalicao.pt\/en\/#website\"},\"primaryImageOfPage\":{\"@id\":\"https:\/\/www.fcfamalicao.pt\/en\/fc-famalicao-1-1-academico-viseu\/#primaryimage\"},\"image\":{\"@id\":\"https:\/\/www.fcfamalicao.pt\/en\/fc-famalicao-1-1-academico-viseu\/#primaryimage\"},\"thumbnailUrl\":\"https:\/\/www.fcfamalicao.pt\/wp-content\/uploads\/2022\/11\/MAR_2265vs_viseu.jpg\",\"datePublished\":\"2022-11-26T19:38:26+00:00\",\"breadcrumb\":{\"@id\":\"https:\/\/www.fcfamalicao.pt\/en\/fc-famalicao-1-1-academico-viseu\/#breadcrumb\"},\"inLanguage\":\"en-US\",\"potentialAction\":[{\"@type\":\"ReadAction\",\"target\":[\"https:\/\/www.fcfamalicao.pt\/en\/fc-famalicao-1-1-academico-viseu\/\"]}]},{\"@type\":\"ImageObject\",\"inLanguage\":\"en-US\",\"@id\":\"https:\/\/www.fcfamalicao.pt\/en\/fc-famalicao-1-1-academico-viseu\/#primaryimage\",\"url\":\"https:\/\/www.fcfamalicao.pt\/wp-content\/uploads\/2022\/11\/MAR_2265vs_viseu.jpg\",\"contentUrl\":\"https:\/\/www.fcfamalicao.pt\/wp-content\/uploads\/2022\/11\/MAR_2265vs_viseu.jpg\",\"width\":2295,\"height\":1530},{\"@type\":\"BreadcrumbList\",\"@id\":\"https:\/\/www.fcfamalicao.pt\/en\/fc-famalicao-1-1-academico-viseu\/#breadcrumb\",\"itemListElement\":[{\"@type\":\"ListItem\",\"position\":1,\"name\":\"Home\",\"item\":\"https:\/\/www.fcfamalicao.pt\/en\/\"},{\"@type\":\"ListItem\",\"position\":2,\"name\":\"FC Famalic\u00e3o 1-1 Acad\u00e9mico Viseu\"}]},{\"@type\":\"WebSite\",\"@id\":\"https:\/\/www.fcfamalicao.pt\/en\/#website\",\"url\":\"https:\/\/www.fcfamalicao.pt\/en\/\",\"name\":\"FC Famalic\u00e3o\",\"description\":\"Site oficial do Futebol Clube Famalic\u00e3o. #AMORDEPERDI\u00c7\u00c3O\",\"publisher\":{\"@id\":\"https:\/\/www.fcfamalicao.pt\/en\/#organization\"},\"potentialAction\":[{\"@type\":\"SearchAction\",\"target\":{\"@type\":\"EntryPoint\",\"urlTemplate\":\"https:\/\/www.fcfamalicao.pt\/en\/?s={search_term_string}\"},\"query-input\":{\"@type\":\"PropertyValueSpecification\",\"valueRequired\":true,\"valueName\":\"search_term_string\"}}],\"inLanguage\":\"en-US\"},{\"@type\":\"Organization\",\"@id\":\"https:\/\/www.fcfamalicao.pt\/en\/#organization\",\"name\":\"FC Famalic\u00e3o\",\"url\":\"https:\/\/www.fcfamalicao.pt\/en\/\",\"logo\":{\"@type\":\"ImageObject\",\"inLanguage\":\"en-US\",\"@id\":\"https:\/\/www.fcfamalicao.pt\/en\/#\/schema\/logo\/image\/\",\"url\":\"https:\/\/www.fcfamalicao.pt\/wp-content\/uploads\/2018\/11\/fcf-logo.png\",\"contentUrl\":\"https:\/\/www.fcfamalicao.pt\/wp-content\/uploads\/2018\/11\/fcf-logo.png\",\"width\":150,\"height\":143,\"caption\":\"FC Famalic\u00e3o\"},\"image\":{\"@id\":\"https:\/\/www.fcfamalicao.pt\/en\/#\/schema\/logo\/image\/\"},\"sameAs\":[\"https:\/\/www.facebook.com\/FCFamalicao\/\",\"https:\/\/x.com\/fcf1931_oficial\",\"https:\/\/www.instagram.com\/futebolclubefamalicao\/\",\"https:\/\/www.youtube.com\/FCFamalicao1931\"]},{\"@type\":\"Person\",\"@id\":\"https:\/\/www.fcfamalicao.pt\/en\/#\/schema\/person\/713a4d367f5259360c363ad35dad9247\",\"name\":\"fcfamalicao fcfamalicao\",\"image\":{\"@type\":\"ImageObject\",\"inLanguage\":\"en-US\",\"@id\":\"https:\/\/www.fcfamalicao.pt\/en\/#\/schema\/person\/image\/\",\"url\":\"https:\/\/secure.gravatar.com\/avatar\/b37399ebd6c6b1f9808b97ddeec50eb3b762cc626cb1e17e3a8b30044160d118?s=96&d=mm&r=g\",\"contentUrl\":\"https:\/\/secure.gravatar.com\/avatar\/b37399ebd6c6b1f9808b97ddeec50eb3b762cc626cb1e17e3a8b30044160d118?s=96&d=mm&r=g\",\"caption\":\"fcfamalicao fcfamalicao\"}}]}<\/script>\n<!-- \/ Yoast SEO plugin. -->","yoast_head_json":{"title":"FC Famalic\u00e3o 1-1 Acad\u00e9mico Viseu - FC Famalic\u00e3o","robots":{"index":"index","follow":"follow","max-snippet":"max-snippet:-1","max-image-preview":"max-image-preview:large","max-video-preview":"max-video-preview:-1"},"canonical":"https:\/\/www.fcfamalicao.pt\/en\/fc-famalicao-1-1-academico-viseu\/","og_locale":"en_US","og_type":"article","og_title":"FC Famalic\u00e3o 1-1 Acad\u00e9mico Viseu - FC Famalic\u00e3o","og_description":"O Futebol Clube de Famalic\u00e3o deu, este s\u00e1bado, o pontap\u00e9 de sa\u00edda na edi\u00e7\u00e3o 2022\/2023 da Allianz Cup. Depois da folga na jornada inaugural do Grupo H, o conjunto orientado por Jo\u00e3o Pedro Sousa recebeu o Acad\u00e9mico de Viseu, tendo o jogo terminado com uma igualdade a um golo. Os&hellip;","og_url":"https:\/\/www.fcfamalicao.pt\/en\/fc-famalicao-1-1-academico-viseu\/","og_site_name":"FC Famalic\u00e3o","article_publisher":"https:\/\/www.facebook.com\/FCFamalicao\/","article_published_time":"2022-11-26T19:38:26+00:00","og_image":[{"width":1024,"height":683,"url":"https:\/\/www.fcfamalicao.pt\/wp-content\/uploads\/2022\/11\/MAR_2265vs_viseu-1024x683.jpg","type":"image\/jpeg"}],"author":"fcfamalicao fcfamalicao","twitter_card":"summary_large_image","twitter_creator":"@fcf1931_oficial","twitter_site":"@fcf1931_oficial","twitter_misc":{"Written by":"fcfamalicao fcfamalicao","Est. reading time":"1 minute"},"schema":{"@context":"https:\/\/schema.org","@graph":[{"@type":"Article","@id":"https:\/\/www.fcfamalicao.pt\/en\/fc-famalicao-1-1-academico-viseu\/#article","isPartOf":{"@id":"https:\/\/www.fcfamalicao.pt\/en\/fc-famalicao-1-1-academico-viseu\/"},"author":{"name":"fcfamalicao fcfamalicao","@id":"https:\/\/www.fcfamalicao.pt\/en\/#\/schema\/person\/713a4d367f5259360c363ad35dad9247"},"headline":"FC Famalic\u00e3o 1-1 Acad\u00e9mico Viseu","datePublished":"2022-11-26T19:38:26+00:00","mainEntityOfPage":{"@id":"https:\/\/www.fcfamalicao.pt\/en\/fc-famalicao-1-1-academico-viseu\/"},"wordCount":270,"publisher":{"@id":"https:\/\/www.fcfamalicao.pt\/en\/#organization"},"image":{"@id":"https:\/\/www.fcfamalicao.pt\/en\/fc-famalicao-1-1-academico-viseu\/#primaryimage"},"thumbnailUrl":"https:\/\/www.fcfamalicao.pt\/wp-content\/uploads\/2022\/11\/MAR_2265vs_viseu.jpg","articleSection":["Not\u00edcias"],"inLanguage":"en-US"},{"@type":"WebPage","@id":"https:\/\/www.fcfamalicao.pt\/en\/fc-famalicao-1-1-academico-viseu\/","url":"https:\/\/www.fcfamalicao.pt\/en\/fc-famalicao-1-1-academico-viseu\/","name":"FC Famalic\u00e3o 1-1 Acad\u00e9mico Viseu - FC Famalic\u00e3o","isPartOf":{"@id":"https:\/\/www.fcfamalicao.pt\/en\/#website"},"primaryImageOfPage":{"@id":"https:\/\/www.fcfamalicao.pt\/en\/fc-famalicao-1-1-academico-viseu\/#primaryimage"},"image":{"@id":"https:\/\/www.fcfamalicao.pt\/en\/fc-famalicao-1-1-academico-viseu\/#primaryimage"},"thumbnailUrl":"https:\/\/www.fcfamalicao.pt\/wp-content\/uploads\/2022\/11\/MAR_2265vs_viseu.jpg","datePublished":"2022-11-26T19:38:26+00:00","breadcrumb":{"@id":"https:\/\/www.fcfamalicao.pt\/en\/fc-famalicao-1-1-academico-viseu\/#breadcrumb"},"inLanguage":"en-US","potentialAction":[{"@type":"ReadAction","target":["https:\/\/www.fcfamalicao.pt\/en\/fc-famalicao-1-1-academico-viseu\/"]}]},{"@type":"ImageObject","inLanguage":"en-US","@id":"https:\/\/www.fcfamalicao.pt\/en\/fc-famalicao-1-1-academico-viseu\/#primaryimage","url":"https:\/\/www.fcfamalicao.pt\/wp-content\/uploads\/2022\/11\/MAR_2265vs_viseu.jpg","contentUrl":"https:\/\/www.fcfamalicao.pt\/wp-content\/uploads\/2022\/11\/MAR_2265vs_viseu.jpg","width":2295,"height":1530},{"@type":"BreadcrumbList","@id":"https:\/\/www.fcfamalicao.pt\/en\/fc-famalicao-1-1-academico-viseu\/#breadcrumb","itemListElement":[{"@type":"ListItem","position":1,"name":"Home","item":"https:\/\/www.fcfamalicao.pt\/en\/"},{"@type":"ListItem","position":2,"name":"FC Famalic\u00e3o 1-1 Acad\u00e9mico Viseu"}]},{"@type":"WebSite","@id":"https:\/\/www.fcfamalicao.pt\/en\/#website","url":"https:\/\/www.fcfamalicao.pt\/en\/","name":"FC Famalic\u00e3o","description":"Site oficial do Futebol Clube Famalic\u00e3o. #AMORDEPERDI\u00c7\u00c3O","publisher":{"@id":"https:\/\/www.fcfamalicao.pt\/en\/#organization"},"potentialAction":[{"@type":"SearchAction","target":{"@type":"EntryPoint","urlTemplate":"https:\/\/www.fcfamalicao.pt\/en\/?s={search_term_string}"},"query-input":{"@type":"PropertyValueSpecification","valueRequired":true,"valueName":"search_term_string"}}],"inLanguage":"en-US"},{"@type":"Organization","@id":"https:\/\/www.fcfamalicao.pt\/en\/#organization","name":"FC Famalic\u00e3o","url":"https:\/\/www.fcfamalicao.pt\/en\/","logo":{"@type":"ImageObject","inLanguage":"en-US","@id":"https:\/\/www.fcfamalicao.pt\/en\/#\/schema\/logo\/image\/","url":"https:\/\/www.fcfamalicao.pt\/wp-content\/uploads\/2018\/11\/fcf-logo.png","contentUrl":"https:\/\/www.fcfamalicao.pt\/wp-content\/uploads\/2018\/11\/fcf-logo.png","width":150,"height":143,"caption":"FC Famalic\u00e3o"},"image":{"@id":"https:\/\/www.fcfamalicao.pt\/en\/#\/schema\/logo\/image\/"},"sameAs":["https:\/\/www.facebook.com\/FCFamalicao\/","https:\/\/x.com\/fcf1931_oficial","https:\/\/www.instagram.com\/futebolclubefamalicao\/","https:\/\/www.youtube.com\/FCFamalicao1931"]},{"@type":"Person","@id":"https:\/\/www.fcfamalicao.pt\/en\/#\/schema\/person\/713a4d367f5259360c363ad35dad9247","name":"fcfamalicao fcfamalicao","image":{"@type":"ImageObject","inLanguage":"en-US","@id":"https:\/\/www.fcfamalicao.pt\/en\/#\/schema\/person\/image\/","url":"https:\/\/secure.gravatar.com\/avatar\/b37399ebd6c6b1f9808b97ddeec50eb3b762cc626cb1e17e3a8b30044160d118?s=96&d=mm&r=g","contentUrl":"https:\/\/secure.gravatar.com\/avatar\/b37399ebd6c6b1f9808b97ddeec50eb3b762cc626cb1e17e3a8b30044160d118?s=96&d=mm&r=g","caption":"fcfamalicao fcfamalicao"}}]}},"_links":{"self":[{"href":"https:\/\/www.fcfamalicao.pt\/en\/wp-json\/wp\/v2\/posts\/24867","targetHints":{"allow":["GET"]}}],"collection":[{"href":"https:\/\/www.fcfamalicao.pt\/en\/wp-json\/wp\/v2\/posts"}],"about":[{"href":"https:\/\/www.fcfamalicao.pt\/en\/wp-json\/wp\/v2\/types\/post"}],"author":[{"embeddable":true,"href":"https:\/\/www.fcfamalicao.pt\/en\/wp-json\/wp\/v2\/users\/2"}],"replies":[{"embeddable":true,"href":"https:\/\/www.fcfamalicao.pt\/en\/wp-json\/wp\/v2\/comments?post=24867"}],"version-history":[{"count":0,"href":"https:\/\/www.fcfamalicao.pt\/en\/wp-json\/wp\/v2\/posts\/24867\/revisions"}],"wp:featuredmedia":[{"embeddable":true,"href":"https:\/\/www.fcfamalicao.pt\/en\/wp-json\/wp\/v2\/media\/24868"}],"wp:attachment":[{"href":"https:\/\/www.fcfamalicao.pt\/en\/wp-json\/wp\/v2\/media?parent=24867"}],"wp:term":[{"taxonomy":"category","embeddable":true,"href":"https:\/\/www.fcfamalicao.pt\/en\/wp-json\/wp\/v2\/categories?post=24867"},{"taxonomy":"post_tag","embeddable":true,"href":"https:\/\/www.fcfamalicao.pt\/en\/wp-json\/wp\/v2\/tags?post=24867"}],"curies":[{"name":"wp","href":"https:\/\/api.w.org\/{rel}","templated":true}]}}