{"id":25193,"date":"2023-01-13T11:31:24","date_gmt":"2023-01-13T11:31:24","guid":{"rendered":"https:\/\/www.fcfamalicao.pt\/?p=25193"},"modified":"2023-01-13T11:49:06","modified_gmt":"2023-01-13T11:49:06","slug":"leandro-sanca-assina-pelo-fc-famalicao","status":"publish","type":"post","link":"https:\/\/www.fcfamalicao.pt\/en\/leandro-sanca-assina-pelo-fc-famalicao\/","title":{"rendered":"Leandro Sanca assina pelo FC Famalic\u00e3o"},"content":{"rendered":"<p>A SAD do Futebol Clube de Famalic\u00e3o informa que Leandro Sanca \u00e9 o mais recente refor\u00e7o da equipa principal. O extremo, de 23 anos, atuava nos italianos do Spezia e rubricou um v\u00ednculo at\u00e9 ao final da temporada.<\/p>\n<p>Depois de meia \u00e9poca na Serie A, Leandro Sanca est\u00e1 de regresso ao futebol portugu\u00eas. O avan\u00e7ado concluiu o processo de forma\u00e7\u00e3o no SC Braga, clube pelo qual cumpriu a estreia na I Liga Portuguesa. J\u00e1 nas duas \u00faltimas temporadas representou Acad\u00e9mica de Coimbra e Casa Pia AC, tendo ajudado este \u00faltimo emblema a subir ao patamar mais alto do futebol portugu\u00eas.<\/p>\n<p>\u201cTenho o objetivo de fazer bons jogos, jogar com regularidade e afirmar-me. A minha inten\u00e7\u00e3o \u00e9 ajudar a equipa, quer seja com golos quer seja com assist\u00eancias\u201d, afirmou.<\/p>\n<p>\u201cTive oportunidade de ver os \u00faltimos tr\u00eas jogos e constatei que a equipa \u00e9 jovem e gostei da ideia de jogo. Tenta sempre praticar bom futebol e isso foi algo que me fez aceitar o convite\u201d, referiu, convicto de que \u201cevoluiu na Serie A e que, agora, sente-se \u201cmelhor jogador\u201d depois da experi\u00eancia no Spezia.<\/p>\n","protected":false},"excerpt":{"rendered":"<p>A SAD do Futebol Clube de Famalic\u00e3o informa que Leandro Sanca \u00e9 o mais recente refor\u00e7o da equipa principal. O extremo, de 23 anos, atuava nos italianos do Spezia e rubricou um v\u00ednculo at\u00e9 ao final da temporada. Depois de meia \u00e9poca na Serie A, Leandro Sanca est\u00e1 de regresso&hellip;<\/p>\n","protected":false},"author":2,"featured_media":25197,"comment_status":"closed","ping_status":"closed","sticky":false,"template":"","format":"standard","meta":{"_acf_changed":false,"footnotes":""},"categories":[1],"tags":[],"class_list":["post-25193","post","type-post","status-publish","format-standard","has-post-thumbnail","hentry","category-noticias"],"acf":[],"yoast_head":"<!-- This site is optimized with the Yoast SEO plugin v27.1.1 - https:\/\/yoast.com\/product\/yoast-seo-wordpress\/ -->\n<title>Leandro Sanca assina pelo FC Famalic\u00e3o - FC Famalic\u00e3o<\/title>\n<meta name=\"robots\" content=\"index, follow, max-snippet:-1, max-image-preview:large, max-video-preview:-1\" \/>\n<link rel=\"canonical\" href=\"https:\/\/www.fcfamalicao.pt\/en\/leandro-sanca-assina-pelo-fc-famalicao\/\" \/>\n<meta property=\"og:locale\" content=\"en_US\" \/>\n<meta property=\"og:type\" content=\"article\" \/>\n<meta property=\"og:title\" content=\"Leandro Sanca assina pelo FC Famalic\u00e3o - FC Famalic\u00e3o\" \/>\n<meta property=\"og:description\" content=\"A SAD do Futebol Clube de Famalic\u00e3o informa que Leandro Sanca \u00e9 o mais recente refor\u00e7o da equipa principal. O extremo, de 23 anos, atuava nos italianos do Spezia e rubricou um v\u00ednculo at\u00e9 ao final da temporada. Depois de meia \u00e9poca na Serie A, Leandro Sanca est\u00e1 de regresso&hellip;\" \/>\n<meta property=\"og:url\" content=\"https:\/\/www.fcfamalicao.pt\/en\/leandro-sanca-assina-pelo-fc-famalicao\/\" \/>\n<meta property=\"og:site_name\" content=\"FC Famalic\u00e3o\" \/>\n<meta property=\"article:publisher\" content=\"https:\/\/www.facebook.com\/FCFamalicao\/\" \/>\n<meta property=\"article:published_time\" content=\"2023-01-13T11:31:24+00:00\" \/>\n<meta property=\"article:modified_time\" content=\"2023-01-13T11:49:06+00:00\" \/>\n<meta property=\"og:image\" content=\"https:\/\/www.fcfamalicao.pt\/wp-content\/uploads\/2023\/01\/Sanca-1-1-scaled.jpg\" \/>\n\t<meta property=\"og:image:width\" content=\"2372\" \/>\n\t<meta property=\"og:image:height\" content=\"2560\" \/>\n\t<meta property=\"og:image:type\" content=\"image\/jpeg\" \/>\n<meta name=\"author\" content=\"fcfamalicao fcfamalicao\" \/>\n<meta name=\"twitter:card\" content=\"summary_large_image\" \/>\n<meta name=\"twitter:creator\" content=\"@fcf1931_oficial\" \/>\n<meta name=\"twitter:site\" content=\"@fcf1931_oficial\" \/>\n<meta name=\"twitter:label1\" content=\"Written by\" \/>\n\t<meta name=\"twitter:data1\" content=\"fcfamalicao fcfamalicao\" \/>\n\t<meta name=\"twitter:label2\" content=\"Est. reading time\" \/>\n\t<meta name=\"twitter:data2\" content=\"2 minutes\" \/>\n<script type=\"application\/ld+json\" class=\"yoast-schema-graph\">{\"@context\":\"https:\/\/schema.org\",\"@graph\":[{\"@type\":\"Article\",\"@id\":\"https:\/\/www.fcfamalicao.pt\/en\/leandro-sanca-assina-pelo-fc-famalicao\/#article\",\"isPartOf\":{\"@id\":\"https:\/\/www.fcfamalicao.pt\/en\/leandro-sanca-assina-pelo-fc-famalicao\/\"},\"author\":{\"name\":\"fcfamalicao fcfamalicao\",\"@id\":\"https:\/\/www.fcfamalicao.pt\/en\/#\/schema\/person\/713a4d367f5259360c363ad35dad9247\"},\"headline\":\"Leandro Sanca assina pelo FC Famalic\u00e3o\",\"datePublished\":\"2023-01-13T11:31:24+00:00\",\"dateModified\":\"2023-01-13T11:49:06+00:00\",\"mainEntityOfPage\":{\"@id\":\"https:\/\/www.fcfamalicao.pt\/en\/leandro-sanca-assina-pelo-fc-famalicao\/\"},\"wordCount\":198,\"publisher\":{\"@id\":\"https:\/\/www.fcfamalicao.pt\/en\/#organization\"},\"image\":{\"@id\":\"https:\/\/www.fcfamalicao.pt\/en\/leandro-sanca-assina-pelo-fc-famalicao\/#primaryimage\"},\"thumbnailUrl\":\"https:\/\/www.fcfamalicao.pt\/wp-content\/uploads\/2023\/01\/Sanca-1-1-scaled.jpg\",\"articleSection\":[\"Not\u00edcias\"],\"inLanguage\":\"en-US\"},{\"@type\":\"WebPage\",\"@id\":\"https:\/\/www.fcfamalicao.pt\/en\/leandro-sanca-assina-pelo-fc-famalicao\/\",\"url\":\"https:\/\/www.fcfamalicao.pt\/en\/leandro-sanca-assina-pelo-fc-famalicao\/\",\"name\":\"Leandro Sanca assina pelo FC Famalic\u00e3o - FC Famalic\u00e3o\",\"isPartOf\":{\"@id\":\"https:\/\/www.fcfamalicao.pt\/en\/#website\"},\"primaryImageOfPage\":{\"@id\":\"https:\/\/www.fcfamalicao.pt\/en\/leandro-sanca-assina-pelo-fc-famalicao\/#primaryimage\"},\"image\":{\"@id\":\"https:\/\/www.fcfamalicao.pt\/en\/leandro-sanca-assina-pelo-fc-famalicao\/#primaryimage\"},\"thumbnailUrl\":\"https:\/\/www.fcfamalicao.pt\/wp-content\/uploads\/2023\/01\/Sanca-1-1-scaled.jpg\",\"datePublished\":\"2023-01-13T11:31:24+00:00\",\"dateModified\":\"2023-01-13T11:49:06+00:00\",\"breadcrumb\":{\"@id\":\"https:\/\/www.fcfamalicao.pt\/en\/leandro-sanca-assina-pelo-fc-famalicao\/#breadcrumb\"},\"inLanguage\":\"en-US\",\"potentialAction\":[{\"@type\":\"ReadAction\",\"target\":[\"https:\/\/www.fcfamalicao.pt\/en\/leandro-sanca-assina-pelo-fc-famalicao\/\"]}]},{\"@type\":\"ImageObject\",\"inLanguage\":\"en-US\",\"@id\":\"https:\/\/www.fcfamalicao.pt\/en\/leandro-sanca-assina-pelo-fc-famalicao\/#primaryimage\",\"url\":\"https:\/\/www.fcfamalicao.pt\/wp-content\/uploads\/2023\/01\/Sanca-1-1-scaled.jpg\",\"contentUrl\":\"https:\/\/www.fcfamalicao.pt\/wp-content\/uploads\/2023\/01\/Sanca-1-1-scaled.jpg\",\"width\":2372,\"height\":2560},{\"@type\":\"BreadcrumbList\",\"@id\":\"https:\/\/www.fcfamalicao.pt\/en\/leandro-sanca-assina-pelo-fc-famalicao\/#breadcrumb\",\"itemListElement\":[{\"@type\":\"ListItem\",\"position\":1,\"name\":\"Home\",\"item\":\"https:\/\/www.fcfamalicao.pt\/en\/\"},{\"@type\":\"ListItem\",\"position\":2,\"name\":\"Leandro Sanca assina pelo FC Famalic\u00e3o\"}]},{\"@type\":\"WebSite\",\"@id\":\"https:\/\/www.fcfamalicao.pt\/en\/#website\",\"url\":\"https:\/\/www.fcfamalicao.pt\/en\/\",\"name\":\"FC Famalic\u00e3o\",\"description\":\"Site oficial do Futebol Clube Famalic\u00e3o. #AMORDEPERDI\u00c7\u00c3O\",\"publisher\":{\"@id\":\"https:\/\/www.fcfamalicao.pt\/en\/#organization\"},\"potentialAction\":[{\"@type\":\"SearchAction\",\"target\":{\"@type\":\"EntryPoint\",\"urlTemplate\":\"https:\/\/www.fcfamalicao.pt\/en\/?s={search_term_string}\"},\"query-input\":{\"@type\":\"PropertyValueSpecification\",\"valueRequired\":true,\"valueName\":\"search_term_string\"}}],\"inLanguage\":\"en-US\"},{\"@type\":\"Organization\",\"@id\":\"https:\/\/www.fcfamalicao.pt\/en\/#organization\",\"name\":\"FC Famalic\u00e3o\",\"url\":\"https:\/\/www.fcfamalicao.pt\/en\/\",\"logo\":{\"@type\":\"ImageObject\",\"inLanguage\":\"en-US\",\"@id\":\"https:\/\/www.fcfamalicao.pt\/en\/#\/schema\/logo\/image\/\",\"url\":\"https:\/\/www.fcfamalicao.pt\/wp-content\/uploads\/2018\/11\/fcf-logo.png\",\"contentUrl\":\"https:\/\/www.fcfamalicao.pt\/wp-content\/uploads\/2018\/11\/fcf-logo.png\",\"width\":150,\"height\":143,\"caption\":\"FC Famalic\u00e3o\"},\"image\":{\"@id\":\"https:\/\/www.fcfamalicao.pt\/en\/#\/schema\/logo\/image\/\"},\"sameAs\":[\"https:\/\/www.facebook.com\/FCFamalicao\/\",\"https:\/\/x.com\/fcf1931_oficial\",\"https:\/\/www.instagram.com\/futebolclubefamalicao\/\",\"https:\/\/www.youtube.com\/FCFamalicao1931\"]},{\"@type\":\"Person\",\"@id\":\"https:\/\/www.fcfamalicao.pt\/en\/#\/schema\/person\/713a4d367f5259360c363ad35dad9247\",\"name\":\"fcfamalicao fcfamalicao\",\"image\":{\"@type\":\"ImageObject\",\"inLanguage\":\"en-US\",\"@id\":\"https:\/\/www.fcfamalicao.pt\/en\/#\/schema\/person\/image\/\",\"url\":\"https:\/\/secure.gravatar.com\/avatar\/b37399ebd6c6b1f9808b97ddeec50eb3b762cc626cb1e17e3a8b30044160d118?s=96&d=mm&r=g\",\"contentUrl\":\"https:\/\/secure.gravatar.com\/avatar\/b37399ebd6c6b1f9808b97ddeec50eb3b762cc626cb1e17e3a8b30044160d118?s=96&d=mm&r=g\",\"caption\":\"fcfamalicao fcfamalicao\"}}]}<\/script>\n<!-- \/ Yoast SEO plugin. -->","yoast_head_json":{"title":"Leandro Sanca assina pelo FC Famalic\u00e3o - FC Famalic\u00e3o","robots":{"index":"index","follow":"follow","max-snippet":"max-snippet:-1","max-image-preview":"max-image-preview:large","max-video-preview":"max-video-preview:-1"},"canonical":"https:\/\/www.fcfamalicao.pt\/en\/leandro-sanca-assina-pelo-fc-famalicao\/","og_locale":"en_US","og_type":"article","og_title":"Leandro Sanca assina pelo FC Famalic\u00e3o - FC Famalic\u00e3o","og_description":"A SAD do Futebol Clube de Famalic\u00e3o informa que Leandro Sanca \u00e9 o mais recente refor\u00e7o da equipa principal. O extremo, de 23 anos, atuava nos italianos do Spezia e rubricou um v\u00ednculo at\u00e9 ao final da temporada. Depois de meia \u00e9poca na Serie A, Leandro Sanca est\u00e1 de regresso&hellip;","og_url":"https:\/\/www.fcfamalicao.pt\/en\/leandro-sanca-assina-pelo-fc-famalicao\/","og_site_name":"FC Famalic\u00e3o","article_publisher":"https:\/\/www.facebook.com\/FCFamalicao\/","article_published_time":"2023-01-13T11:31:24+00:00","article_modified_time":"2023-01-13T11:49:06+00:00","og_image":[{"width":2372,"height":2560,"url":"https:\/\/www.fcfamalicao.pt\/wp-content\/uploads\/2023\/01\/Sanca-1-1-scaled.jpg","type":"image\/jpeg"}],"author":"fcfamalicao fcfamalicao","twitter_card":"summary_large_image","twitter_creator":"@fcf1931_oficial","twitter_site":"@fcf1931_oficial","twitter_misc":{"Written by":"fcfamalicao fcfamalicao","Est. reading time":"2 minutes"},"schema":{"@context":"https:\/\/schema.org","@graph":[{"@type":"Article","@id":"https:\/\/www.fcfamalicao.pt\/en\/leandro-sanca-assina-pelo-fc-famalicao\/#article","isPartOf":{"@id":"https:\/\/www.fcfamalicao.pt\/en\/leandro-sanca-assina-pelo-fc-famalicao\/"},"author":{"name":"fcfamalicao fcfamalicao","@id":"https:\/\/www.fcfamalicao.pt\/en\/#\/schema\/person\/713a4d367f5259360c363ad35dad9247"},"headline":"Leandro Sanca assina pelo FC Famalic\u00e3o","datePublished":"2023-01-13T11:31:24+00:00","dateModified":"2023-01-13T11:49:06+00:00","mainEntityOfPage":{"@id":"https:\/\/www.fcfamalicao.pt\/en\/leandro-sanca-assina-pelo-fc-famalicao\/"},"wordCount":198,"publisher":{"@id":"https:\/\/www.fcfamalicao.pt\/en\/#organization"},"image":{"@id":"https:\/\/www.fcfamalicao.pt\/en\/leandro-sanca-assina-pelo-fc-famalicao\/#primaryimage"},"thumbnailUrl":"https:\/\/www.fcfamalicao.pt\/wp-content\/uploads\/2023\/01\/Sanca-1-1-scaled.jpg","articleSection":["Not\u00edcias"],"inLanguage":"en-US"},{"@type":"WebPage","@id":"https:\/\/www.fcfamalicao.pt\/en\/leandro-sanca-assina-pelo-fc-famalicao\/","url":"https:\/\/www.fcfamalicao.pt\/en\/leandro-sanca-assina-pelo-fc-famalicao\/","name":"Leandro Sanca assina pelo FC Famalic\u00e3o - FC Famalic\u00e3o","isPartOf":{"@id":"https:\/\/www.fcfamalicao.pt\/en\/#website"},"primaryImageOfPage":{"@id":"https:\/\/www.fcfamalicao.pt\/en\/leandro-sanca-assina-pelo-fc-famalicao\/#primaryimage"},"image":{"@id":"https:\/\/www.fcfamalicao.pt\/en\/leandro-sanca-assina-pelo-fc-famalicao\/#primaryimage"},"thumbnailUrl":"https:\/\/www.fcfamalicao.pt\/wp-content\/uploads\/2023\/01\/Sanca-1-1-scaled.jpg","datePublished":"2023-01-13T11:31:24+00:00","dateModified":"2023-01-13T11:49:06+00:00","breadcrumb":{"@id":"https:\/\/www.fcfamalicao.pt\/en\/leandro-sanca-assina-pelo-fc-famalicao\/#breadcrumb"},"inLanguage":"en-US","potentialAction":[{"@type":"ReadAction","target":["https:\/\/www.fcfamalicao.pt\/en\/leandro-sanca-assina-pelo-fc-famalicao\/"]}]},{"@type":"ImageObject","inLanguage":"en-US","@id":"https:\/\/www.fcfamalicao.pt\/en\/leandro-sanca-assina-pelo-fc-famalicao\/#primaryimage","url":"https:\/\/www.fcfamalicao.pt\/wp-content\/uploads\/2023\/01\/Sanca-1-1-scaled.jpg","contentUrl":"https:\/\/www.fcfamalicao.pt\/wp-content\/uploads\/2023\/01\/Sanca-1-1-scaled.jpg","width":2372,"height":2560},{"@type":"BreadcrumbList","@id":"https:\/\/www.fcfamalicao.pt\/en\/leandro-sanca-assina-pelo-fc-famalicao\/#breadcrumb","itemListElement":[{"@type":"ListItem","position":1,"name":"Home","item":"https:\/\/www.fcfamalicao.pt\/en\/"},{"@type":"ListItem","position":2,"name":"Leandro Sanca assina pelo FC Famalic\u00e3o"}]},{"@type":"WebSite","@id":"https:\/\/www.fcfamalicao.pt\/en\/#website","url":"https:\/\/www.fcfamalicao.pt\/en\/","name":"FC Famalic\u00e3o","description":"Site oficial do Futebol Clube Famalic\u00e3o. #AMORDEPERDI\u00c7\u00c3O","publisher":{"@id":"https:\/\/www.fcfamalicao.pt\/en\/#organization"},"potentialAction":[{"@type":"SearchAction","target":{"@type":"EntryPoint","urlTemplate":"https:\/\/www.fcfamalicao.pt\/en\/?s={search_term_string}"},"query-input":{"@type":"PropertyValueSpecification","valueRequired":true,"valueName":"search_term_string"}}],"inLanguage":"en-US"},{"@type":"Organization","@id":"https:\/\/www.fcfamalicao.pt\/en\/#organization","name":"FC Famalic\u00e3o","url":"https:\/\/www.fcfamalicao.pt\/en\/","logo":{"@type":"ImageObject","inLanguage":"en-US","@id":"https:\/\/www.fcfamalicao.pt\/en\/#\/schema\/logo\/image\/","url":"https:\/\/www.fcfamalicao.pt\/wp-content\/uploads\/2018\/11\/fcf-logo.png","contentUrl":"https:\/\/www.fcfamalicao.pt\/wp-content\/uploads\/2018\/11\/fcf-logo.png","width":150,"height":143,"caption":"FC Famalic\u00e3o"},"image":{"@id":"https:\/\/www.fcfamalicao.pt\/en\/#\/schema\/logo\/image\/"},"sameAs":["https:\/\/www.facebook.com\/FCFamalicao\/","https:\/\/x.com\/fcf1931_oficial","https:\/\/www.instagram.com\/futebolclubefamalicao\/","https:\/\/www.youtube.com\/FCFamalicao1931"]},{"@type":"Person","@id":"https:\/\/www.fcfamalicao.pt\/en\/#\/schema\/person\/713a4d367f5259360c363ad35dad9247","name":"fcfamalicao fcfamalicao","image":{"@type":"ImageObject","inLanguage":"en-US","@id":"https:\/\/www.fcfamalicao.pt\/en\/#\/schema\/person\/image\/","url":"https:\/\/secure.gravatar.com\/avatar\/b37399ebd6c6b1f9808b97ddeec50eb3b762cc626cb1e17e3a8b30044160d118?s=96&d=mm&r=g","contentUrl":"https:\/\/secure.gravatar.com\/avatar\/b37399ebd6c6b1f9808b97ddeec50eb3b762cc626cb1e17e3a8b30044160d118?s=96&d=mm&r=g","caption":"fcfamalicao fcfamalicao"}}]}},"_links":{"self":[{"href":"https:\/\/www.fcfamalicao.pt\/en\/wp-json\/wp\/v2\/posts\/25193","targetHints":{"allow":["GET"]}}],"collection":[{"href":"https:\/\/www.fcfamalicao.pt\/en\/wp-json\/wp\/v2\/posts"}],"about":[{"href":"https:\/\/www.fcfamalicao.pt\/en\/wp-json\/wp\/v2\/types\/post"}],"author":[{"embeddable":true,"href":"https:\/\/www.fcfamalicao.pt\/en\/wp-json\/wp\/v2\/users\/2"}],"replies":[{"embeddable":true,"href":"https:\/\/www.fcfamalicao.pt\/en\/wp-json\/wp\/v2\/comments?post=25193"}],"version-history":[{"count":0,"href":"https:\/\/www.fcfamalicao.pt\/en\/wp-json\/wp\/v2\/posts\/25193\/revisions"}],"wp:featuredmedia":[{"embeddable":true,"href":"https:\/\/www.fcfamalicao.pt\/en\/wp-json\/wp\/v2\/media\/25197"}],"wp:attachment":[{"href":"https:\/\/www.fcfamalicao.pt\/en\/wp-json\/wp\/v2\/media?parent=25193"}],"wp:term":[{"taxonomy":"category","embeddable":true,"href":"https:\/\/www.fcfamalicao.pt\/en\/wp-json\/wp\/v2\/categories?post=25193"},{"taxonomy":"post_tag","embeddable":true,"href":"https:\/\/www.fcfamalicao.pt\/en\/wp-json\/wp\/v2\/tags?post=25193"}],"curies":[{"name":"wp","href":"https:\/\/api.w.org\/{rel}","templated":true}]}}