{"id":25221,"date":"2023-01-15T23:05:03","date_gmt":"2023-01-15T23:05:03","guid":{"rendered":"https:\/\/www.fcfamalicao.pt\/?p=25221"},"modified":"2023-01-15T23:05:03","modified_gmt":"2023-01-15T23:05:03","slug":"fc-porto-4-1-fc-famalicao","status":"publish","type":"post","link":"https:\/\/www.fcfamalicao.pt\/en\/fc-porto-4-1-fc-famalicao\/","title":{"rendered":"FC Porto 4-1 FC Famalic\u00e3o"},"content":{"rendered":"<p>O Futebol Clube de Famalic\u00e3o perdeu, este domingo, por 4-1, no Est\u00e1dio do Drag\u00e3o, frente ao Futebol Clube do Porto em encontro referente \u00e0 16.\u00aa jornada da Liga Portugal Bwin.<\/p>\n<p>A equipa da casa marcou tr\u00eas golos no primeiro tempo, com um bis de Galeno e um golo de Ot\u00e1vio. No in\u00edcio da segunda metade, o conjunto portista voltou a marcar, desta feita por interm\u00e9dio de Mehdi Taremi. O Futebol Clube de Famalic\u00e3o mostrou muita resili\u00eancia e conseguiu reduzir a desvantagem atrav\u00e9s de uma recarga oportuna de Rui Fonte.<\/p>\n<p><iframe loading=\"lazy\" title=\"FC Porto 4-1 FC Famalic\u00e3o | 16.\u00aa jornada I Liga 22\/23\" width=\"500\" height=\"281\" src=\"https:\/\/www.youtube.com\/embed\/NHOS4P0IILQ?feature=oembed\" frameborder=\"0\" allow=\"accelerometer; autoplay; clipboard-write; encrypted-media; gyroscope; picture-in-picture; web-share\" referrerpolicy=\"strict-origin-when-cross-origin\" allowfullscreen><\/iframe><\/p>\n<p>FC Porto 4-1 FC Famalic\u00e3o<br \/>\nEst\u00e1dio do Drag\u00e3o<br \/>\n\u00c1rbitro: Gustavo Correia<\/p>\n<p>FC Porto &#8211; Diogo Costa, Jo\u00e3o M\u00e1rio, F\u00e1bio Cardoso, Iv\u00e1n Marcano (Pepe 81&#8242;), Wendell (Rodrigo Concei\u00e7\u00e3o 81&#8242;), Uribe, Grujic (Eust\u00e1quio 64&#8242;), Ot\u00e1vio, Galeno, Mehdi Taremi (Namaso 88&#8242;) e Toni Mart\u00ednez (P\u00eap\u00ea 63&#8242;)<\/p>\n<p>FC Famalic\u00e3o &#8211; Luiz J\u00fanior, Alexandre Penetra (Martin Aguirregabiria 88&#8242;), Riccieli, Enea Mihaj, Francisco Moura, Gustavo Assun\u00e7\u00e3o (Zaydou Youssouf 45&#8242;), Santiago Colombatto, Ivo Rodrigues, Iv\u00e1n Jaime (Gustavo S\u00e1 88&#8242;), Rui Fonte (Alex Dobre 74&#8242;) e Pablo (Junior Kadile 74&#8242;)<\/p>\n<p>Golos: Galeno (10&#8242; e 21&#8242;); Ot\u00e1vio (42&#8242;); Mehdi Taremi (49&#8242;) e Rui Fonte (52&#8242;)<\/p>\n<p>Cart\u00f5es Amarelos: Galeno (36&#8242;); Wendell (44&#8242;); Marcano (55&#8242;); Luiz J\u00fanior (57&#8242;)<\/p>\n","protected":false},"excerpt":{"rendered":"<p>O Futebol Clube de Famalic\u00e3o perdeu, este domingo, por 4-1, no Est\u00e1dio do Drag\u00e3o, frente ao Futebol Clube do Porto em encontro referente \u00e0 16.\u00aa jornada da Liga Portugal Bwin. A equipa da casa marcou tr\u00eas golos no primeiro tempo, com um bis de Galeno e um golo de Ot\u00e1vio.&hellip;<\/p>\n","protected":false},"author":2,"featured_media":25222,"comment_status":"closed","ping_status":"closed","sticky":false,"template":"","format":"standard","meta":{"_acf_changed":false,"footnotes":""},"categories":[1],"tags":[],"class_list":["post-25221","post","type-post","status-publish","format-standard","has-post-thumbnail","hentry","category-noticias"],"acf":[],"yoast_head":"<!-- This site is optimized with the Yoast SEO plugin v27.1.1 - https:\/\/yoast.com\/product\/yoast-seo-wordpress\/ -->\n<title>FC Porto 4-1 FC Famalic\u00e3o - FC Famalic\u00e3o<\/title>\n<meta name=\"robots\" content=\"index, follow, max-snippet:-1, max-image-preview:large, max-video-preview:-1\" \/>\n<link rel=\"canonical\" href=\"https:\/\/www.fcfamalicao.pt\/en\/fc-porto-4-1-fc-famalicao\/\" \/>\n<meta property=\"og:locale\" content=\"en_US\" \/>\n<meta property=\"og:type\" content=\"article\" \/>\n<meta property=\"og:title\" content=\"FC Porto 4-1 FC Famalic\u00e3o - FC Famalic\u00e3o\" \/>\n<meta property=\"og:description\" content=\"O Futebol Clube de Famalic\u00e3o perdeu, este domingo, por 4-1, no Est\u00e1dio do Drag\u00e3o, frente ao Futebol Clube do Porto em encontro referente \u00e0 16.\u00aa jornada da Liga Portugal Bwin. A equipa da casa marcou tr\u00eas golos no primeiro tempo, com um bis de Galeno e um golo de Ot\u00e1vio.&hellip;\" \/>\n<meta property=\"og:url\" content=\"https:\/\/www.fcfamalicao.pt\/en\/fc-porto-4-1-fc-famalicao\/\" \/>\n<meta property=\"og:site_name\" content=\"FC Famalic\u00e3o\" \/>\n<meta property=\"article:publisher\" content=\"https:\/\/www.facebook.com\/FCFamalicao\/\" \/>\n<meta property=\"article:published_time\" content=\"2023-01-15T23:05:03+00:00\" \/>\n<meta property=\"og:image\" content=\"https:\/\/www.fcfamalicao.pt\/wp-content\/uploads\/2023\/01\/20230115225108_MAR_2453-scaled.jpg\" \/>\n\t<meta property=\"og:image:width\" content=\"2560\" \/>\n\t<meta property=\"og:image:height\" content=\"1707\" \/>\n\t<meta property=\"og:image:type\" content=\"image\/jpeg\" \/>\n<meta name=\"author\" content=\"fcfamalicao fcfamalicao\" \/>\n<meta name=\"twitter:card\" content=\"summary_large_image\" \/>\n<meta name=\"twitter:creator\" content=\"@fcf1931_oficial\" \/>\n<meta name=\"twitter:site\" content=\"@fcf1931_oficial\" \/>\n<meta name=\"twitter:label1\" content=\"Written by\" \/>\n\t<meta name=\"twitter:data1\" content=\"fcfamalicao fcfamalicao\" \/>\n\t<meta name=\"twitter:label2\" content=\"Est. reading time\" \/>\n\t<meta name=\"twitter:data2\" content=\"2 minutes\" \/>\n<script type=\"application\/ld+json\" class=\"yoast-schema-graph\">{\"@context\":\"https:\/\/schema.org\",\"@graph\":[{\"@type\":\"Article\",\"@id\":\"https:\/\/www.fcfamalicao.pt\/en\/fc-porto-4-1-fc-famalicao\/#article\",\"isPartOf\":{\"@id\":\"https:\/\/www.fcfamalicao.pt\/en\/fc-porto-4-1-fc-famalicao\/\"},\"author\":{\"name\":\"fcfamalicao fcfamalicao\",\"@id\":\"https:\/\/www.fcfamalicao.pt\/en\/#\/schema\/person\/713a4d367f5259360c363ad35dad9247\"},\"headline\":\"FC Porto 4-1 FC Famalic\u00e3o\",\"datePublished\":\"2023-01-15T23:05:03+00:00\",\"mainEntityOfPage\":{\"@id\":\"https:\/\/www.fcfamalicao.pt\/en\/fc-porto-4-1-fc-famalicao\/\"},\"wordCount\":221,\"publisher\":{\"@id\":\"https:\/\/www.fcfamalicao.pt\/en\/#organization\"},\"image\":{\"@id\":\"https:\/\/www.fcfamalicao.pt\/en\/fc-porto-4-1-fc-famalicao\/#primaryimage\"},\"thumbnailUrl\":\"https:\/\/www.fcfamalicao.pt\/wp-content\/uploads\/2023\/01\/20230115225108_MAR_2453-scaled.jpg\",\"articleSection\":[\"Not\u00edcias\"],\"inLanguage\":\"en-US\"},{\"@type\":\"WebPage\",\"@id\":\"https:\/\/www.fcfamalicao.pt\/en\/fc-porto-4-1-fc-famalicao\/\",\"url\":\"https:\/\/www.fcfamalicao.pt\/en\/fc-porto-4-1-fc-famalicao\/\",\"name\":\"FC Porto 4-1 FC Famalic\u00e3o - FC Famalic\u00e3o\",\"isPartOf\":{\"@id\":\"https:\/\/www.fcfamalicao.pt\/en\/#website\"},\"primaryImageOfPage\":{\"@id\":\"https:\/\/www.fcfamalicao.pt\/en\/fc-porto-4-1-fc-famalicao\/#primaryimage\"},\"image\":{\"@id\":\"https:\/\/www.fcfamalicao.pt\/en\/fc-porto-4-1-fc-famalicao\/#primaryimage\"},\"thumbnailUrl\":\"https:\/\/www.fcfamalicao.pt\/wp-content\/uploads\/2023\/01\/20230115225108_MAR_2453-scaled.jpg\",\"datePublished\":\"2023-01-15T23:05:03+00:00\",\"breadcrumb\":{\"@id\":\"https:\/\/www.fcfamalicao.pt\/en\/fc-porto-4-1-fc-famalicao\/#breadcrumb\"},\"inLanguage\":\"en-US\",\"potentialAction\":[{\"@type\":\"ReadAction\",\"target\":[\"https:\/\/www.fcfamalicao.pt\/en\/fc-porto-4-1-fc-famalicao\/\"]}]},{\"@type\":\"ImageObject\",\"inLanguage\":\"en-US\",\"@id\":\"https:\/\/www.fcfamalicao.pt\/en\/fc-porto-4-1-fc-famalicao\/#primaryimage\",\"url\":\"https:\/\/www.fcfamalicao.pt\/wp-content\/uploads\/2023\/01\/20230115225108_MAR_2453-scaled.jpg\",\"contentUrl\":\"https:\/\/www.fcfamalicao.pt\/wp-content\/uploads\/2023\/01\/20230115225108_MAR_2453-scaled.jpg\",\"width\":2560,\"height\":1707},{\"@type\":\"BreadcrumbList\",\"@id\":\"https:\/\/www.fcfamalicao.pt\/en\/fc-porto-4-1-fc-famalicao\/#breadcrumb\",\"itemListElement\":[{\"@type\":\"ListItem\",\"position\":1,\"name\":\"Home\",\"item\":\"https:\/\/www.fcfamalicao.pt\/en\/\"},{\"@type\":\"ListItem\",\"position\":2,\"name\":\"FC Porto 4-1 FC Famalic\u00e3o\"}]},{\"@type\":\"WebSite\",\"@id\":\"https:\/\/www.fcfamalicao.pt\/en\/#website\",\"url\":\"https:\/\/www.fcfamalicao.pt\/en\/\",\"name\":\"FC Famalic\u00e3o\",\"description\":\"Site oficial do Futebol Clube Famalic\u00e3o. #AMORDEPERDI\u00c7\u00c3O\",\"publisher\":{\"@id\":\"https:\/\/www.fcfamalicao.pt\/en\/#organization\"},\"potentialAction\":[{\"@type\":\"SearchAction\",\"target\":{\"@type\":\"EntryPoint\",\"urlTemplate\":\"https:\/\/www.fcfamalicao.pt\/en\/?s={search_term_string}\"},\"query-input\":{\"@type\":\"PropertyValueSpecification\",\"valueRequired\":true,\"valueName\":\"search_term_string\"}}],\"inLanguage\":\"en-US\"},{\"@type\":\"Organization\",\"@id\":\"https:\/\/www.fcfamalicao.pt\/en\/#organization\",\"name\":\"FC Famalic\u00e3o\",\"url\":\"https:\/\/www.fcfamalicao.pt\/en\/\",\"logo\":{\"@type\":\"ImageObject\",\"inLanguage\":\"en-US\",\"@id\":\"https:\/\/www.fcfamalicao.pt\/en\/#\/schema\/logo\/image\/\",\"url\":\"https:\/\/www.fcfamalicao.pt\/wp-content\/uploads\/2018\/11\/fcf-logo.png\",\"contentUrl\":\"https:\/\/www.fcfamalicao.pt\/wp-content\/uploads\/2018\/11\/fcf-logo.png\",\"width\":150,\"height\":143,\"caption\":\"FC Famalic\u00e3o\"},\"image\":{\"@id\":\"https:\/\/www.fcfamalicao.pt\/en\/#\/schema\/logo\/image\/\"},\"sameAs\":[\"https:\/\/www.facebook.com\/FCFamalicao\/\",\"https:\/\/x.com\/fcf1931_oficial\",\"https:\/\/www.instagram.com\/futebolclubefamalicao\/\",\"https:\/\/www.youtube.com\/FCFamalicao1931\"]},{\"@type\":\"Person\",\"@id\":\"https:\/\/www.fcfamalicao.pt\/en\/#\/schema\/person\/713a4d367f5259360c363ad35dad9247\",\"name\":\"fcfamalicao fcfamalicao\",\"image\":{\"@type\":\"ImageObject\",\"inLanguage\":\"en-US\",\"@id\":\"https:\/\/www.fcfamalicao.pt\/en\/#\/schema\/person\/image\/\",\"url\":\"https:\/\/secure.gravatar.com\/avatar\/b37399ebd6c6b1f9808b97ddeec50eb3b762cc626cb1e17e3a8b30044160d118?s=96&d=mm&r=g\",\"contentUrl\":\"https:\/\/secure.gravatar.com\/avatar\/b37399ebd6c6b1f9808b97ddeec50eb3b762cc626cb1e17e3a8b30044160d118?s=96&d=mm&r=g\",\"caption\":\"fcfamalicao fcfamalicao\"}}]}<\/script>\n<!-- \/ Yoast SEO plugin. -->","yoast_head_json":{"title":"FC Porto 4-1 FC Famalic\u00e3o - FC Famalic\u00e3o","robots":{"index":"index","follow":"follow","max-snippet":"max-snippet:-1","max-image-preview":"max-image-preview:large","max-video-preview":"max-video-preview:-1"},"canonical":"https:\/\/www.fcfamalicao.pt\/en\/fc-porto-4-1-fc-famalicao\/","og_locale":"en_US","og_type":"article","og_title":"FC Porto 4-1 FC Famalic\u00e3o - FC Famalic\u00e3o","og_description":"O Futebol Clube de Famalic\u00e3o perdeu, este domingo, por 4-1, no Est\u00e1dio do Drag\u00e3o, frente ao Futebol Clube do Porto em encontro referente \u00e0 16.\u00aa jornada da Liga Portugal Bwin. A equipa da casa marcou tr\u00eas golos no primeiro tempo, com um bis de Galeno e um golo de Ot\u00e1vio.&hellip;","og_url":"https:\/\/www.fcfamalicao.pt\/en\/fc-porto-4-1-fc-famalicao\/","og_site_name":"FC Famalic\u00e3o","article_publisher":"https:\/\/www.facebook.com\/FCFamalicao\/","article_published_time":"2023-01-15T23:05:03+00:00","og_image":[{"width":2560,"height":1707,"url":"https:\/\/www.fcfamalicao.pt\/wp-content\/uploads\/2023\/01\/20230115225108_MAR_2453-scaled.jpg","type":"image\/jpeg"}],"author":"fcfamalicao fcfamalicao","twitter_card":"summary_large_image","twitter_creator":"@fcf1931_oficial","twitter_site":"@fcf1931_oficial","twitter_misc":{"Written by":"fcfamalicao fcfamalicao","Est. reading time":"2 minutes"},"schema":{"@context":"https:\/\/schema.org","@graph":[{"@type":"Article","@id":"https:\/\/www.fcfamalicao.pt\/en\/fc-porto-4-1-fc-famalicao\/#article","isPartOf":{"@id":"https:\/\/www.fcfamalicao.pt\/en\/fc-porto-4-1-fc-famalicao\/"},"author":{"name":"fcfamalicao fcfamalicao","@id":"https:\/\/www.fcfamalicao.pt\/en\/#\/schema\/person\/713a4d367f5259360c363ad35dad9247"},"headline":"FC Porto 4-1 FC Famalic\u00e3o","datePublished":"2023-01-15T23:05:03+00:00","mainEntityOfPage":{"@id":"https:\/\/www.fcfamalicao.pt\/en\/fc-porto-4-1-fc-famalicao\/"},"wordCount":221,"publisher":{"@id":"https:\/\/www.fcfamalicao.pt\/en\/#organization"},"image":{"@id":"https:\/\/www.fcfamalicao.pt\/en\/fc-porto-4-1-fc-famalicao\/#primaryimage"},"thumbnailUrl":"https:\/\/www.fcfamalicao.pt\/wp-content\/uploads\/2023\/01\/20230115225108_MAR_2453-scaled.jpg","articleSection":["Not\u00edcias"],"inLanguage":"en-US"},{"@type":"WebPage","@id":"https:\/\/www.fcfamalicao.pt\/en\/fc-porto-4-1-fc-famalicao\/","url":"https:\/\/www.fcfamalicao.pt\/en\/fc-porto-4-1-fc-famalicao\/","name":"FC Porto 4-1 FC Famalic\u00e3o - FC Famalic\u00e3o","isPartOf":{"@id":"https:\/\/www.fcfamalicao.pt\/en\/#website"},"primaryImageOfPage":{"@id":"https:\/\/www.fcfamalicao.pt\/en\/fc-porto-4-1-fc-famalicao\/#primaryimage"},"image":{"@id":"https:\/\/www.fcfamalicao.pt\/en\/fc-porto-4-1-fc-famalicao\/#primaryimage"},"thumbnailUrl":"https:\/\/www.fcfamalicao.pt\/wp-content\/uploads\/2023\/01\/20230115225108_MAR_2453-scaled.jpg","datePublished":"2023-01-15T23:05:03+00:00","breadcrumb":{"@id":"https:\/\/www.fcfamalicao.pt\/en\/fc-porto-4-1-fc-famalicao\/#breadcrumb"},"inLanguage":"en-US","potentialAction":[{"@type":"ReadAction","target":["https:\/\/www.fcfamalicao.pt\/en\/fc-porto-4-1-fc-famalicao\/"]}]},{"@type":"ImageObject","inLanguage":"en-US","@id":"https:\/\/www.fcfamalicao.pt\/en\/fc-porto-4-1-fc-famalicao\/#primaryimage","url":"https:\/\/www.fcfamalicao.pt\/wp-content\/uploads\/2023\/01\/20230115225108_MAR_2453-scaled.jpg","contentUrl":"https:\/\/www.fcfamalicao.pt\/wp-content\/uploads\/2023\/01\/20230115225108_MAR_2453-scaled.jpg","width":2560,"height":1707},{"@type":"BreadcrumbList","@id":"https:\/\/www.fcfamalicao.pt\/en\/fc-porto-4-1-fc-famalicao\/#breadcrumb","itemListElement":[{"@type":"ListItem","position":1,"name":"Home","item":"https:\/\/www.fcfamalicao.pt\/en\/"},{"@type":"ListItem","position":2,"name":"FC Porto 4-1 FC Famalic\u00e3o"}]},{"@type":"WebSite","@id":"https:\/\/www.fcfamalicao.pt\/en\/#website","url":"https:\/\/www.fcfamalicao.pt\/en\/","name":"FC Famalic\u00e3o","description":"Site oficial do Futebol Clube Famalic\u00e3o. #AMORDEPERDI\u00c7\u00c3O","publisher":{"@id":"https:\/\/www.fcfamalicao.pt\/en\/#organization"},"potentialAction":[{"@type":"SearchAction","target":{"@type":"EntryPoint","urlTemplate":"https:\/\/www.fcfamalicao.pt\/en\/?s={search_term_string}"},"query-input":{"@type":"PropertyValueSpecification","valueRequired":true,"valueName":"search_term_string"}}],"inLanguage":"en-US"},{"@type":"Organization","@id":"https:\/\/www.fcfamalicao.pt\/en\/#organization","name":"FC Famalic\u00e3o","url":"https:\/\/www.fcfamalicao.pt\/en\/","logo":{"@type":"ImageObject","inLanguage":"en-US","@id":"https:\/\/www.fcfamalicao.pt\/en\/#\/schema\/logo\/image\/","url":"https:\/\/www.fcfamalicao.pt\/wp-content\/uploads\/2018\/11\/fcf-logo.png","contentUrl":"https:\/\/www.fcfamalicao.pt\/wp-content\/uploads\/2018\/11\/fcf-logo.png","width":150,"height":143,"caption":"FC Famalic\u00e3o"},"image":{"@id":"https:\/\/www.fcfamalicao.pt\/en\/#\/schema\/logo\/image\/"},"sameAs":["https:\/\/www.facebook.com\/FCFamalicao\/","https:\/\/x.com\/fcf1931_oficial","https:\/\/www.instagram.com\/futebolclubefamalicao\/","https:\/\/www.youtube.com\/FCFamalicao1931"]},{"@type":"Person","@id":"https:\/\/www.fcfamalicao.pt\/en\/#\/schema\/person\/713a4d367f5259360c363ad35dad9247","name":"fcfamalicao fcfamalicao","image":{"@type":"ImageObject","inLanguage":"en-US","@id":"https:\/\/www.fcfamalicao.pt\/en\/#\/schema\/person\/image\/","url":"https:\/\/secure.gravatar.com\/avatar\/b37399ebd6c6b1f9808b97ddeec50eb3b762cc626cb1e17e3a8b30044160d118?s=96&d=mm&r=g","contentUrl":"https:\/\/secure.gravatar.com\/avatar\/b37399ebd6c6b1f9808b97ddeec50eb3b762cc626cb1e17e3a8b30044160d118?s=96&d=mm&r=g","caption":"fcfamalicao fcfamalicao"}}]}},"_links":{"self":[{"href":"https:\/\/www.fcfamalicao.pt\/en\/wp-json\/wp\/v2\/posts\/25221","targetHints":{"allow":["GET"]}}],"collection":[{"href":"https:\/\/www.fcfamalicao.pt\/en\/wp-json\/wp\/v2\/posts"}],"about":[{"href":"https:\/\/www.fcfamalicao.pt\/en\/wp-json\/wp\/v2\/types\/post"}],"author":[{"embeddable":true,"href":"https:\/\/www.fcfamalicao.pt\/en\/wp-json\/wp\/v2\/users\/2"}],"replies":[{"embeddable":true,"href":"https:\/\/www.fcfamalicao.pt\/en\/wp-json\/wp\/v2\/comments?post=25221"}],"version-history":[{"count":0,"href":"https:\/\/www.fcfamalicao.pt\/en\/wp-json\/wp\/v2\/posts\/25221\/revisions"}],"wp:featuredmedia":[{"embeddable":true,"href":"https:\/\/www.fcfamalicao.pt\/en\/wp-json\/wp\/v2\/media\/25222"}],"wp:attachment":[{"href":"https:\/\/www.fcfamalicao.pt\/en\/wp-json\/wp\/v2\/media?parent=25221"}],"wp:term":[{"taxonomy":"category","embeddable":true,"href":"https:\/\/www.fcfamalicao.pt\/en\/wp-json\/wp\/v2\/categories?post=25221"},{"taxonomy":"post_tag","embeddable":true,"href":"https:\/\/www.fcfamalicao.pt\/en\/wp-json\/wp\/v2\/tags?post=25221"}],"curies":[{"name":"wp","href":"https:\/\/api.w.org\/{rel}","templated":true}]}}