{"id":2531,"date":"2019-04-16T11:11:17","date_gmt":"2019-04-16T11:11:17","guid":{"rendered":"https:\/\/www.fcfamalicao.pt\/?p=2531"},"modified":"2019-04-16T17:26:34","modified_gmt":"2019-04-16T17:26:34","slug":"deslocacao-ao-sl-benfica-b","status":"publish","type":"post","link":"https:\/\/www.fcfamalicao.pt\/en\/deslocacao-ao-sl-benfica-b\/","title":{"rendered":"Desloca\u00e7\u00e3o ao SL Benfica &#8220;B&#8221;"},"content":{"rendered":"<p>A equipa do Futebol Clube Famalic\u00e3o desloca-se, no pr\u00f3ximo s\u00e1bado, pelas 17 horas, ao Seixal, para defrontar a equipa B do SL Benfica, em jogo a contar para a 30\u00aa jornada da Ledman Liga Pro.<br \/>\nOs s\u00f3cios e adeptos do Futebol Clube Famalic\u00e3o podem adquirir viagem mais bilhete por 10 euros. Os autocarros saem do Pavilh\u00e3o Municipal de Vila Nova de Famalic\u00e3o pelas 9.30 horas. Se quiserem s\u00f3 adquirir bilhete, o pre\u00e7o ser\u00e1 de 5 euros.<br \/>\nOs bilhetes est\u00e3o \u00e0 venda a partir de quinta-feira, na sede do FC Famalic\u00e3o. <\/p>\n","protected":false},"excerpt":{"rendered":"<p>A equipa do Futebol Clube Famalic\u00e3o desloca-se, no pr\u00f3ximo s\u00e1bado, pelas 17 horas, ao Seixal, para defrontar a equipa B do SL Benfica, em jogo a contar para a 30\u00aa jornada da Ledman Liga Pro. Os s\u00f3cios e adeptos do Futebol Clube Famalic\u00e3o podem adquirir viagem mais bilhete por 10&hellip;<\/p>\n","protected":false},"author":2,"featured_media":2532,"comment_status":"closed","ping_status":"closed","sticky":false,"template":"","format":"standard","meta":{"_acf_changed":false,"footnotes":""},"categories":[1],"tags":[],"class_list":["post-2531","post","type-post","status-publish","format-standard","has-post-thumbnail","hentry","category-noticias"],"acf":[],"yoast_head":"<!-- This site is optimized with the Yoast SEO plugin v27.1.1 - https:\/\/yoast.com\/product\/yoast-seo-wordpress\/ -->\n<title>Desloca\u00e7\u00e3o ao SL Benfica &quot;B&quot; - FC Famalic\u00e3o<\/title>\n<meta name=\"robots\" content=\"index, follow, max-snippet:-1, max-image-preview:large, max-video-preview:-1\" \/>\n<link rel=\"canonical\" href=\"https:\/\/www.fcfamalicao.pt\/en\/deslocacao-ao-sl-benfica-b\/\" \/>\n<meta property=\"og:locale\" content=\"en_US\" \/>\n<meta property=\"og:type\" content=\"article\" \/>\n<meta property=\"og:title\" content=\"Desloca\u00e7\u00e3o ao SL Benfica &quot;B&quot; - FC Famalic\u00e3o\" \/>\n<meta property=\"og:description\" content=\"A equipa do Futebol Clube Famalic\u00e3o desloca-se, no pr\u00f3ximo s\u00e1bado, pelas 17 horas, ao Seixal, para defrontar a equipa B do SL Benfica, em jogo a contar para a 30\u00aa jornada da Ledman Liga Pro. Os s\u00f3cios e adeptos do Futebol Clube Famalic\u00e3o podem adquirir viagem mais bilhete por 10&hellip;\" \/>\n<meta property=\"og:url\" content=\"https:\/\/www.fcfamalicao.pt\/en\/deslocacao-ao-sl-benfica-b\/\" \/>\n<meta property=\"og:site_name\" content=\"FC Famalic\u00e3o\" \/>\n<meta property=\"article:publisher\" content=\"https:\/\/www.facebook.com\/FCFamalicao\/\" \/>\n<meta property=\"article:published_time\" content=\"2019-04-16T11:11:17+00:00\" \/>\n<meta property=\"article:modified_time\" content=\"2019-04-16T17:26:34+00:00\" \/>\n<meta property=\"og:image\" content=\"https:\/\/www.fcfamalicao.pt\/wp-content\/uploads\/2019\/04\/fcf-jogos-ledman-BENFICAB-feed-bilhetes.jpg\" \/>\n\t<meta property=\"og:image:width\" content=\"1080\" \/>\n\t<meta property=\"og:image:height\" content=\"1350\" \/>\n\t<meta property=\"og:image:type\" content=\"image\/jpeg\" \/>\n<meta name=\"author\" content=\"fcfamalicao fcfamalicao\" \/>\n<meta name=\"twitter:card\" content=\"summary_large_image\" \/>\n<meta name=\"twitter:creator\" content=\"@fcf1931_oficial\" \/>\n<meta name=\"twitter:site\" content=\"@fcf1931_oficial\" \/>\n<meta name=\"twitter:label1\" content=\"Written by\" \/>\n\t<meta name=\"twitter:data1\" content=\"fcfamalicao fcfamalicao\" \/>\n<script type=\"application\/ld+json\" class=\"yoast-schema-graph\">{\"@context\":\"https:\/\/schema.org\",\"@graph\":[{\"@type\":\"Article\",\"@id\":\"https:\/\/www.fcfamalicao.pt\/en\/deslocacao-ao-sl-benfica-b\/#article\",\"isPartOf\":{\"@id\":\"https:\/\/www.fcfamalicao.pt\/en\/deslocacao-ao-sl-benfica-b\/\"},\"author\":{\"name\":\"fcfamalicao fcfamalicao\",\"@id\":\"https:\/\/www.fcfamalicao.pt\/en\/#\/schema\/person\/713a4d367f5259360c363ad35dad9247\"},\"headline\":\"Desloca\u00e7\u00e3o ao SL Benfica &#8220;B&#8221;\",\"datePublished\":\"2019-04-16T11:11:17+00:00\",\"dateModified\":\"2019-04-16T17:26:34+00:00\",\"mainEntityOfPage\":{\"@id\":\"https:\/\/www.fcfamalicao.pt\/en\/deslocacao-ao-sl-benfica-b\/\"},\"wordCount\":100,\"publisher\":{\"@id\":\"https:\/\/www.fcfamalicao.pt\/en\/#organization\"},\"image\":{\"@id\":\"https:\/\/www.fcfamalicao.pt\/en\/deslocacao-ao-sl-benfica-b\/#primaryimage\"},\"thumbnailUrl\":\"https:\/\/www.fcfamalicao.pt\/wp-content\/uploads\/2019\/04\/fcf-jogos-ledman-BENFICAB-feed-bilhetes.jpg\",\"articleSection\":[\"Not\u00edcias\"],\"inLanguage\":\"en-US\"},{\"@type\":\"WebPage\",\"@id\":\"https:\/\/www.fcfamalicao.pt\/en\/deslocacao-ao-sl-benfica-b\/\",\"url\":\"https:\/\/www.fcfamalicao.pt\/en\/deslocacao-ao-sl-benfica-b\/\",\"name\":\"Desloca\u00e7\u00e3o ao SL Benfica \\\"B\\\" - FC Famalic\u00e3o\",\"isPartOf\":{\"@id\":\"https:\/\/www.fcfamalicao.pt\/en\/#website\"},\"primaryImageOfPage\":{\"@id\":\"https:\/\/www.fcfamalicao.pt\/en\/deslocacao-ao-sl-benfica-b\/#primaryimage\"},\"image\":{\"@id\":\"https:\/\/www.fcfamalicao.pt\/en\/deslocacao-ao-sl-benfica-b\/#primaryimage\"},\"thumbnailUrl\":\"https:\/\/www.fcfamalicao.pt\/wp-content\/uploads\/2019\/04\/fcf-jogos-ledman-BENFICAB-feed-bilhetes.jpg\",\"datePublished\":\"2019-04-16T11:11:17+00:00\",\"dateModified\":\"2019-04-16T17:26:34+00:00\",\"breadcrumb\":{\"@id\":\"https:\/\/www.fcfamalicao.pt\/en\/deslocacao-ao-sl-benfica-b\/#breadcrumb\"},\"inLanguage\":\"en-US\",\"potentialAction\":[{\"@type\":\"ReadAction\",\"target\":[\"https:\/\/www.fcfamalicao.pt\/en\/deslocacao-ao-sl-benfica-b\/\"]}]},{\"@type\":\"ImageObject\",\"inLanguage\":\"en-US\",\"@id\":\"https:\/\/www.fcfamalicao.pt\/en\/deslocacao-ao-sl-benfica-b\/#primaryimage\",\"url\":\"https:\/\/www.fcfamalicao.pt\/wp-content\/uploads\/2019\/04\/fcf-jogos-ledman-BENFICAB-feed-bilhetes.jpg\",\"contentUrl\":\"https:\/\/www.fcfamalicao.pt\/wp-content\/uploads\/2019\/04\/fcf-jogos-ledman-BENFICAB-feed-bilhetes.jpg\",\"width\":1080,\"height\":1350},{\"@type\":\"BreadcrumbList\",\"@id\":\"https:\/\/www.fcfamalicao.pt\/en\/deslocacao-ao-sl-benfica-b\/#breadcrumb\",\"itemListElement\":[{\"@type\":\"ListItem\",\"position\":1,\"name\":\"Home\",\"item\":\"https:\/\/www.fcfamalicao.pt\/en\/\"},{\"@type\":\"ListItem\",\"position\":2,\"name\":\"Desloca\u00e7\u00e3o ao SL Benfica &#8220;B&#8221;\"}]},{\"@type\":\"WebSite\",\"@id\":\"https:\/\/www.fcfamalicao.pt\/en\/#website\",\"url\":\"https:\/\/www.fcfamalicao.pt\/en\/\",\"name\":\"FC Famalic\u00e3o\",\"description\":\"Site oficial do Futebol Clube Famalic\u00e3o. #AMORDEPERDI\u00c7\u00c3O\",\"publisher\":{\"@id\":\"https:\/\/www.fcfamalicao.pt\/en\/#organization\"},\"potentialAction\":[{\"@type\":\"SearchAction\",\"target\":{\"@type\":\"EntryPoint\",\"urlTemplate\":\"https:\/\/www.fcfamalicao.pt\/en\/?s={search_term_string}\"},\"query-input\":{\"@type\":\"PropertyValueSpecification\",\"valueRequired\":true,\"valueName\":\"search_term_string\"}}],\"inLanguage\":\"en-US\"},{\"@type\":\"Organization\",\"@id\":\"https:\/\/www.fcfamalicao.pt\/en\/#organization\",\"name\":\"FC Famalic\u00e3o\",\"url\":\"https:\/\/www.fcfamalicao.pt\/en\/\",\"logo\":{\"@type\":\"ImageObject\",\"inLanguage\":\"en-US\",\"@id\":\"https:\/\/www.fcfamalicao.pt\/en\/#\/schema\/logo\/image\/\",\"url\":\"https:\/\/www.fcfamalicao.pt\/wp-content\/uploads\/2018\/11\/fcf-logo.png\",\"contentUrl\":\"https:\/\/www.fcfamalicao.pt\/wp-content\/uploads\/2018\/11\/fcf-logo.png\",\"width\":150,\"height\":143,\"caption\":\"FC Famalic\u00e3o\"},\"image\":{\"@id\":\"https:\/\/www.fcfamalicao.pt\/en\/#\/schema\/logo\/image\/\"},\"sameAs\":[\"https:\/\/www.facebook.com\/FCFamalicao\/\",\"https:\/\/x.com\/fcf1931_oficial\",\"https:\/\/www.instagram.com\/futebolclubefamalicao\/\",\"https:\/\/www.youtube.com\/FCFamalicao1931\"]},{\"@type\":\"Person\",\"@id\":\"https:\/\/www.fcfamalicao.pt\/en\/#\/schema\/person\/713a4d367f5259360c363ad35dad9247\",\"name\":\"fcfamalicao fcfamalicao\",\"image\":{\"@type\":\"ImageObject\",\"inLanguage\":\"en-US\",\"@id\":\"https:\/\/www.fcfamalicao.pt\/en\/#\/schema\/person\/image\/\",\"url\":\"https:\/\/secure.gravatar.com\/avatar\/b37399ebd6c6b1f9808b97ddeec50eb3b762cc626cb1e17e3a8b30044160d118?s=96&d=mm&r=g\",\"contentUrl\":\"https:\/\/secure.gravatar.com\/avatar\/b37399ebd6c6b1f9808b97ddeec50eb3b762cc626cb1e17e3a8b30044160d118?s=96&d=mm&r=g\",\"caption\":\"fcfamalicao fcfamalicao\"}}]}<\/script>\n<!-- \/ Yoast SEO plugin. -->","yoast_head_json":{"title":"Desloca\u00e7\u00e3o ao SL Benfica \"B\" - FC Famalic\u00e3o","robots":{"index":"index","follow":"follow","max-snippet":"max-snippet:-1","max-image-preview":"max-image-preview:large","max-video-preview":"max-video-preview:-1"},"canonical":"https:\/\/www.fcfamalicao.pt\/en\/deslocacao-ao-sl-benfica-b\/","og_locale":"en_US","og_type":"article","og_title":"Desloca\u00e7\u00e3o ao SL Benfica \"B\" - FC Famalic\u00e3o","og_description":"A equipa do Futebol Clube Famalic\u00e3o desloca-se, no pr\u00f3ximo s\u00e1bado, pelas 17 horas, ao Seixal, para defrontar a equipa B do SL Benfica, em jogo a contar para a 30\u00aa jornada da Ledman Liga Pro. Os s\u00f3cios e adeptos do Futebol Clube Famalic\u00e3o podem adquirir viagem mais bilhete por 10&hellip;","og_url":"https:\/\/www.fcfamalicao.pt\/en\/deslocacao-ao-sl-benfica-b\/","og_site_name":"FC Famalic\u00e3o","article_publisher":"https:\/\/www.facebook.com\/FCFamalicao\/","article_published_time":"2019-04-16T11:11:17+00:00","article_modified_time":"2019-04-16T17:26:34+00:00","og_image":[{"width":1080,"height":1350,"url":"https:\/\/www.fcfamalicao.pt\/wp-content\/uploads\/2019\/04\/fcf-jogos-ledman-BENFICAB-feed-bilhetes.jpg","type":"image\/jpeg"}],"author":"fcfamalicao fcfamalicao","twitter_card":"summary_large_image","twitter_creator":"@fcf1931_oficial","twitter_site":"@fcf1931_oficial","twitter_misc":{"Written by":"fcfamalicao fcfamalicao"},"schema":{"@context":"https:\/\/schema.org","@graph":[{"@type":"Article","@id":"https:\/\/www.fcfamalicao.pt\/en\/deslocacao-ao-sl-benfica-b\/#article","isPartOf":{"@id":"https:\/\/www.fcfamalicao.pt\/en\/deslocacao-ao-sl-benfica-b\/"},"author":{"name":"fcfamalicao fcfamalicao","@id":"https:\/\/www.fcfamalicao.pt\/en\/#\/schema\/person\/713a4d367f5259360c363ad35dad9247"},"headline":"Desloca\u00e7\u00e3o ao SL Benfica &#8220;B&#8221;","datePublished":"2019-04-16T11:11:17+00:00","dateModified":"2019-04-16T17:26:34+00:00","mainEntityOfPage":{"@id":"https:\/\/www.fcfamalicao.pt\/en\/deslocacao-ao-sl-benfica-b\/"},"wordCount":100,"publisher":{"@id":"https:\/\/www.fcfamalicao.pt\/en\/#organization"},"image":{"@id":"https:\/\/www.fcfamalicao.pt\/en\/deslocacao-ao-sl-benfica-b\/#primaryimage"},"thumbnailUrl":"https:\/\/www.fcfamalicao.pt\/wp-content\/uploads\/2019\/04\/fcf-jogos-ledman-BENFICAB-feed-bilhetes.jpg","articleSection":["Not\u00edcias"],"inLanguage":"en-US"},{"@type":"WebPage","@id":"https:\/\/www.fcfamalicao.pt\/en\/deslocacao-ao-sl-benfica-b\/","url":"https:\/\/www.fcfamalicao.pt\/en\/deslocacao-ao-sl-benfica-b\/","name":"Desloca\u00e7\u00e3o ao SL Benfica \"B\" - FC Famalic\u00e3o","isPartOf":{"@id":"https:\/\/www.fcfamalicao.pt\/en\/#website"},"primaryImageOfPage":{"@id":"https:\/\/www.fcfamalicao.pt\/en\/deslocacao-ao-sl-benfica-b\/#primaryimage"},"image":{"@id":"https:\/\/www.fcfamalicao.pt\/en\/deslocacao-ao-sl-benfica-b\/#primaryimage"},"thumbnailUrl":"https:\/\/www.fcfamalicao.pt\/wp-content\/uploads\/2019\/04\/fcf-jogos-ledman-BENFICAB-feed-bilhetes.jpg","datePublished":"2019-04-16T11:11:17+00:00","dateModified":"2019-04-16T17:26:34+00:00","breadcrumb":{"@id":"https:\/\/www.fcfamalicao.pt\/en\/deslocacao-ao-sl-benfica-b\/#breadcrumb"},"inLanguage":"en-US","potentialAction":[{"@type":"ReadAction","target":["https:\/\/www.fcfamalicao.pt\/en\/deslocacao-ao-sl-benfica-b\/"]}]},{"@type":"ImageObject","inLanguage":"en-US","@id":"https:\/\/www.fcfamalicao.pt\/en\/deslocacao-ao-sl-benfica-b\/#primaryimage","url":"https:\/\/www.fcfamalicao.pt\/wp-content\/uploads\/2019\/04\/fcf-jogos-ledman-BENFICAB-feed-bilhetes.jpg","contentUrl":"https:\/\/www.fcfamalicao.pt\/wp-content\/uploads\/2019\/04\/fcf-jogos-ledman-BENFICAB-feed-bilhetes.jpg","width":1080,"height":1350},{"@type":"BreadcrumbList","@id":"https:\/\/www.fcfamalicao.pt\/en\/deslocacao-ao-sl-benfica-b\/#breadcrumb","itemListElement":[{"@type":"ListItem","position":1,"name":"Home","item":"https:\/\/www.fcfamalicao.pt\/en\/"},{"@type":"ListItem","position":2,"name":"Desloca\u00e7\u00e3o ao SL Benfica &#8220;B&#8221;"}]},{"@type":"WebSite","@id":"https:\/\/www.fcfamalicao.pt\/en\/#website","url":"https:\/\/www.fcfamalicao.pt\/en\/","name":"FC Famalic\u00e3o","description":"Site oficial do Futebol Clube Famalic\u00e3o. #AMORDEPERDI\u00c7\u00c3O","publisher":{"@id":"https:\/\/www.fcfamalicao.pt\/en\/#organization"},"potentialAction":[{"@type":"SearchAction","target":{"@type":"EntryPoint","urlTemplate":"https:\/\/www.fcfamalicao.pt\/en\/?s={search_term_string}"},"query-input":{"@type":"PropertyValueSpecification","valueRequired":true,"valueName":"search_term_string"}}],"inLanguage":"en-US"},{"@type":"Organization","@id":"https:\/\/www.fcfamalicao.pt\/en\/#organization","name":"FC Famalic\u00e3o","url":"https:\/\/www.fcfamalicao.pt\/en\/","logo":{"@type":"ImageObject","inLanguage":"en-US","@id":"https:\/\/www.fcfamalicao.pt\/en\/#\/schema\/logo\/image\/","url":"https:\/\/www.fcfamalicao.pt\/wp-content\/uploads\/2018\/11\/fcf-logo.png","contentUrl":"https:\/\/www.fcfamalicao.pt\/wp-content\/uploads\/2018\/11\/fcf-logo.png","width":150,"height":143,"caption":"FC Famalic\u00e3o"},"image":{"@id":"https:\/\/www.fcfamalicao.pt\/en\/#\/schema\/logo\/image\/"},"sameAs":["https:\/\/www.facebook.com\/FCFamalicao\/","https:\/\/x.com\/fcf1931_oficial","https:\/\/www.instagram.com\/futebolclubefamalicao\/","https:\/\/www.youtube.com\/FCFamalicao1931"]},{"@type":"Person","@id":"https:\/\/www.fcfamalicao.pt\/en\/#\/schema\/person\/713a4d367f5259360c363ad35dad9247","name":"fcfamalicao fcfamalicao","image":{"@type":"ImageObject","inLanguage":"en-US","@id":"https:\/\/www.fcfamalicao.pt\/en\/#\/schema\/person\/image\/","url":"https:\/\/secure.gravatar.com\/avatar\/b37399ebd6c6b1f9808b97ddeec50eb3b762cc626cb1e17e3a8b30044160d118?s=96&d=mm&r=g","contentUrl":"https:\/\/secure.gravatar.com\/avatar\/b37399ebd6c6b1f9808b97ddeec50eb3b762cc626cb1e17e3a8b30044160d118?s=96&d=mm&r=g","caption":"fcfamalicao fcfamalicao"}}]}},"_links":{"self":[{"href":"https:\/\/www.fcfamalicao.pt\/en\/wp-json\/wp\/v2\/posts\/2531","targetHints":{"allow":["GET"]}}],"collection":[{"href":"https:\/\/www.fcfamalicao.pt\/en\/wp-json\/wp\/v2\/posts"}],"about":[{"href":"https:\/\/www.fcfamalicao.pt\/en\/wp-json\/wp\/v2\/types\/post"}],"author":[{"embeddable":true,"href":"https:\/\/www.fcfamalicao.pt\/en\/wp-json\/wp\/v2\/users\/2"}],"replies":[{"embeddable":true,"href":"https:\/\/www.fcfamalicao.pt\/en\/wp-json\/wp\/v2\/comments?post=2531"}],"version-history":[{"count":0,"href":"https:\/\/www.fcfamalicao.pt\/en\/wp-json\/wp\/v2\/posts\/2531\/revisions"}],"wp:featuredmedia":[{"embeddable":true,"href":"https:\/\/www.fcfamalicao.pt\/en\/wp-json\/wp\/v2\/media\/2532"}],"wp:attachment":[{"href":"https:\/\/www.fcfamalicao.pt\/en\/wp-json\/wp\/v2\/media?parent=2531"}],"wp:term":[{"taxonomy":"category","embeddable":true,"href":"https:\/\/www.fcfamalicao.pt\/en\/wp-json\/wp\/v2\/categories?post=2531"},{"taxonomy":"post_tag","embeddable":true,"href":"https:\/\/www.fcfamalicao.pt\/en\/wp-json\/wp\/v2\/tags?post=2531"}],"curies":[{"name":"wp","href":"https:\/\/api.w.org\/{rel}","templated":true}]}}