{"id":32419,"date":"2023-11-27T10:32:51","date_gmt":"2023-11-27T10:32:51","guid":{"rendered":"https:\/\/www.fcfamalicao.pt\/?p=32419"},"modified":"2023-11-27T10:32:51","modified_gmt":"2023-11-27T10:32:51","slug":"nova-distincao-para-luiz-junior","status":"publish","type":"post","link":"https:\/\/www.fcfamalicao.pt\/en\/nova-distincao-para-luiz-junior\/","title":{"rendered":"Nova distin\u00e7\u00e3o para Luiz J\u00fanior"},"content":{"rendered":"<p>Luiz J\u00fanior est\u00e1 de novo entre os distinguidos nos pr\u00e9mios mensais da Liga Portugal. Depois de ter sido eleito o melhor da sua posi\u00e7\u00e3o no m\u00eas de setembro, o brasileiro voltou a ser o mais votado em outubro \/ novembro, ao recolher 23,81% dos votos dos treinadores principais do campeonato portugu\u00eas.<\/p>\n<p>Nos dois meses referidos, Luiz J\u00fanior foi utilizado em quatro partidas da Liga Portugal Betclic. O guarda-redes esteve em particular destaque no duelo com o Futebol Clube Vizela, da 11.\u00aa jornada, na qual defendeu um pontap\u00e9 de pen\u00e1lti e foi eleito o homem do jogo.<\/p>\n<p>&nbsp;<\/p>\n<p>&nbsp;<\/p>\n","protected":false},"excerpt":{"rendered":"<p>Luiz J\u00fanior est\u00e1 de novo entre os distinguidos nos pr\u00e9mios mensais da Liga Portugal. Depois de ter sido eleito o melhor da sua posi\u00e7\u00e3o no m\u00eas de setembro, o brasileiro voltou a ser o mais votado em outubro \/ novembro, ao recolher 23,81% dos votos dos treinadores principais do campeonato&hellip;<\/p>\n","protected":false},"author":2,"featured_media":32420,"comment_status":"closed","ping_status":"closed","sticky":false,"template":"","format":"standard","meta":{"_acf_changed":false,"footnotes":""},"categories":[1],"tags":[],"class_list":["post-32419","post","type-post","status-publish","format-standard","has-post-thumbnail","hentry","category-noticias"],"acf":[],"yoast_head":"<!-- This site is optimized with the Yoast SEO plugin v27.1.1 - https:\/\/yoast.com\/product\/yoast-seo-wordpress\/ -->\n<title>Nova distin\u00e7\u00e3o para Luiz J\u00fanior - FC Famalic\u00e3o<\/title>\n<meta name=\"robots\" content=\"index, follow, max-snippet:-1, max-image-preview:large, max-video-preview:-1\" \/>\n<link rel=\"canonical\" href=\"https:\/\/www.fcfamalicao.pt\/en\/nova-distincao-para-luiz-junior\/\" \/>\n<meta property=\"og:locale\" content=\"en_US\" \/>\n<meta property=\"og:type\" content=\"article\" \/>\n<meta property=\"og:title\" content=\"Nova distin\u00e7\u00e3o para Luiz J\u00fanior - FC Famalic\u00e3o\" \/>\n<meta property=\"og:description\" content=\"Luiz J\u00fanior est\u00e1 de novo entre os distinguidos nos pr\u00e9mios mensais da Liga Portugal. Depois de ter sido eleito o melhor da sua posi\u00e7\u00e3o no m\u00eas de setembro, o brasileiro voltou a ser o mais votado em outubro \/ novembro, ao recolher 23,81% dos votos dos treinadores principais do campeonato&hellip;\" \/>\n<meta property=\"og:url\" content=\"https:\/\/www.fcfamalicao.pt\/en\/nova-distincao-para-luiz-junior\/\" \/>\n<meta property=\"og:site_name\" content=\"FC Famalic\u00e3o\" \/>\n<meta property=\"article:publisher\" content=\"https:\/\/www.facebook.com\/FCFamalicao\/\" \/>\n<meta property=\"article:published_time\" content=\"2023-11-27T10:32:51+00:00\" \/>\n<meta property=\"og:image\" content=\"https:\/\/www.fcfamalicao.pt\/wp-content\/uploads\/2023\/11\/Luiz_Junior_MelhorGuardaredes_Outubro_Novembro_feed.jpg\" \/>\n\t<meta property=\"og:image:width\" content=\"1080\" \/>\n\t<meta property=\"og:image:height\" content=\"1351\" \/>\n\t<meta property=\"og:image:type\" content=\"image\/jpeg\" \/>\n<meta name=\"author\" content=\"fcfamalicao fcfamalicao\" \/>\n<meta name=\"twitter:card\" content=\"summary_large_image\" \/>\n<meta name=\"twitter:creator\" content=\"@fcf1931_oficial\" \/>\n<meta name=\"twitter:site\" content=\"@fcf1931_oficial\" \/>\n<meta name=\"twitter:label1\" content=\"Written by\" \/>\n\t<meta name=\"twitter:data1\" content=\"fcfamalicao fcfamalicao\" \/>\n\t<meta name=\"twitter:label2\" content=\"Est. reading time\" \/>\n\t<meta name=\"twitter:data2\" content=\"1 minute\" \/>\n<script type=\"application\/ld+json\" class=\"yoast-schema-graph\">{\"@context\":\"https:\/\/schema.org\",\"@graph\":[{\"@type\":\"Article\",\"@id\":\"https:\/\/www.fcfamalicao.pt\/en\/nova-distincao-para-luiz-junior\/#article\",\"isPartOf\":{\"@id\":\"https:\/\/www.fcfamalicao.pt\/en\/nova-distincao-para-luiz-junior\/\"},\"author\":{\"name\":\"fcfamalicao fcfamalicao\",\"@id\":\"https:\/\/www.fcfamalicao.pt\/en\/#\/schema\/person\/713a4d367f5259360c363ad35dad9247\"},\"headline\":\"Nova distin\u00e7\u00e3o para Luiz J\u00fanior\",\"datePublished\":\"2023-11-27T10:32:51+00:00\",\"mainEntityOfPage\":{\"@id\":\"https:\/\/www.fcfamalicao.pt\/en\/nova-distincao-para-luiz-junior\/\"},\"wordCount\":109,\"publisher\":{\"@id\":\"https:\/\/www.fcfamalicao.pt\/en\/#organization\"},\"image\":{\"@id\":\"https:\/\/www.fcfamalicao.pt\/en\/nova-distincao-para-luiz-junior\/#primaryimage\"},\"thumbnailUrl\":\"https:\/\/www.fcfamalicao.pt\/wp-content\/uploads\/2023\/11\/Luiz_Junior_MelhorGuardaredes_Outubro_Novembro_feed.jpg\",\"articleSection\":[\"Not\u00edcias\"],\"inLanguage\":\"en-US\"},{\"@type\":\"WebPage\",\"@id\":\"https:\/\/www.fcfamalicao.pt\/en\/nova-distincao-para-luiz-junior\/\",\"url\":\"https:\/\/www.fcfamalicao.pt\/en\/nova-distincao-para-luiz-junior\/\",\"name\":\"Nova distin\u00e7\u00e3o para Luiz J\u00fanior - FC Famalic\u00e3o\",\"isPartOf\":{\"@id\":\"https:\/\/www.fcfamalicao.pt\/en\/#website\"},\"primaryImageOfPage\":{\"@id\":\"https:\/\/www.fcfamalicao.pt\/en\/nova-distincao-para-luiz-junior\/#primaryimage\"},\"image\":{\"@id\":\"https:\/\/www.fcfamalicao.pt\/en\/nova-distincao-para-luiz-junior\/#primaryimage\"},\"thumbnailUrl\":\"https:\/\/www.fcfamalicao.pt\/wp-content\/uploads\/2023\/11\/Luiz_Junior_MelhorGuardaredes_Outubro_Novembro_feed.jpg\",\"datePublished\":\"2023-11-27T10:32:51+00:00\",\"breadcrumb\":{\"@id\":\"https:\/\/www.fcfamalicao.pt\/en\/nova-distincao-para-luiz-junior\/#breadcrumb\"},\"inLanguage\":\"en-US\",\"potentialAction\":[{\"@type\":\"ReadAction\",\"target\":[\"https:\/\/www.fcfamalicao.pt\/en\/nova-distincao-para-luiz-junior\/\"]}]},{\"@type\":\"ImageObject\",\"inLanguage\":\"en-US\",\"@id\":\"https:\/\/www.fcfamalicao.pt\/en\/nova-distincao-para-luiz-junior\/#primaryimage\",\"url\":\"https:\/\/www.fcfamalicao.pt\/wp-content\/uploads\/2023\/11\/Luiz_Junior_MelhorGuardaredes_Outubro_Novembro_feed.jpg\",\"contentUrl\":\"https:\/\/www.fcfamalicao.pt\/wp-content\/uploads\/2023\/11\/Luiz_Junior_MelhorGuardaredes_Outubro_Novembro_feed.jpg\",\"width\":1080,\"height\":1351},{\"@type\":\"BreadcrumbList\",\"@id\":\"https:\/\/www.fcfamalicao.pt\/en\/nova-distincao-para-luiz-junior\/#breadcrumb\",\"itemListElement\":[{\"@type\":\"ListItem\",\"position\":1,\"name\":\"Home\",\"item\":\"https:\/\/www.fcfamalicao.pt\/en\/\"},{\"@type\":\"ListItem\",\"position\":2,\"name\":\"Nova distin\u00e7\u00e3o para Luiz J\u00fanior\"}]},{\"@type\":\"WebSite\",\"@id\":\"https:\/\/www.fcfamalicao.pt\/en\/#website\",\"url\":\"https:\/\/www.fcfamalicao.pt\/en\/\",\"name\":\"FC Famalic\u00e3o\",\"description\":\"Site oficial do Futebol Clube Famalic\u00e3o. #AMORDEPERDI\u00c7\u00c3O\",\"publisher\":{\"@id\":\"https:\/\/www.fcfamalicao.pt\/en\/#organization\"},\"potentialAction\":[{\"@type\":\"SearchAction\",\"target\":{\"@type\":\"EntryPoint\",\"urlTemplate\":\"https:\/\/www.fcfamalicao.pt\/en\/?s={search_term_string}\"},\"query-input\":{\"@type\":\"PropertyValueSpecification\",\"valueRequired\":true,\"valueName\":\"search_term_string\"}}],\"inLanguage\":\"en-US\"},{\"@type\":\"Organization\",\"@id\":\"https:\/\/www.fcfamalicao.pt\/en\/#organization\",\"name\":\"FC Famalic\u00e3o\",\"url\":\"https:\/\/www.fcfamalicao.pt\/en\/\",\"logo\":{\"@type\":\"ImageObject\",\"inLanguage\":\"en-US\",\"@id\":\"https:\/\/www.fcfamalicao.pt\/en\/#\/schema\/logo\/image\/\",\"url\":\"https:\/\/www.fcfamalicao.pt\/wp-content\/uploads\/2018\/11\/fcf-logo.png\",\"contentUrl\":\"https:\/\/www.fcfamalicao.pt\/wp-content\/uploads\/2018\/11\/fcf-logo.png\",\"width\":150,\"height\":143,\"caption\":\"FC Famalic\u00e3o\"},\"image\":{\"@id\":\"https:\/\/www.fcfamalicao.pt\/en\/#\/schema\/logo\/image\/\"},\"sameAs\":[\"https:\/\/www.facebook.com\/FCFamalicao\/\",\"https:\/\/x.com\/fcf1931_oficial\",\"https:\/\/www.instagram.com\/futebolclubefamalicao\/\",\"https:\/\/www.youtube.com\/FCFamalicao1931\"]},{\"@type\":\"Person\",\"@id\":\"https:\/\/www.fcfamalicao.pt\/en\/#\/schema\/person\/713a4d367f5259360c363ad35dad9247\",\"name\":\"fcfamalicao fcfamalicao\",\"image\":{\"@type\":\"ImageObject\",\"inLanguage\":\"en-US\",\"@id\":\"https:\/\/www.fcfamalicao.pt\/en\/#\/schema\/person\/image\/\",\"url\":\"https:\/\/secure.gravatar.com\/avatar\/b37399ebd6c6b1f9808b97ddeec50eb3b762cc626cb1e17e3a8b30044160d118?s=96&d=mm&r=g\",\"contentUrl\":\"https:\/\/secure.gravatar.com\/avatar\/b37399ebd6c6b1f9808b97ddeec50eb3b762cc626cb1e17e3a8b30044160d118?s=96&d=mm&r=g\",\"caption\":\"fcfamalicao fcfamalicao\"}}]}<\/script>\n<!-- \/ Yoast SEO plugin. -->","yoast_head_json":{"title":"Nova distin\u00e7\u00e3o para Luiz J\u00fanior - FC Famalic\u00e3o","robots":{"index":"index","follow":"follow","max-snippet":"max-snippet:-1","max-image-preview":"max-image-preview:large","max-video-preview":"max-video-preview:-1"},"canonical":"https:\/\/www.fcfamalicao.pt\/en\/nova-distincao-para-luiz-junior\/","og_locale":"en_US","og_type":"article","og_title":"Nova distin\u00e7\u00e3o para Luiz J\u00fanior - FC Famalic\u00e3o","og_description":"Luiz J\u00fanior est\u00e1 de novo entre os distinguidos nos pr\u00e9mios mensais da Liga Portugal. Depois de ter sido eleito o melhor da sua posi\u00e7\u00e3o no m\u00eas de setembro, o brasileiro voltou a ser o mais votado em outubro \/ novembro, ao recolher 23,81% dos votos dos treinadores principais do campeonato&hellip;","og_url":"https:\/\/www.fcfamalicao.pt\/en\/nova-distincao-para-luiz-junior\/","og_site_name":"FC Famalic\u00e3o","article_publisher":"https:\/\/www.facebook.com\/FCFamalicao\/","article_published_time":"2023-11-27T10:32:51+00:00","og_image":[{"width":1080,"height":1351,"url":"https:\/\/www.fcfamalicao.pt\/wp-content\/uploads\/2023\/11\/Luiz_Junior_MelhorGuardaredes_Outubro_Novembro_feed.jpg","type":"image\/jpeg"}],"author":"fcfamalicao fcfamalicao","twitter_card":"summary_large_image","twitter_creator":"@fcf1931_oficial","twitter_site":"@fcf1931_oficial","twitter_misc":{"Written by":"fcfamalicao fcfamalicao","Est. reading time":"1 minute"},"schema":{"@context":"https:\/\/schema.org","@graph":[{"@type":"Article","@id":"https:\/\/www.fcfamalicao.pt\/en\/nova-distincao-para-luiz-junior\/#article","isPartOf":{"@id":"https:\/\/www.fcfamalicao.pt\/en\/nova-distincao-para-luiz-junior\/"},"author":{"name":"fcfamalicao fcfamalicao","@id":"https:\/\/www.fcfamalicao.pt\/en\/#\/schema\/person\/713a4d367f5259360c363ad35dad9247"},"headline":"Nova distin\u00e7\u00e3o para Luiz J\u00fanior","datePublished":"2023-11-27T10:32:51+00:00","mainEntityOfPage":{"@id":"https:\/\/www.fcfamalicao.pt\/en\/nova-distincao-para-luiz-junior\/"},"wordCount":109,"publisher":{"@id":"https:\/\/www.fcfamalicao.pt\/en\/#organization"},"image":{"@id":"https:\/\/www.fcfamalicao.pt\/en\/nova-distincao-para-luiz-junior\/#primaryimage"},"thumbnailUrl":"https:\/\/www.fcfamalicao.pt\/wp-content\/uploads\/2023\/11\/Luiz_Junior_MelhorGuardaredes_Outubro_Novembro_feed.jpg","articleSection":["Not\u00edcias"],"inLanguage":"en-US"},{"@type":"WebPage","@id":"https:\/\/www.fcfamalicao.pt\/en\/nova-distincao-para-luiz-junior\/","url":"https:\/\/www.fcfamalicao.pt\/en\/nova-distincao-para-luiz-junior\/","name":"Nova distin\u00e7\u00e3o para Luiz J\u00fanior - FC Famalic\u00e3o","isPartOf":{"@id":"https:\/\/www.fcfamalicao.pt\/en\/#website"},"primaryImageOfPage":{"@id":"https:\/\/www.fcfamalicao.pt\/en\/nova-distincao-para-luiz-junior\/#primaryimage"},"image":{"@id":"https:\/\/www.fcfamalicao.pt\/en\/nova-distincao-para-luiz-junior\/#primaryimage"},"thumbnailUrl":"https:\/\/www.fcfamalicao.pt\/wp-content\/uploads\/2023\/11\/Luiz_Junior_MelhorGuardaredes_Outubro_Novembro_feed.jpg","datePublished":"2023-11-27T10:32:51+00:00","breadcrumb":{"@id":"https:\/\/www.fcfamalicao.pt\/en\/nova-distincao-para-luiz-junior\/#breadcrumb"},"inLanguage":"en-US","potentialAction":[{"@type":"ReadAction","target":["https:\/\/www.fcfamalicao.pt\/en\/nova-distincao-para-luiz-junior\/"]}]},{"@type":"ImageObject","inLanguage":"en-US","@id":"https:\/\/www.fcfamalicao.pt\/en\/nova-distincao-para-luiz-junior\/#primaryimage","url":"https:\/\/www.fcfamalicao.pt\/wp-content\/uploads\/2023\/11\/Luiz_Junior_MelhorGuardaredes_Outubro_Novembro_feed.jpg","contentUrl":"https:\/\/www.fcfamalicao.pt\/wp-content\/uploads\/2023\/11\/Luiz_Junior_MelhorGuardaredes_Outubro_Novembro_feed.jpg","width":1080,"height":1351},{"@type":"BreadcrumbList","@id":"https:\/\/www.fcfamalicao.pt\/en\/nova-distincao-para-luiz-junior\/#breadcrumb","itemListElement":[{"@type":"ListItem","position":1,"name":"Home","item":"https:\/\/www.fcfamalicao.pt\/en\/"},{"@type":"ListItem","position":2,"name":"Nova distin\u00e7\u00e3o para Luiz J\u00fanior"}]},{"@type":"WebSite","@id":"https:\/\/www.fcfamalicao.pt\/en\/#website","url":"https:\/\/www.fcfamalicao.pt\/en\/","name":"FC Famalic\u00e3o","description":"Site oficial do Futebol Clube Famalic\u00e3o. #AMORDEPERDI\u00c7\u00c3O","publisher":{"@id":"https:\/\/www.fcfamalicao.pt\/en\/#organization"},"potentialAction":[{"@type":"SearchAction","target":{"@type":"EntryPoint","urlTemplate":"https:\/\/www.fcfamalicao.pt\/en\/?s={search_term_string}"},"query-input":{"@type":"PropertyValueSpecification","valueRequired":true,"valueName":"search_term_string"}}],"inLanguage":"en-US"},{"@type":"Organization","@id":"https:\/\/www.fcfamalicao.pt\/en\/#organization","name":"FC Famalic\u00e3o","url":"https:\/\/www.fcfamalicao.pt\/en\/","logo":{"@type":"ImageObject","inLanguage":"en-US","@id":"https:\/\/www.fcfamalicao.pt\/en\/#\/schema\/logo\/image\/","url":"https:\/\/www.fcfamalicao.pt\/wp-content\/uploads\/2018\/11\/fcf-logo.png","contentUrl":"https:\/\/www.fcfamalicao.pt\/wp-content\/uploads\/2018\/11\/fcf-logo.png","width":150,"height":143,"caption":"FC Famalic\u00e3o"},"image":{"@id":"https:\/\/www.fcfamalicao.pt\/en\/#\/schema\/logo\/image\/"},"sameAs":["https:\/\/www.facebook.com\/FCFamalicao\/","https:\/\/x.com\/fcf1931_oficial","https:\/\/www.instagram.com\/futebolclubefamalicao\/","https:\/\/www.youtube.com\/FCFamalicao1931"]},{"@type":"Person","@id":"https:\/\/www.fcfamalicao.pt\/en\/#\/schema\/person\/713a4d367f5259360c363ad35dad9247","name":"fcfamalicao fcfamalicao","image":{"@type":"ImageObject","inLanguage":"en-US","@id":"https:\/\/www.fcfamalicao.pt\/en\/#\/schema\/person\/image\/","url":"https:\/\/secure.gravatar.com\/avatar\/b37399ebd6c6b1f9808b97ddeec50eb3b762cc626cb1e17e3a8b30044160d118?s=96&d=mm&r=g","contentUrl":"https:\/\/secure.gravatar.com\/avatar\/b37399ebd6c6b1f9808b97ddeec50eb3b762cc626cb1e17e3a8b30044160d118?s=96&d=mm&r=g","caption":"fcfamalicao fcfamalicao"}}]}},"_links":{"self":[{"href":"https:\/\/www.fcfamalicao.pt\/en\/wp-json\/wp\/v2\/posts\/32419","targetHints":{"allow":["GET"]}}],"collection":[{"href":"https:\/\/www.fcfamalicao.pt\/en\/wp-json\/wp\/v2\/posts"}],"about":[{"href":"https:\/\/www.fcfamalicao.pt\/en\/wp-json\/wp\/v2\/types\/post"}],"author":[{"embeddable":true,"href":"https:\/\/www.fcfamalicao.pt\/en\/wp-json\/wp\/v2\/users\/2"}],"replies":[{"embeddable":true,"href":"https:\/\/www.fcfamalicao.pt\/en\/wp-json\/wp\/v2\/comments?post=32419"}],"version-history":[{"count":0,"href":"https:\/\/www.fcfamalicao.pt\/en\/wp-json\/wp\/v2\/posts\/32419\/revisions"}],"wp:featuredmedia":[{"embeddable":true,"href":"https:\/\/www.fcfamalicao.pt\/en\/wp-json\/wp\/v2\/media\/32420"}],"wp:attachment":[{"href":"https:\/\/www.fcfamalicao.pt\/en\/wp-json\/wp\/v2\/media?parent=32419"}],"wp:term":[{"taxonomy":"category","embeddable":true,"href":"https:\/\/www.fcfamalicao.pt\/en\/wp-json\/wp\/v2\/categories?post=32419"},{"taxonomy":"post_tag","embeddable":true,"href":"https:\/\/www.fcfamalicao.pt\/en\/wp-json\/wp\/v2\/tags?post=32419"}],"curies":[{"name":"wp","href":"https:\/\/api.w.org\/{rel}","templated":true}]}}