{"id":3983,"date":"2019-08-27T17:01:56","date_gmt":"2019-08-27T17:01:56","guid":{"rendered":"https:\/\/www.fcfamalicao.pt\/?p=3983"},"modified":"2019-08-27T17:02:27","modified_gmt":"2019-08-27T17:02:27","slug":"3983","status":"publish","type":"post","link":"https:\/\/www.fcfamalicao.pt\/en\/3983\/","title":{"rendered":"Sub-23: Empate na Vila das Aves"},"content":{"rendered":"<p>A equipa sub-23 do Futebol Clube de Famalic\u00e3o somou mais um ponto na Liga Revela\u00e7\u00e3o, depois de ter empatado a uma bola no reduto do Clube Desportivo das Aves em partida respeitante \u00e0 4\u00aa jornada da competi\u00e7\u00e3o.<\/p>\n<p>O marcador funcionou pela primeira vez j\u00e1 em per\u00edodo de descontos da primeira parte. Sid\u00f3nio aproveitou uma bola perdida na \u00e1rea da forma\u00e7\u00e3o avense para abrir o ativo na Vila da Aves.<\/p>\n<p>A equipa da casa disp\u00f4s de uma soberana oportunidade para restabelecer o empate pouco depois da hora de jogo. No entanto, o guardi\u00e3o Gabriel levou a melhor sobre Rodrigues na marca\u00e7\u00e3o de um pontap\u00e9 de pen\u00e1lti. Os avenses haveriam, por\u00e9m, por conseguir repor a igualdade, atrav\u00e9s de Mangas.<\/p>\n<p>Com este empate, a equipa famalicense soma agora tr\u00eas pontos, voltando a entrar em campo no pr\u00f3ximo domingo, pelas 17h15, frente ao Sporting CP.<\/p>\n<p>CD Aves 1-1 FC Famalic\u00e3o<br \/>\nEst\u00e1dio do CD Aves<br \/>\n\u00c1rbitro: Bruno Costa<\/p>\n<p>CD Aves &#8211; Aflalo, Cl\u00e1udio Tavares, Batista, Pedro Soares (Diogo Santos 72&#8242;), Zidane, Varela, Angel (Kelvin 45&#8242;), Bruno Louren\u00e7o, Mangas, Rodrigues e Bruno Morais<\/p>\n<p>FC Famalic\u00e3o &#8211; Gabi, Ra\u00ed (Sid\u00f3nio 14&#8242;), Clayton, Camar\u00e1, Armando, Jorge Pereira, Caiado, Jo\u00e3o Neto (Andr\u00e9 Silva 61&#8242;), Anthony (Rog\u00e9rio Varela 90&#8242;), Leandro (Rafa 61&#8242;) e Brian<\/p>\n<p>Golos: Sid\u00f3nio (45+3&#8242;) e Mangas (74&#8242;)<\/p>\n","protected":false},"excerpt":{"rendered":"<p>A equipa sub-23 do Futebol Clube de Famalic\u00e3o somou mais um ponto na Liga Revela\u00e7\u00e3o, depois de ter empatado a uma bola no reduto do Clube Desportivo das Aves em partida respeitante \u00e0 4\u00aa jornada da competi\u00e7\u00e3o. O marcador funcionou pela primeira vez j\u00e1 em per\u00edodo de descontos da primeira&hellip;<\/p>\n","protected":false},"author":2,"featured_media":3984,"comment_status":"closed","ping_status":"closed","sticky":false,"template":"","format":"standard","meta":{"_acf_changed":false,"footnotes":""},"categories":[1],"tags":[],"class_list":["post-3983","post","type-post","status-publish","format-standard","has-post-thumbnail","hentry","category-noticias"],"acf":[],"yoast_head":"<!-- This site is optimized with the Yoast SEO plugin v27.1.1 - https:\/\/yoast.com\/product\/yoast-seo-wordpress\/ -->\n<title>Sub-23: Empate na Vila das Aves - FC Famalic\u00e3o<\/title>\n<meta name=\"robots\" content=\"index, follow, max-snippet:-1, max-image-preview:large, max-video-preview:-1\" \/>\n<link rel=\"canonical\" href=\"https:\/\/www.fcfamalicao.pt\/en\/3983\/\" \/>\n<meta property=\"og:locale\" content=\"en_US\" \/>\n<meta property=\"og:type\" content=\"article\" \/>\n<meta property=\"og:title\" content=\"Sub-23: Empate na Vila das Aves - FC Famalic\u00e3o\" \/>\n<meta property=\"og:description\" content=\"A equipa sub-23 do Futebol Clube de Famalic\u00e3o somou mais um ponto na Liga Revela\u00e7\u00e3o, depois de ter empatado a uma bola no reduto do Clube Desportivo das Aves em partida respeitante \u00e0 4\u00aa jornada da competi\u00e7\u00e3o. O marcador funcionou pela primeira vez j\u00e1 em per\u00edodo de descontos da primeira&hellip;\" \/>\n<meta property=\"og:url\" content=\"https:\/\/www.fcfamalicao.pt\/en\/3983\/\" \/>\n<meta property=\"og:site_name\" content=\"FC Famalic\u00e3o\" \/>\n<meta property=\"article:publisher\" content=\"https:\/\/www.facebook.com\/FCFamalicao\/\" \/>\n<meta property=\"article:published_time\" content=\"2019-08-27T17:01:56+00:00\" \/>\n<meta property=\"article:modified_time\" content=\"2019-08-27T17:02:27+00:00\" \/>\n<meta property=\"og:image\" content=\"https:\/\/www.fcfamalicao.pt\/wp-content\/uploads\/2019\/08\/IMG_57755.jpg\" \/>\n\t<meta property=\"og:image:width\" content=\"910\" \/>\n\t<meta property=\"og:image:height\" content=\"578\" \/>\n\t<meta property=\"og:image:type\" content=\"image\/jpeg\" \/>\n<meta name=\"author\" content=\"fcfamalicao fcfamalicao\" \/>\n<meta name=\"twitter:card\" content=\"summary_large_image\" \/>\n<meta name=\"twitter:creator\" content=\"@fcf1931_oficial\" \/>\n<meta name=\"twitter:site\" content=\"@fcf1931_oficial\" \/>\n<meta name=\"twitter:label1\" content=\"Written by\" \/>\n\t<meta name=\"twitter:data1\" content=\"fcfamalicao fcfamalicao\" \/>\n\t<meta name=\"twitter:label2\" content=\"Est. reading time\" \/>\n\t<meta name=\"twitter:data2\" content=\"1 minute\" \/>\n<script type=\"application\/ld+json\" class=\"yoast-schema-graph\">{\"@context\":\"https:\/\/schema.org\",\"@graph\":[{\"@type\":\"Article\",\"@id\":\"https:\/\/www.fcfamalicao.pt\/en\/3983\/#article\",\"isPartOf\":{\"@id\":\"https:\/\/www.fcfamalicao.pt\/en\/3983\/\"},\"author\":{\"name\":\"fcfamalicao fcfamalicao\",\"@id\":\"https:\/\/www.fcfamalicao.pt\/en\/#\/schema\/person\/713a4d367f5259360c363ad35dad9247\"},\"headline\":\"Sub-23: Empate na Vila das Aves\",\"datePublished\":\"2019-08-27T17:01:56+00:00\",\"dateModified\":\"2019-08-27T17:02:27+00:00\",\"mainEntityOfPage\":{\"@id\":\"https:\/\/www.fcfamalicao.pt\/en\/3983\/\"},\"wordCount\":229,\"publisher\":{\"@id\":\"https:\/\/www.fcfamalicao.pt\/en\/#organization\"},\"image\":{\"@id\":\"https:\/\/www.fcfamalicao.pt\/en\/3983\/#primaryimage\"},\"thumbnailUrl\":\"https:\/\/www.fcfamalicao.pt\/wp-content\/uploads\/2019\/08\/IMG_57755.jpg\",\"articleSection\":[\"Not\u00edcias\"],\"inLanguage\":\"en-US\"},{\"@type\":\"WebPage\",\"@id\":\"https:\/\/www.fcfamalicao.pt\/en\/3983\/\",\"url\":\"https:\/\/www.fcfamalicao.pt\/en\/3983\/\",\"name\":\"Sub-23: Empate na Vila das Aves - FC Famalic\u00e3o\",\"isPartOf\":{\"@id\":\"https:\/\/www.fcfamalicao.pt\/en\/#website\"},\"primaryImageOfPage\":{\"@id\":\"https:\/\/www.fcfamalicao.pt\/en\/3983\/#primaryimage\"},\"image\":{\"@id\":\"https:\/\/www.fcfamalicao.pt\/en\/3983\/#primaryimage\"},\"thumbnailUrl\":\"https:\/\/www.fcfamalicao.pt\/wp-content\/uploads\/2019\/08\/IMG_57755.jpg\",\"datePublished\":\"2019-08-27T17:01:56+00:00\",\"dateModified\":\"2019-08-27T17:02:27+00:00\",\"breadcrumb\":{\"@id\":\"https:\/\/www.fcfamalicao.pt\/en\/3983\/#breadcrumb\"},\"inLanguage\":\"en-US\",\"potentialAction\":[{\"@type\":\"ReadAction\",\"target\":[\"https:\/\/www.fcfamalicao.pt\/en\/3983\/\"]}]},{\"@type\":\"ImageObject\",\"inLanguage\":\"en-US\",\"@id\":\"https:\/\/www.fcfamalicao.pt\/en\/3983\/#primaryimage\",\"url\":\"https:\/\/www.fcfamalicao.pt\/wp-content\/uploads\/2019\/08\/IMG_57755.jpg\",\"contentUrl\":\"https:\/\/www.fcfamalicao.pt\/wp-content\/uploads\/2019\/08\/IMG_57755.jpg\",\"width\":910,\"height\":578},{\"@type\":\"BreadcrumbList\",\"@id\":\"https:\/\/www.fcfamalicao.pt\/en\/3983\/#breadcrumb\",\"itemListElement\":[{\"@type\":\"ListItem\",\"position\":1,\"name\":\"Home\",\"item\":\"https:\/\/www.fcfamalicao.pt\/en\/\"},{\"@type\":\"ListItem\",\"position\":2,\"name\":\"Sub-23: Empate na Vila das Aves\"}]},{\"@type\":\"WebSite\",\"@id\":\"https:\/\/www.fcfamalicao.pt\/en\/#website\",\"url\":\"https:\/\/www.fcfamalicao.pt\/en\/\",\"name\":\"FC Famalic\u00e3o\",\"description\":\"Site oficial do Futebol Clube Famalic\u00e3o. #AMORDEPERDI\u00c7\u00c3O\",\"publisher\":{\"@id\":\"https:\/\/www.fcfamalicao.pt\/en\/#organization\"},\"potentialAction\":[{\"@type\":\"SearchAction\",\"target\":{\"@type\":\"EntryPoint\",\"urlTemplate\":\"https:\/\/www.fcfamalicao.pt\/en\/?s={search_term_string}\"},\"query-input\":{\"@type\":\"PropertyValueSpecification\",\"valueRequired\":true,\"valueName\":\"search_term_string\"}}],\"inLanguage\":\"en-US\"},{\"@type\":\"Organization\",\"@id\":\"https:\/\/www.fcfamalicao.pt\/en\/#organization\",\"name\":\"FC Famalic\u00e3o\",\"url\":\"https:\/\/www.fcfamalicao.pt\/en\/\",\"logo\":{\"@type\":\"ImageObject\",\"inLanguage\":\"en-US\",\"@id\":\"https:\/\/www.fcfamalicao.pt\/en\/#\/schema\/logo\/image\/\",\"url\":\"https:\/\/www.fcfamalicao.pt\/wp-content\/uploads\/2018\/11\/fcf-logo.png\",\"contentUrl\":\"https:\/\/www.fcfamalicao.pt\/wp-content\/uploads\/2018\/11\/fcf-logo.png\",\"width\":150,\"height\":143,\"caption\":\"FC Famalic\u00e3o\"},\"image\":{\"@id\":\"https:\/\/www.fcfamalicao.pt\/en\/#\/schema\/logo\/image\/\"},\"sameAs\":[\"https:\/\/www.facebook.com\/FCFamalicao\/\",\"https:\/\/x.com\/fcf1931_oficial\",\"https:\/\/www.instagram.com\/futebolclubefamalicao\/\",\"https:\/\/www.youtube.com\/FCFamalicao1931\"]},{\"@type\":\"Person\",\"@id\":\"https:\/\/www.fcfamalicao.pt\/en\/#\/schema\/person\/713a4d367f5259360c363ad35dad9247\",\"name\":\"fcfamalicao fcfamalicao\",\"image\":{\"@type\":\"ImageObject\",\"inLanguage\":\"en-US\",\"@id\":\"https:\/\/www.fcfamalicao.pt\/en\/#\/schema\/person\/image\/\",\"url\":\"https:\/\/secure.gravatar.com\/avatar\/b37399ebd6c6b1f9808b97ddeec50eb3b762cc626cb1e17e3a8b30044160d118?s=96&d=mm&r=g\",\"contentUrl\":\"https:\/\/secure.gravatar.com\/avatar\/b37399ebd6c6b1f9808b97ddeec50eb3b762cc626cb1e17e3a8b30044160d118?s=96&d=mm&r=g\",\"caption\":\"fcfamalicao fcfamalicao\"}}]}<\/script>\n<!-- \/ Yoast SEO plugin. -->","yoast_head_json":{"title":"Sub-23: Empate na Vila das Aves - FC Famalic\u00e3o","robots":{"index":"index","follow":"follow","max-snippet":"max-snippet:-1","max-image-preview":"max-image-preview:large","max-video-preview":"max-video-preview:-1"},"canonical":"https:\/\/www.fcfamalicao.pt\/en\/3983\/","og_locale":"en_US","og_type":"article","og_title":"Sub-23: Empate na Vila das Aves - FC Famalic\u00e3o","og_description":"A equipa sub-23 do Futebol Clube de Famalic\u00e3o somou mais um ponto na Liga Revela\u00e7\u00e3o, depois de ter empatado a uma bola no reduto do Clube Desportivo das Aves em partida respeitante \u00e0 4\u00aa jornada da competi\u00e7\u00e3o. O marcador funcionou pela primeira vez j\u00e1 em per\u00edodo de descontos da primeira&hellip;","og_url":"https:\/\/www.fcfamalicao.pt\/en\/3983\/","og_site_name":"FC Famalic\u00e3o","article_publisher":"https:\/\/www.facebook.com\/FCFamalicao\/","article_published_time":"2019-08-27T17:01:56+00:00","article_modified_time":"2019-08-27T17:02:27+00:00","og_image":[{"width":910,"height":578,"url":"https:\/\/www.fcfamalicao.pt\/wp-content\/uploads\/2019\/08\/IMG_57755.jpg","type":"image\/jpeg"}],"author":"fcfamalicao fcfamalicao","twitter_card":"summary_large_image","twitter_creator":"@fcf1931_oficial","twitter_site":"@fcf1931_oficial","twitter_misc":{"Written by":"fcfamalicao fcfamalicao","Est. reading time":"1 minute"},"schema":{"@context":"https:\/\/schema.org","@graph":[{"@type":"Article","@id":"https:\/\/www.fcfamalicao.pt\/en\/3983\/#article","isPartOf":{"@id":"https:\/\/www.fcfamalicao.pt\/en\/3983\/"},"author":{"name":"fcfamalicao fcfamalicao","@id":"https:\/\/www.fcfamalicao.pt\/en\/#\/schema\/person\/713a4d367f5259360c363ad35dad9247"},"headline":"Sub-23: Empate na Vila das Aves","datePublished":"2019-08-27T17:01:56+00:00","dateModified":"2019-08-27T17:02:27+00:00","mainEntityOfPage":{"@id":"https:\/\/www.fcfamalicao.pt\/en\/3983\/"},"wordCount":229,"publisher":{"@id":"https:\/\/www.fcfamalicao.pt\/en\/#organization"},"image":{"@id":"https:\/\/www.fcfamalicao.pt\/en\/3983\/#primaryimage"},"thumbnailUrl":"https:\/\/www.fcfamalicao.pt\/wp-content\/uploads\/2019\/08\/IMG_57755.jpg","articleSection":["Not\u00edcias"],"inLanguage":"en-US"},{"@type":"WebPage","@id":"https:\/\/www.fcfamalicao.pt\/en\/3983\/","url":"https:\/\/www.fcfamalicao.pt\/en\/3983\/","name":"Sub-23: Empate na Vila das Aves - FC Famalic\u00e3o","isPartOf":{"@id":"https:\/\/www.fcfamalicao.pt\/en\/#website"},"primaryImageOfPage":{"@id":"https:\/\/www.fcfamalicao.pt\/en\/3983\/#primaryimage"},"image":{"@id":"https:\/\/www.fcfamalicao.pt\/en\/3983\/#primaryimage"},"thumbnailUrl":"https:\/\/www.fcfamalicao.pt\/wp-content\/uploads\/2019\/08\/IMG_57755.jpg","datePublished":"2019-08-27T17:01:56+00:00","dateModified":"2019-08-27T17:02:27+00:00","breadcrumb":{"@id":"https:\/\/www.fcfamalicao.pt\/en\/3983\/#breadcrumb"},"inLanguage":"en-US","potentialAction":[{"@type":"ReadAction","target":["https:\/\/www.fcfamalicao.pt\/en\/3983\/"]}]},{"@type":"ImageObject","inLanguage":"en-US","@id":"https:\/\/www.fcfamalicao.pt\/en\/3983\/#primaryimage","url":"https:\/\/www.fcfamalicao.pt\/wp-content\/uploads\/2019\/08\/IMG_57755.jpg","contentUrl":"https:\/\/www.fcfamalicao.pt\/wp-content\/uploads\/2019\/08\/IMG_57755.jpg","width":910,"height":578},{"@type":"BreadcrumbList","@id":"https:\/\/www.fcfamalicao.pt\/en\/3983\/#breadcrumb","itemListElement":[{"@type":"ListItem","position":1,"name":"Home","item":"https:\/\/www.fcfamalicao.pt\/en\/"},{"@type":"ListItem","position":2,"name":"Sub-23: Empate na Vila das Aves"}]},{"@type":"WebSite","@id":"https:\/\/www.fcfamalicao.pt\/en\/#website","url":"https:\/\/www.fcfamalicao.pt\/en\/","name":"FC Famalic\u00e3o","description":"Site oficial do Futebol Clube Famalic\u00e3o. #AMORDEPERDI\u00c7\u00c3O","publisher":{"@id":"https:\/\/www.fcfamalicao.pt\/en\/#organization"},"potentialAction":[{"@type":"SearchAction","target":{"@type":"EntryPoint","urlTemplate":"https:\/\/www.fcfamalicao.pt\/en\/?s={search_term_string}"},"query-input":{"@type":"PropertyValueSpecification","valueRequired":true,"valueName":"search_term_string"}}],"inLanguage":"en-US"},{"@type":"Organization","@id":"https:\/\/www.fcfamalicao.pt\/en\/#organization","name":"FC Famalic\u00e3o","url":"https:\/\/www.fcfamalicao.pt\/en\/","logo":{"@type":"ImageObject","inLanguage":"en-US","@id":"https:\/\/www.fcfamalicao.pt\/en\/#\/schema\/logo\/image\/","url":"https:\/\/www.fcfamalicao.pt\/wp-content\/uploads\/2018\/11\/fcf-logo.png","contentUrl":"https:\/\/www.fcfamalicao.pt\/wp-content\/uploads\/2018\/11\/fcf-logo.png","width":150,"height":143,"caption":"FC Famalic\u00e3o"},"image":{"@id":"https:\/\/www.fcfamalicao.pt\/en\/#\/schema\/logo\/image\/"},"sameAs":["https:\/\/www.facebook.com\/FCFamalicao\/","https:\/\/x.com\/fcf1931_oficial","https:\/\/www.instagram.com\/futebolclubefamalicao\/","https:\/\/www.youtube.com\/FCFamalicao1931"]},{"@type":"Person","@id":"https:\/\/www.fcfamalicao.pt\/en\/#\/schema\/person\/713a4d367f5259360c363ad35dad9247","name":"fcfamalicao fcfamalicao","image":{"@type":"ImageObject","inLanguage":"en-US","@id":"https:\/\/www.fcfamalicao.pt\/en\/#\/schema\/person\/image\/","url":"https:\/\/secure.gravatar.com\/avatar\/b37399ebd6c6b1f9808b97ddeec50eb3b762cc626cb1e17e3a8b30044160d118?s=96&d=mm&r=g","contentUrl":"https:\/\/secure.gravatar.com\/avatar\/b37399ebd6c6b1f9808b97ddeec50eb3b762cc626cb1e17e3a8b30044160d118?s=96&d=mm&r=g","caption":"fcfamalicao fcfamalicao"}}]}},"_links":{"self":[{"href":"https:\/\/www.fcfamalicao.pt\/en\/wp-json\/wp\/v2\/posts\/3983","targetHints":{"allow":["GET"]}}],"collection":[{"href":"https:\/\/www.fcfamalicao.pt\/en\/wp-json\/wp\/v2\/posts"}],"about":[{"href":"https:\/\/www.fcfamalicao.pt\/en\/wp-json\/wp\/v2\/types\/post"}],"author":[{"embeddable":true,"href":"https:\/\/www.fcfamalicao.pt\/en\/wp-json\/wp\/v2\/users\/2"}],"replies":[{"embeddable":true,"href":"https:\/\/www.fcfamalicao.pt\/en\/wp-json\/wp\/v2\/comments?post=3983"}],"version-history":[{"count":0,"href":"https:\/\/www.fcfamalicao.pt\/en\/wp-json\/wp\/v2\/posts\/3983\/revisions"}],"wp:featuredmedia":[{"embeddable":true,"href":"https:\/\/www.fcfamalicao.pt\/en\/wp-json\/wp\/v2\/media\/3984"}],"wp:attachment":[{"href":"https:\/\/www.fcfamalicao.pt\/en\/wp-json\/wp\/v2\/media?parent=3983"}],"wp:term":[{"taxonomy":"category","embeddable":true,"href":"https:\/\/www.fcfamalicao.pt\/en\/wp-json\/wp\/v2\/categories?post=3983"},{"taxonomy":"post_tag","embeddable":true,"href":"https:\/\/www.fcfamalicao.pt\/en\/wp-json\/wp\/v2\/tags?post=3983"}],"curies":[{"name":"wp","href":"https:\/\/api.w.org\/{rel}","templated":true}]}}