{"id":41760,"date":"2024-06-14T13:43:23","date_gmt":"2024-06-14T12:43:23","guid":{"rendered":"https:\/\/www.fcfamalicao.pt\/?p=41760"},"modified":"2024-06-14T15:47:04","modified_gmt":"2024-06-14T14:47:04","slug":"armando-evangelista-mantem-se-no-comando-tecnico","status":"publish","type":"post","link":"https:\/\/www.fcfamalicao.pt\/en\/armando-evangelista-mantem-se-no-comando-tecnico\/","title":{"rendered":"Armando Evangelista mant\u00e9m-se no comando t\u00e9cnico"},"content":{"rendered":"<p>O Futebol Clube de Famalic\u00e3o \u2013 Futebol SAD informa ter chegado a acordo com o t\u00e9cnico Armando Evangelista tendo em vista a renova\u00e7\u00e3o de contrato. As duas partes estenderam o v\u00ednculo por mais uma temporada.<\/p>\n<p>O treinador, de 50 anos, chegou ao nosso clube em mar\u00e7o e orientou a equipa em nove jogos. O saldo foi amplamente positivo \u2013 m\u00e9dia de 1,55 pontos por jogo &#8211; num registo suportado por exibi\u00e7\u00f5es de bom n\u00edvel que permitiram a valoriza\u00e7\u00e3o individual dos jogadores e uma tranquila reta final de campeonato.<\/p>\n<p><iframe loading=\"lazy\" title=\"Mister Armando Evangelista renova pelo FC Famalic\u00e3o\" width=\"500\" height=\"281\" src=\"https:\/\/www.youtube.com\/embed\/P0d-5a3PnS4?feature=oembed\" frameborder=\"0\" allow=\"accelerometer; autoplay; clipboard-write; encrypted-media; gyroscope; picture-in-picture; web-share\" referrerpolicy=\"strict-origin-when-cross-origin\" allowfullscreen><\/iframe><\/p>\n<p>\u201cEstou muito satisfeito por continuar no Futebol Clube de Famalic\u00e3o. As duas partes demonstraram vontade em prolongar a liga\u00e7\u00e3o e sinto que esta renova\u00e7\u00e3o \u00e9 o culminar de dois meses de muito trabalho e de conhecimento m\u00fatuo\u201d, referiu o treinador.<\/p>\n<p>\u201cO que encontrei no clube transmite-me muita confian\u00e7a. As condi\u00e7\u00f5es que dispomos permite-me ter uma boa perspetiva de que poderemos fazer um trabalho v\u00e1lido e ir ao encontro das ambi\u00e7\u00f5es do clube\u201d, elencou, com a convic\u00e7\u00e3o de que \u201co evidente crescimento do Futebol Clube de Famalic\u00e3o nas \u00faltimas temporadas enquadra-se nas ambi\u00e7\u00f5es da equipa t\u00e9cnica, que ter\u00e1 o objetivo de continuar a contribuir para essa trajet\u00f3ria ascendente\u201d.<\/p>\n<p>Vincando o des\u00edgnio de \u201ccontinuar a valorizar jogadores\u201d, o treinador real\u00e7a o prop\u00f3sito de \u201ctransportar a ambi\u00e7\u00e3o do clube, adeptos e cidade para o relvado\u201d. Armando Evangelista garante que \u201cesta postura e forma de jogar ir\u00e1 traduzir-se em pontos e bons resultados\u201d, num caminho que permitir\u00e1 \u201cmanter o crescimento sustentado que o clube tem conseguido nas \u00faltimas \u00e9pocas\u201d.<\/p>\n","protected":false},"excerpt":{"rendered":"<p>O Futebol Clube de Famalic\u00e3o \u2013 Futebol SAD informa ter chegado a acordo com o t\u00e9cnico Armando Evangelista tendo em vista a renova\u00e7\u00e3o de contrato. As duas partes estenderam o v\u00ednculo por mais uma temporada. O treinador, de 50 anos, chegou ao nosso clube em mar\u00e7o e orientou a equipa&hellip;<\/p>\n","protected":false},"author":2,"featured_media":41773,"comment_status":"closed","ping_status":"closed","sticky":false,"template":"","format":"standard","meta":{"_acf_changed":false,"footnotes":""},"categories":[1],"tags":[],"class_list":["post-41760","post","type-post","status-publish","format-standard","has-post-thumbnail","hentry","category-noticias"],"acf":[],"yoast_head":"<!-- This site is optimized with the Yoast SEO plugin v27.1.1 - https:\/\/yoast.com\/product\/yoast-seo-wordpress\/ -->\n<title>Armando Evangelista mant\u00e9m-se no comando t\u00e9cnico - FC Famalic\u00e3o<\/title>\n<meta name=\"robots\" content=\"index, follow, max-snippet:-1, max-image-preview:large, max-video-preview:-1\" \/>\n<link rel=\"canonical\" href=\"https:\/\/www.fcfamalicao.pt\/en\/armando-evangelista-mantem-se-no-comando-tecnico\/\" \/>\n<meta property=\"og:locale\" content=\"en_US\" \/>\n<meta property=\"og:type\" content=\"article\" \/>\n<meta property=\"og:title\" content=\"Armando Evangelista mant\u00e9m-se no comando t\u00e9cnico - FC Famalic\u00e3o\" \/>\n<meta property=\"og:description\" content=\"O Futebol Clube de Famalic\u00e3o \u2013 Futebol SAD informa ter chegado a acordo com o t\u00e9cnico Armando Evangelista tendo em vista a renova\u00e7\u00e3o de contrato. As duas partes estenderam o v\u00ednculo por mais uma temporada. O treinador, de 50 anos, chegou ao nosso clube em mar\u00e7o e orientou a equipa&hellip;\" \/>\n<meta property=\"og:url\" content=\"https:\/\/www.fcfamalicao.pt\/en\/armando-evangelista-mantem-se-no-comando-tecnico\/\" \/>\n<meta property=\"og:site_name\" content=\"FC Famalic\u00e3o\" \/>\n<meta property=\"article:publisher\" content=\"https:\/\/www.facebook.com\/FCFamalicao\/\" \/>\n<meta property=\"article:published_time\" content=\"2024-06-14T12:43:23+00:00\" \/>\n<meta property=\"article:modified_time\" content=\"2024-06-14T14:47:04+00:00\" \/>\n<meta property=\"og:image\" content=\"https:\/\/www.fcfamalicao.pt\/wp-content\/uploads\/2024\/06\/image00004-1-scaled.jpg\" \/>\n\t<meta property=\"og:image:width\" content=\"2560\" \/>\n\t<meta property=\"og:image:height\" content=\"1707\" \/>\n\t<meta property=\"og:image:type\" content=\"image\/jpeg\" \/>\n<meta name=\"author\" content=\"fcfamalicao fcfamalicao\" \/>\n<meta name=\"twitter:card\" content=\"summary_large_image\" \/>\n<meta name=\"twitter:creator\" content=\"@fcf1931_oficial\" \/>\n<meta name=\"twitter:site\" content=\"@fcf1931_oficial\" \/>\n<meta name=\"twitter:label1\" content=\"Written by\" \/>\n\t<meta name=\"twitter:data1\" content=\"fcfamalicao fcfamalicao\" \/>\n\t<meta name=\"twitter:label2\" content=\"Est. reading time\" \/>\n\t<meta name=\"twitter:data2\" content=\"2 minutes\" \/>\n<script type=\"application\/ld+json\" class=\"yoast-schema-graph\">{\"@context\":\"https:\/\/schema.org\",\"@graph\":[{\"@type\":\"Article\",\"@id\":\"https:\/\/www.fcfamalicao.pt\/en\/armando-evangelista-mantem-se-no-comando-tecnico\/#article\",\"isPartOf\":{\"@id\":\"https:\/\/www.fcfamalicao.pt\/en\/armando-evangelista-mantem-se-no-comando-tecnico\/\"},\"author\":{\"name\":\"fcfamalicao fcfamalicao\",\"@id\":\"https:\/\/www.fcfamalicao.pt\/en\/#\/schema\/person\/713a4d367f5259360c363ad35dad9247\"},\"headline\":\"Armando Evangelista mant\u00e9m-se no comando t\u00e9cnico\",\"datePublished\":\"2024-06-14T12:43:23+00:00\",\"dateModified\":\"2024-06-14T14:47:04+00:00\",\"mainEntityOfPage\":{\"@id\":\"https:\/\/www.fcfamalicao.pt\/en\/armando-evangelista-mantem-se-no-comando-tecnico\/\"},\"wordCount\":294,\"publisher\":{\"@id\":\"https:\/\/www.fcfamalicao.pt\/en\/#organization\"},\"image\":{\"@id\":\"https:\/\/www.fcfamalicao.pt\/en\/armando-evangelista-mantem-se-no-comando-tecnico\/#primaryimage\"},\"thumbnailUrl\":\"https:\/\/www.fcfamalicao.pt\/wp-content\/uploads\/2024\/06\/image00004-1-scaled.jpg\",\"articleSection\":[\"Not\u00edcias\"],\"inLanguage\":\"en-US\"},{\"@type\":\"WebPage\",\"@id\":\"https:\/\/www.fcfamalicao.pt\/en\/armando-evangelista-mantem-se-no-comando-tecnico\/\",\"url\":\"https:\/\/www.fcfamalicao.pt\/en\/armando-evangelista-mantem-se-no-comando-tecnico\/\",\"name\":\"Armando Evangelista mant\u00e9m-se no comando t\u00e9cnico - FC Famalic\u00e3o\",\"isPartOf\":{\"@id\":\"https:\/\/www.fcfamalicao.pt\/en\/#website\"},\"primaryImageOfPage\":{\"@id\":\"https:\/\/www.fcfamalicao.pt\/en\/armando-evangelista-mantem-se-no-comando-tecnico\/#primaryimage\"},\"image\":{\"@id\":\"https:\/\/www.fcfamalicao.pt\/en\/armando-evangelista-mantem-se-no-comando-tecnico\/#primaryimage\"},\"thumbnailUrl\":\"https:\/\/www.fcfamalicao.pt\/wp-content\/uploads\/2024\/06\/image00004-1-scaled.jpg\",\"datePublished\":\"2024-06-14T12:43:23+00:00\",\"dateModified\":\"2024-06-14T14:47:04+00:00\",\"breadcrumb\":{\"@id\":\"https:\/\/www.fcfamalicao.pt\/en\/armando-evangelista-mantem-se-no-comando-tecnico\/#breadcrumb\"},\"inLanguage\":\"en-US\",\"potentialAction\":[{\"@type\":\"ReadAction\",\"target\":[\"https:\/\/www.fcfamalicao.pt\/en\/armando-evangelista-mantem-se-no-comando-tecnico\/\"]}]},{\"@type\":\"ImageObject\",\"inLanguage\":\"en-US\",\"@id\":\"https:\/\/www.fcfamalicao.pt\/en\/armando-evangelista-mantem-se-no-comando-tecnico\/#primaryimage\",\"url\":\"https:\/\/www.fcfamalicao.pt\/wp-content\/uploads\/2024\/06\/image00004-1-scaled.jpg\",\"contentUrl\":\"https:\/\/www.fcfamalicao.pt\/wp-content\/uploads\/2024\/06\/image00004-1-scaled.jpg\",\"width\":2560,\"height\":1707},{\"@type\":\"BreadcrumbList\",\"@id\":\"https:\/\/www.fcfamalicao.pt\/en\/armando-evangelista-mantem-se-no-comando-tecnico\/#breadcrumb\",\"itemListElement\":[{\"@type\":\"ListItem\",\"position\":1,\"name\":\"Home\",\"item\":\"https:\/\/www.fcfamalicao.pt\/en\/\"},{\"@type\":\"ListItem\",\"position\":2,\"name\":\"Armando Evangelista mant\u00e9m-se no comando t\u00e9cnico\"}]},{\"@type\":\"WebSite\",\"@id\":\"https:\/\/www.fcfamalicao.pt\/en\/#website\",\"url\":\"https:\/\/www.fcfamalicao.pt\/en\/\",\"name\":\"FC Famalic\u00e3o\",\"description\":\"Site oficial do Futebol Clube Famalic\u00e3o. #AMORDEPERDI\u00c7\u00c3O\",\"publisher\":{\"@id\":\"https:\/\/www.fcfamalicao.pt\/en\/#organization\"},\"potentialAction\":[{\"@type\":\"SearchAction\",\"target\":{\"@type\":\"EntryPoint\",\"urlTemplate\":\"https:\/\/www.fcfamalicao.pt\/en\/?s={search_term_string}\"},\"query-input\":{\"@type\":\"PropertyValueSpecification\",\"valueRequired\":true,\"valueName\":\"search_term_string\"}}],\"inLanguage\":\"en-US\"},{\"@type\":\"Organization\",\"@id\":\"https:\/\/www.fcfamalicao.pt\/en\/#organization\",\"name\":\"FC Famalic\u00e3o\",\"url\":\"https:\/\/www.fcfamalicao.pt\/en\/\",\"logo\":{\"@type\":\"ImageObject\",\"inLanguage\":\"en-US\",\"@id\":\"https:\/\/www.fcfamalicao.pt\/en\/#\/schema\/logo\/image\/\",\"url\":\"https:\/\/www.fcfamalicao.pt\/wp-content\/uploads\/2018\/11\/fcf-logo.png\",\"contentUrl\":\"https:\/\/www.fcfamalicao.pt\/wp-content\/uploads\/2018\/11\/fcf-logo.png\",\"width\":150,\"height\":143,\"caption\":\"FC Famalic\u00e3o\"},\"image\":{\"@id\":\"https:\/\/www.fcfamalicao.pt\/en\/#\/schema\/logo\/image\/\"},\"sameAs\":[\"https:\/\/www.facebook.com\/FCFamalicao\/\",\"https:\/\/x.com\/fcf1931_oficial\",\"https:\/\/www.instagram.com\/futebolclubefamalicao\/\",\"https:\/\/www.youtube.com\/FCFamalicao1931\"]},{\"@type\":\"Person\",\"@id\":\"https:\/\/www.fcfamalicao.pt\/en\/#\/schema\/person\/713a4d367f5259360c363ad35dad9247\",\"name\":\"fcfamalicao fcfamalicao\",\"image\":{\"@type\":\"ImageObject\",\"inLanguage\":\"en-US\",\"@id\":\"https:\/\/www.fcfamalicao.pt\/en\/#\/schema\/person\/image\/\",\"url\":\"https:\/\/secure.gravatar.com\/avatar\/b37399ebd6c6b1f9808b97ddeec50eb3b762cc626cb1e17e3a8b30044160d118?s=96&d=mm&r=g\",\"contentUrl\":\"https:\/\/secure.gravatar.com\/avatar\/b37399ebd6c6b1f9808b97ddeec50eb3b762cc626cb1e17e3a8b30044160d118?s=96&d=mm&r=g\",\"caption\":\"fcfamalicao fcfamalicao\"}}]}<\/script>\n<!-- \/ Yoast SEO plugin. -->","yoast_head_json":{"title":"Armando Evangelista mant\u00e9m-se no comando t\u00e9cnico - FC Famalic\u00e3o","robots":{"index":"index","follow":"follow","max-snippet":"max-snippet:-1","max-image-preview":"max-image-preview:large","max-video-preview":"max-video-preview:-1"},"canonical":"https:\/\/www.fcfamalicao.pt\/en\/armando-evangelista-mantem-se-no-comando-tecnico\/","og_locale":"en_US","og_type":"article","og_title":"Armando Evangelista mant\u00e9m-se no comando t\u00e9cnico - FC Famalic\u00e3o","og_description":"O Futebol Clube de Famalic\u00e3o \u2013 Futebol SAD informa ter chegado a acordo com o t\u00e9cnico Armando Evangelista tendo em vista a renova\u00e7\u00e3o de contrato. As duas partes estenderam o v\u00ednculo por mais uma temporada. O treinador, de 50 anos, chegou ao nosso clube em mar\u00e7o e orientou a equipa&hellip;","og_url":"https:\/\/www.fcfamalicao.pt\/en\/armando-evangelista-mantem-se-no-comando-tecnico\/","og_site_name":"FC Famalic\u00e3o","article_publisher":"https:\/\/www.facebook.com\/FCFamalicao\/","article_published_time":"2024-06-14T12:43:23+00:00","article_modified_time":"2024-06-14T14:47:04+00:00","og_image":[{"width":2560,"height":1707,"url":"https:\/\/www.fcfamalicao.pt\/wp-content\/uploads\/2024\/06\/image00004-1-scaled.jpg","type":"image\/jpeg"}],"author":"fcfamalicao fcfamalicao","twitter_card":"summary_large_image","twitter_creator":"@fcf1931_oficial","twitter_site":"@fcf1931_oficial","twitter_misc":{"Written by":"fcfamalicao fcfamalicao","Est. reading time":"2 minutes"},"schema":{"@context":"https:\/\/schema.org","@graph":[{"@type":"Article","@id":"https:\/\/www.fcfamalicao.pt\/en\/armando-evangelista-mantem-se-no-comando-tecnico\/#article","isPartOf":{"@id":"https:\/\/www.fcfamalicao.pt\/en\/armando-evangelista-mantem-se-no-comando-tecnico\/"},"author":{"name":"fcfamalicao fcfamalicao","@id":"https:\/\/www.fcfamalicao.pt\/en\/#\/schema\/person\/713a4d367f5259360c363ad35dad9247"},"headline":"Armando Evangelista mant\u00e9m-se no comando t\u00e9cnico","datePublished":"2024-06-14T12:43:23+00:00","dateModified":"2024-06-14T14:47:04+00:00","mainEntityOfPage":{"@id":"https:\/\/www.fcfamalicao.pt\/en\/armando-evangelista-mantem-se-no-comando-tecnico\/"},"wordCount":294,"publisher":{"@id":"https:\/\/www.fcfamalicao.pt\/en\/#organization"},"image":{"@id":"https:\/\/www.fcfamalicao.pt\/en\/armando-evangelista-mantem-se-no-comando-tecnico\/#primaryimage"},"thumbnailUrl":"https:\/\/www.fcfamalicao.pt\/wp-content\/uploads\/2024\/06\/image00004-1-scaled.jpg","articleSection":["Not\u00edcias"],"inLanguage":"en-US"},{"@type":"WebPage","@id":"https:\/\/www.fcfamalicao.pt\/en\/armando-evangelista-mantem-se-no-comando-tecnico\/","url":"https:\/\/www.fcfamalicao.pt\/en\/armando-evangelista-mantem-se-no-comando-tecnico\/","name":"Armando Evangelista mant\u00e9m-se no comando t\u00e9cnico - FC Famalic\u00e3o","isPartOf":{"@id":"https:\/\/www.fcfamalicao.pt\/en\/#website"},"primaryImageOfPage":{"@id":"https:\/\/www.fcfamalicao.pt\/en\/armando-evangelista-mantem-se-no-comando-tecnico\/#primaryimage"},"image":{"@id":"https:\/\/www.fcfamalicao.pt\/en\/armando-evangelista-mantem-se-no-comando-tecnico\/#primaryimage"},"thumbnailUrl":"https:\/\/www.fcfamalicao.pt\/wp-content\/uploads\/2024\/06\/image00004-1-scaled.jpg","datePublished":"2024-06-14T12:43:23+00:00","dateModified":"2024-06-14T14:47:04+00:00","breadcrumb":{"@id":"https:\/\/www.fcfamalicao.pt\/en\/armando-evangelista-mantem-se-no-comando-tecnico\/#breadcrumb"},"inLanguage":"en-US","potentialAction":[{"@type":"ReadAction","target":["https:\/\/www.fcfamalicao.pt\/en\/armando-evangelista-mantem-se-no-comando-tecnico\/"]}]},{"@type":"ImageObject","inLanguage":"en-US","@id":"https:\/\/www.fcfamalicao.pt\/en\/armando-evangelista-mantem-se-no-comando-tecnico\/#primaryimage","url":"https:\/\/www.fcfamalicao.pt\/wp-content\/uploads\/2024\/06\/image00004-1-scaled.jpg","contentUrl":"https:\/\/www.fcfamalicao.pt\/wp-content\/uploads\/2024\/06\/image00004-1-scaled.jpg","width":2560,"height":1707},{"@type":"BreadcrumbList","@id":"https:\/\/www.fcfamalicao.pt\/en\/armando-evangelista-mantem-se-no-comando-tecnico\/#breadcrumb","itemListElement":[{"@type":"ListItem","position":1,"name":"Home","item":"https:\/\/www.fcfamalicao.pt\/en\/"},{"@type":"ListItem","position":2,"name":"Armando Evangelista mant\u00e9m-se no comando t\u00e9cnico"}]},{"@type":"WebSite","@id":"https:\/\/www.fcfamalicao.pt\/en\/#website","url":"https:\/\/www.fcfamalicao.pt\/en\/","name":"FC Famalic\u00e3o","description":"Site oficial do Futebol Clube Famalic\u00e3o. #AMORDEPERDI\u00c7\u00c3O","publisher":{"@id":"https:\/\/www.fcfamalicao.pt\/en\/#organization"},"potentialAction":[{"@type":"SearchAction","target":{"@type":"EntryPoint","urlTemplate":"https:\/\/www.fcfamalicao.pt\/en\/?s={search_term_string}"},"query-input":{"@type":"PropertyValueSpecification","valueRequired":true,"valueName":"search_term_string"}}],"inLanguage":"en-US"},{"@type":"Organization","@id":"https:\/\/www.fcfamalicao.pt\/en\/#organization","name":"FC Famalic\u00e3o","url":"https:\/\/www.fcfamalicao.pt\/en\/","logo":{"@type":"ImageObject","inLanguage":"en-US","@id":"https:\/\/www.fcfamalicao.pt\/en\/#\/schema\/logo\/image\/","url":"https:\/\/www.fcfamalicao.pt\/wp-content\/uploads\/2018\/11\/fcf-logo.png","contentUrl":"https:\/\/www.fcfamalicao.pt\/wp-content\/uploads\/2018\/11\/fcf-logo.png","width":150,"height":143,"caption":"FC Famalic\u00e3o"},"image":{"@id":"https:\/\/www.fcfamalicao.pt\/en\/#\/schema\/logo\/image\/"},"sameAs":["https:\/\/www.facebook.com\/FCFamalicao\/","https:\/\/x.com\/fcf1931_oficial","https:\/\/www.instagram.com\/futebolclubefamalicao\/","https:\/\/www.youtube.com\/FCFamalicao1931"]},{"@type":"Person","@id":"https:\/\/www.fcfamalicao.pt\/en\/#\/schema\/person\/713a4d367f5259360c363ad35dad9247","name":"fcfamalicao fcfamalicao","image":{"@type":"ImageObject","inLanguage":"en-US","@id":"https:\/\/www.fcfamalicao.pt\/en\/#\/schema\/person\/image\/","url":"https:\/\/secure.gravatar.com\/avatar\/b37399ebd6c6b1f9808b97ddeec50eb3b762cc626cb1e17e3a8b30044160d118?s=96&d=mm&r=g","contentUrl":"https:\/\/secure.gravatar.com\/avatar\/b37399ebd6c6b1f9808b97ddeec50eb3b762cc626cb1e17e3a8b30044160d118?s=96&d=mm&r=g","caption":"fcfamalicao fcfamalicao"}}]}},"_links":{"self":[{"href":"https:\/\/www.fcfamalicao.pt\/en\/wp-json\/wp\/v2\/posts\/41760","targetHints":{"allow":["GET"]}}],"collection":[{"href":"https:\/\/www.fcfamalicao.pt\/en\/wp-json\/wp\/v2\/posts"}],"about":[{"href":"https:\/\/www.fcfamalicao.pt\/en\/wp-json\/wp\/v2\/types\/post"}],"author":[{"embeddable":true,"href":"https:\/\/www.fcfamalicao.pt\/en\/wp-json\/wp\/v2\/users\/2"}],"replies":[{"embeddable":true,"href":"https:\/\/www.fcfamalicao.pt\/en\/wp-json\/wp\/v2\/comments?post=41760"}],"version-history":[{"count":0,"href":"https:\/\/www.fcfamalicao.pt\/en\/wp-json\/wp\/v2\/posts\/41760\/revisions"}],"wp:featuredmedia":[{"embeddable":true,"href":"https:\/\/www.fcfamalicao.pt\/en\/wp-json\/wp\/v2\/media\/41773"}],"wp:attachment":[{"href":"https:\/\/www.fcfamalicao.pt\/en\/wp-json\/wp\/v2\/media?parent=41760"}],"wp:term":[{"taxonomy":"category","embeddable":true,"href":"https:\/\/www.fcfamalicao.pt\/en\/wp-json\/wp\/v2\/categories?post=41760"},{"taxonomy":"post_tag","embeddable":true,"href":"https:\/\/www.fcfamalicao.pt\/en\/wp-json\/wp\/v2\/tags?post=41760"}],"curies":[{"name":"wp","href":"https:\/\/api.w.org\/{rel}","templated":true}]}}