{"id":43572,"date":"2024-07-01T16:57:38","date_gmt":"2024-07-01T15:57:38","guid":{"rendered":"https:\/\/www.fcfamalicao.pt\/?p=43572"},"modified":"2024-07-01T19:21:13","modified_gmt":"2024-07-01T18:21:13","slug":"arranque-da-temporada-2024-25","status":"publish","type":"post","link":"https:\/\/www.fcfamalicao.pt\/en\/arranque-da-temporada-2024-25\/","title":{"rendered":"Arranque da temporada 2024\/25"},"content":{"rendered":"<p>O Centro de Treinos reabriu as portas esta segunda-feira para o arranque da temporada 2024\/25. O primeiro dia da nova \u00e9poca foi dedicado \u00e0 realiza\u00e7\u00e3o de exames m\u00e9dicos e testes f\u00edsicos.<\/p>\n<p><img loading=\"lazy\" decoding=\"async\" class=\"alignnone size-medium wp-image-43575\" src=\"https:\/\/www.fcfamalicao.pt\/wp-content\/uploads\/2024\/07\/dia1_tarde230-200x300.jpg\" alt=\"\" width=\"200\" height=\"300\" srcset=\"https:\/\/www.fcfamalicao.pt\/wp-content\/uploads\/2024\/07\/dia1_tarde230-200x300.jpg 200w, https:\/\/www.fcfamalicao.pt\/wp-content\/uploads\/2024\/07\/dia1_tarde230-683x1024.jpg 683w, https:\/\/www.fcfamalicao.pt\/wp-content\/uploads\/2024\/07\/dia1_tarde230-768x1152.jpg 768w, https:\/\/www.fcfamalicao.pt\/wp-content\/uploads\/2024\/07\/dia1_tarde230-1024x1536.jpg 1024w, https:\/\/www.fcfamalicao.pt\/wp-content\/uploads\/2024\/07\/dia1_tarde230-1365x2048.jpg 1365w, https:\/\/www.fcfamalicao.pt\/wp-content\/uploads\/2024\/07\/dia1_tarde230-85x128.jpg 85w, https:\/\/www.fcfamalicao.pt\/wp-content\/uploads\/2024\/07\/dia1_tarde230-21x32.jpg 21w, https:\/\/www.fcfamalicao.pt\/wp-content\/uploads\/2024\/07\/dia1_tarde230-100x150.jpg 100w, https:\/\/www.fcfamalicao.pt\/wp-content\/uploads\/2024\/07\/dia1_tarde230-900x1350.jpg 900w, https:\/\/www.fcfamalicao.pt\/wp-content\/uploads\/2024\/07\/dia1_tarde230-scaled.jpg 1707w\" sizes=\"auto, (max-width: 200px) 100vw, 200px\" \/> <img loading=\"lazy\" decoding=\"async\" class=\"alignnone size-medium wp-image-43577\" src=\"https:\/\/www.fcfamalicao.pt\/wp-content\/uploads\/2024\/07\/dia1_tarde255-200x300.jpg\" alt=\"\" width=\"200\" height=\"300\" srcset=\"https:\/\/www.fcfamalicao.pt\/wp-content\/uploads\/2024\/07\/dia1_tarde255-200x300.jpg 200w, https:\/\/www.fcfamalicao.pt\/wp-content\/uploads\/2024\/07\/dia1_tarde255-683x1024.jpg 683w, https:\/\/www.fcfamalicao.pt\/wp-content\/uploads\/2024\/07\/dia1_tarde255-768x1152.jpg 768w, https:\/\/www.fcfamalicao.pt\/wp-content\/uploads\/2024\/07\/dia1_tarde255-1024x1536.jpg 1024w, https:\/\/www.fcfamalicao.pt\/wp-content\/uploads\/2024\/07\/dia1_tarde255-1365x2048.jpg 1365w, https:\/\/www.fcfamalicao.pt\/wp-content\/uploads\/2024\/07\/dia1_tarde255-85x128.jpg 85w, https:\/\/www.fcfamalicao.pt\/wp-content\/uploads\/2024\/07\/dia1_tarde255-21x32.jpg 21w, https:\/\/www.fcfamalicao.pt\/wp-content\/uploads\/2024\/07\/dia1_tarde255-100x150.jpg 100w, https:\/\/www.fcfamalicao.pt\/wp-content\/uploads\/2024\/07\/dia1_tarde255-900x1350.jpg 900w, https:\/\/www.fcfamalicao.pt\/wp-content\/uploads\/2024\/07\/dia1_tarde255-scaled.jpg 1707w\" sizes=\"auto, (max-width: 200px) 100vw, 200px\" \/> <img loading=\"lazy\" decoding=\"async\" class=\"alignnone size-medium wp-image-43579\" src=\"https:\/\/www.fcfamalicao.pt\/wp-content\/uploads\/2024\/07\/dia1_tarde299-200x300.jpg\" alt=\"\" width=\"200\" height=\"300\" srcset=\"https:\/\/www.fcfamalicao.pt\/wp-content\/uploads\/2024\/07\/dia1_tarde299-200x300.jpg 200w, https:\/\/www.fcfamalicao.pt\/wp-content\/uploads\/2024\/07\/dia1_tarde299-683x1024.jpg 683w, https:\/\/www.fcfamalicao.pt\/wp-content\/uploads\/2024\/07\/dia1_tarde299-768x1152.jpg 768w, https:\/\/www.fcfamalicao.pt\/wp-content\/uploads\/2024\/07\/dia1_tarde299-1024x1536.jpg 1024w, https:\/\/www.fcfamalicao.pt\/wp-content\/uploads\/2024\/07\/dia1_tarde299-1366x2048.jpg 1366w, https:\/\/www.fcfamalicao.pt\/wp-content\/uploads\/2024\/07\/dia1_tarde299-85x128.jpg 85w, https:\/\/www.fcfamalicao.pt\/wp-content\/uploads\/2024\/07\/dia1_tarde299-21x32.jpg 21w, https:\/\/www.fcfamalicao.pt\/wp-content\/uploads\/2024\/07\/dia1_tarde299-100x150.jpg 100w, https:\/\/www.fcfamalicao.pt\/wp-content\/uploads\/2024\/07\/dia1_tarde299-900x1350.jpg 900w, https:\/\/www.fcfamalicao.pt\/wp-content\/uploads\/2024\/07\/dia1_tarde299-scaled.jpg 1707w\" sizes=\"auto, (max-width: 200px) 100vw, 200px\" \/><\/p>\n<p>No primeiro dia de trabalho marcaram presen\u00e7a Luiz J\u00fanior, Ivan Zlobin, Hugo Cunha, Martin Aguirregabiria, Rodrigo Pinheiro, Justin de Haas, Riccieli, Francisco Moura, Gustavo Assun\u00e7\u00e3o, Mirko Topic, Zaydou Youssouf, Tom van de Looi, Gustavo S\u00e1, Samuel Lobato, Otso Liimatta, Rochinha, Afonso Rodrigues, \u00d3scar Aranda e Pablo.<\/p>\n<p><img loading=\"lazy\" decoding=\"async\" class=\"alignnone size-medium wp-image-43581\" src=\"https:\/\/www.fcfamalicao.pt\/wp-content\/uploads\/2024\/07\/dia1221-200x300.jpg\" alt=\"\" width=\"200\" height=\"300\" srcset=\"https:\/\/www.fcfamalicao.pt\/wp-content\/uploads\/2024\/07\/dia1221-200x300.jpg 200w, https:\/\/www.fcfamalicao.pt\/wp-content\/uploads\/2024\/07\/dia1221-683x1024.jpg 683w, https:\/\/www.fcfamalicao.pt\/wp-content\/uploads\/2024\/07\/dia1221-768x1152.jpg 768w, https:\/\/www.fcfamalicao.pt\/wp-content\/uploads\/2024\/07\/dia1221-1024x1536.jpg 1024w, https:\/\/www.fcfamalicao.pt\/wp-content\/uploads\/2024\/07\/dia1221-1365x2048.jpg 1365w, https:\/\/www.fcfamalicao.pt\/wp-content\/uploads\/2024\/07\/dia1221-85x128.jpg 85w, https:\/\/www.fcfamalicao.pt\/wp-content\/uploads\/2024\/07\/dia1221-21x32.jpg 21w, https:\/\/www.fcfamalicao.pt\/wp-content\/uploads\/2024\/07\/dia1221-100x150.jpg 100w, https:\/\/www.fcfamalicao.pt\/wp-content\/uploads\/2024\/07\/dia1221-900x1350.jpg 900w, https:\/\/www.fcfamalicao.pt\/wp-content\/uploads\/2024\/07\/dia1221-scaled.jpg 1707w\" sizes=\"auto, (max-width: 200px) 100vw, 200px\" \/> <img loading=\"lazy\" decoding=\"async\" class=\"alignnone size-medium wp-image-43583\" src=\"https:\/\/www.fcfamalicao.pt\/wp-content\/uploads\/2024\/07\/dia1255-200x300.jpg\" alt=\"\" width=\"200\" height=\"300\" srcset=\"https:\/\/www.fcfamalicao.pt\/wp-content\/uploads\/2024\/07\/dia1255-200x300.jpg 200w, https:\/\/www.fcfamalicao.pt\/wp-content\/uploads\/2024\/07\/dia1255-683x1024.jpg 683w, https:\/\/www.fcfamalicao.pt\/wp-content\/uploads\/2024\/07\/dia1255-768x1152.jpg 768w, https:\/\/www.fcfamalicao.pt\/wp-content\/uploads\/2024\/07\/dia1255-1024x1536.jpg 1024w, https:\/\/www.fcfamalicao.pt\/wp-content\/uploads\/2024\/07\/dia1255-1365x2048.jpg 1365w, https:\/\/www.fcfamalicao.pt\/wp-content\/uploads\/2024\/07\/dia1255-85x128.jpg 85w, https:\/\/www.fcfamalicao.pt\/wp-content\/uploads\/2024\/07\/dia1255-21x32.jpg 21w, https:\/\/www.fcfamalicao.pt\/wp-content\/uploads\/2024\/07\/dia1255-100x150.jpg 100w, https:\/\/www.fcfamalicao.pt\/wp-content\/uploads\/2024\/07\/dia1255-900x1350.jpg 900w, https:\/\/www.fcfamalicao.pt\/wp-content\/uploads\/2024\/07\/dia1255-scaled.jpg 1707w\" sizes=\"auto, (max-width: 200px) 100vw, 200px\" \/> <img loading=\"lazy\" decoding=\"async\" class=\"alignnone size-medium wp-image-43585\" src=\"https:\/\/www.fcfamalicao.pt\/wp-content\/uploads\/2024\/07\/dia1379-200x300.jpg\" alt=\"\" width=\"200\" height=\"300\" srcset=\"https:\/\/www.fcfamalicao.pt\/wp-content\/uploads\/2024\/07\/dia1379-200x300.jpg 200w, https:\/\/www.fcfamalicao.pt\/wp-content\/uploads\/2024\/07\/dia1379-683x1024.jpg 683w, https:\/\/www.fcfamalicao.pt\/wp-content\/uploads\/2024\/07\/dia1379-768x1152.jpg 768w, https:\/\/www.fcfamalicao.pt\/wp-content\/uploads\/2024\/07\/dia1379-1024x1536.jpg 1024w, https:\/\/www.fcfamalicao.pt\/wp-content\/uploads\/2024\/07\/dia1379-1365x2048.jpg 1365w, https:\/\/www.fcfamalicao.pt\/wp-content\/uploads\/2024\/07\/dia1379-85x128.jpg 85w, https:\/\/www.fcfamalicao.pt\/wp-content\/uploads\/2024\/07\/dia1379-21x32.jpg 21w, https:\/\/www.fcfamalicao.pt\/wp-content\/uploads\/2024\/07\/dia1379-100x150.jpg 100w, https:\/\/www.fcfamalicao.pt\/wp-content\/uploads\/2024\/07\/dia1379-900x1350.jpg 900w, https:\/\/www.fcfamalicao.pt\/wp-content\/uploads\/2024\/07\/dia1379-scaled.jpg 1707w\" sizes=\"auto, (max-width: 200px) 100vw, 200px\" \/><\/p>\n<p>Ausentes dos trabalhos estiveram Enea Mihaj (esteve ao servi\u00e7o da sele\u00e7\u00e3o da Alb\u00e2nia no Euro 2024), Jhonder C\u00e1diz (est\u00e1 ao servi\u00e7o da sele\u00e7\u00e3o da Venezuela na Copa Am\u00e9rica) e Sorriso (devidamente autorizado).<\/p>\n<p><iframe loading=\"lazy\" title=\"Arranque da temporada 2024\/25\" width=\"500\" height=\"281\" src=\"https:\/\/www.youtube.com\/embed\/N6kJbfWY_dE?feature=oembed\" frameborder=\"0\" allow=\"accelerometer; autoplay; clipboard-write; encrypted-media; gyroscope; picture-in-picture; web-share\" referrerpolicy=\"strict-origin-when-cross-origin\" allowfullscreen><\/iframe><\/p>\n","protected":false},"excerpt":{"rendered":"<p>O Centro de Treinos reabriu as portas esta segunda-feira para o arranque da temporada 2024\/25. O primeiro dia da nova \u00e9poca foi dedicado \u00e0 realiza\u00e7\u00e3o de exames m\u00e9dicos e testes f\u00edsicos. No primeiro dia de trabalho marcaram presen\u00e7a Luiz J\u00fanior, Ivan Zlobin, Hugo Cunha, Martin Aguirregabiria, Rodrigo Pinheiro, Justin de&hellip;<\/p>\n","protected":false},"author":2,"featured_media":43573,"comment_status":"closed","ping_status":"closed","sticky":false,"template":"","format":"standard","meta":{"_acf_changed":false,"footnotes":""},"categories":[1],"tags":[],"class_list":["post-43572","post","type-post","status-publish","format-standard","has-post-thumbnail","hentry","category-noticias"],"acf":[],"yoast_head":"<!-- This site is optimized with the Yoast SEO plugin v27.1.1 - https:\/\/yoast.com\/product\/yoast-seo-wordpress\/ -->\n<title>Arranque da temporada 2024\/25 - FC Famalic\u00e3o<\/title>\n<meta name=\"robots\" content=\"index, follow, max-snippet:-1, max-image-preview:large, max-video-preview:-1\" \/>\n<link rel=\"canonical\" href=\"https:\/\/www.fcfamalicao.pt\/en\/arranque-da-temporada-2024-25\/\" \/>\n<meta property=\"og:locale\" content=\"en_US\" \/>\n<meta property=\"og:type\" content=\"article\" \/>\n<meta property=\"og:title\" content=\"Arranque da temporada 2024\/25 - FC Famalic\u00e3o\" \/>\n<meta property=\"og:description\" content=\"O Centro de Treinos reabriu as portas esta segunda-feira para o arranque da temporada 2024\/25. O primeiro dia da nova \u00e9poca foi dedicado \u00e0 realiza\u00e7\u00e3o de exames m\u00e9dicos e testes f\u00edsicos. No primeiro dia de trabalho marcaram presen\u00e7a Luiz J\u00fanior, Ivan Zlobin, Hugo Cunha, Martin Aguirregabiria, Rodrigo Pinheiro, Justin de&hellip;\" \/>\n<meta property=\"og:url\" content=\"https:\/\/www.fcfamalicao.pt\/en\/arranque-da-temporada-2024-25\/\" \/>\n<meta property=\"og:site_name\" content=\"FC Famalic\u00e3o\" \/>\n<meta property=\"article:publisher\" content=\"https:\/\/www.facebook.com\/FCFamalicao\/\" \/>\n<meta property=\"article:published_time\" content=\"2024-07-01T15:57:38+00:00\" \/>\n<meta property=\"article:modified_time\" content=\"2024-07-01T18:21:13+00:00\" \/>\n<meta property=\"og:image\" content=\"https:\/\/www.fcfamalicao.pt\/wp-content\/uploads\/2024\/07\/dia1_tarde140-scaled.jpg\" \/>\n\t<meta property=\"og:image:width\" content=\"2560\" \/>\n\t<meta property=\"og:image:height\" content=\"1707\" \/>\n\t<meta property=\"og:image:type\" content=\"image\/jpeg\" \/>\n<meta name=\"author\" content=\"fcfamalicao fcfamalicao\" \/>\n<meta name=\"twitter:card\" content=\"summary_large_image\" \/>\n<meta name=\"twitter:creator\" content=\"@fcf1931_oficial\" \/>\n<meta name=\"twitter:site\" content=\"@fcf1931_oficial\" \/>\n<meta name=\"twitter:label1\" content=\"Written by\" \/>\n\t<meta name=\"twitter:data1\" content=\"fcfamalicao fcfamalicao\" \/>\n\t<meta name=\"twitter:label2\" content=\"Est. reading time\" \/>\n\t<meta name=\"twitter:data2\" content=\"2 minutes\" \/>\n<script type=\"application\/ld+json\" class=\"yoast-schema-graph\">{\"@context\":\"https:\/\/schema.org\",\"@graph\":[{\"@type\":\"Article\",\"@id\":\"https:\/\/www.fcfamalicao.pt\/en\/arranque-da-temporada-2024-25\/#article\",\"isPartOf\":{\"@id\":\"https:\/\/www.fcfamalicao.pt\/en\/arranque-da-temporada-2024-25\/\"},\"author\":{\"name\":\"fcfamalicao fcfamalicao\",\"@id\":\"https:\/\/www.fcfamalicao.pt\/en\/#\/schema\/person\/713a4d367f5259360c363ad35dad9247\"},\"headline\":\"Arranque da temporada 2024\/25\",\"datePublished\":\"2024-07-01T15:57:38+00:00\",\"dateModified\":\"2024-07-01T18:21:13+00:00\",\"mainEntityOfPage\":{\"@id\":\"https:\/\/www.fcfamalicao.pt\/en\/arranque-da-temporada-2024-25\/\"},\"wordCount\":133,\"publisher\":{\"@id\":\"https:\/\/www.fcfamalicao.pt\/en\/#organization\"},\"image\":{\"@id\":\"https:\/\/www.fcfamalicao.pt\/en\/arranque-da-temporada-2024-25\/#primaryimage\"},\"thumbnailUrl\":\"https:\/\/www.fcfamalicao.pt\/wp-content\/uploads\/2024\/07\/dia1_tarde140-scaled.jpg\",\"articleSection\":[\"Not\u00edcias\"],\"inLanguage\":\"en-US\"},{\"@type\":\"WebPage\",\"@id\":\"https:\/\/www.fcfamalicao.pt\/en\/arranque-da-temporada-2024-25\/\",\"url\":\"https:\/\/www.fcfamalicao.pt\/en\/arranque-da-temporada-2024-25\/\",\"name\":\"Arranque da temporada 2024\/25 - FC Famalic\u00e3o\",\"isPartOf\":{\"@id\":\"https:\/\/www.fcfamalicao.pt\/en\/#website\"},\"primaryImageOfPage\":{\"@id\":\"https:\/\/www.fcfamalicao.pt\/en\/arranque-da-temporada-2024-25\/#primaryimage\"},\"image\":{\"@id\":\"https:\/\/www.fcfamalicao.pt\/en\/arranque-da-temporada-2024-25\/#primaryimage\"},\"thumbnailUrl\":\"https:\/\/www.fcfamalicao.pt\/wp-content\/uploads\/2024\/07\/dia1_tarde140-scaled.jpg\",\"datePublished\":\"2024-07-01T15:57:38+00:00\",\"dateModified\":\"2024-07-01T18:21:13+00:00\",\"breadcrumb\":{\"@id\":\"https:\/\/www.fcfamalicao.pt\/en\/arranque-da-temporada-2024-25\/#breadcrumb\"},\"inLanguage\":\"en-US\",\"potentialAction\":[{\"@type\":\"ReadAction\",\"target\":[\"https:\/\/www.fcfamalicao.pt\/en\/arranque-da-temporada-2024-25\/\"]}]},{\"@type\":\"ImageObject\",\"inLanguage\":\"en-US\",\"@id\":\"https:\/\/www.fcfamalicao.pt\/en\/arranque-da-temporada-2024-25\/#primaryimage\",\"url\":\"https:\/\/www.fcfamalicao.pt\/wp-content\/uploads\/2024\/07\/dia1_tarde140-scaled.jpg\",\"contentUrl\":\"https:\/\/www.fcfamalicao.pt\/wp-content\/uploads\/2024\/07\/dia1_tarde140-scaled.jpg\",\"width\":2560,\"height\":1707},{\"@type\":\"BreadcrumbList\",\"@id\":\"https:\/\/www.fcfamalicao.pt\/en\/arranque-da-temporada-2024-25\/#breadcrumb\",\"itemListElement\":[{\"@type\":\"ListItem\",\"position\":1,\"name\":\"Home\",\"item\":\"https:\/\/www.fcfamalicao.pt\/en\/\"},{\"@type\":\"ListItem\",\"position\":2,\"name\":\"Arranque da temporada 2024\/25\"}]},{\"@type\":\"WebSite\",\"@id\":\"https:\/\/www.fcfamalicao.pt\/en\/#website\",\"url\":\"https:\/\/www.fcfamalicao.pt\/en\/\",\"name\":\"FC Famalic\u00e3o\",\"description\":\"Site oficial do Futebol Clube Famalic\u00e3o. #AMORDEPERDI\u00c7\u00c3O\",\"publisher\":{\"@id\":\"https:\/\/www.fcfamalicao.pt\/en\/#organization\"},\"potentialAction\":[{\"@type\":\"SearchAction\",\"target\":{\"@type\":\"EntryPoint\",\"urlTemplate\":\"https:\/\/www.fcfamalicao.pt\/en\/?s={search_term_string}\"},\"query-input\":{\"@type\":\"PropertyValueSpecification\",\"valueRequired\":true,\"valueName\":\"search_term_string\"}}],\"inLanguage\":\"en-US\"},{\"@type\":\"Organization\",\"@id\":\"https:\/\/www.fcfamalicao.pt\/en\/#organization\",\"name\":\"FC Famalic\u00e3o\",\"url\":\"https:\/\/www.fcfamalicao.pt\/en\/\",\"logo\":{\"@type\":\"ImageObject\",\"inLanguage\":\"en-US\",\"@id\":\"https:\/\/www.fcfamalicao.pt\/en\/#\/schema\/logo\/image\/\",\"url\":\"https:\/\/www.fcfamalicao.pt\/wp-content\/uploads\/2018\/11\/fcf-logo.png\",\"contentUrl\":\"https:\/\/www.fcfamalicao.pt\/wp-content\/uploads\/2018\/11\/fcf-logo.png\",\"width\":150,\"height\":143,\"caption\":\"FC Famalic\u00e3o\"},\"image\":{\"@id\":\"https:\/\/www.fcfamalicao.pt\/en\/#\/schema\/logo\/image\/\"},\"sameAs\":[\"https:\/\/www.facebook.com\/FCFamalicao\/\",\"https:\/\/x.com\/fcf1931_oficial\",\"https:\/\/www.instagram.com\/futebolclubefamalicao\/\",\"https:\/\/www.youtube.com\/FCFamalicao1931\"]},{\"@type\":\"Person\",\"@id\":\"https:\/\/www.fcfamalicao.pt\/en\/#\/schema\/person\/713a4d367f5259360c363ad35dad9247\",\"name\":\"fcfamalicao fcfamalicao\",\"image\":{\"@type\":\"ImageObject\",\"inLanguage\":\"en-US\",\"@id\":\"https:\/\/www.fcfamalicao.pt\/en\/#\/schema\/person\/image\/\",\"url\":\"https:\/\/secure.gravatar.com\/avatar\/b37399ebd6c6b1f9808b97ddeec50eb3b762cc626cb1e17e3a8b30044160d118?s=96&d=mm&r=g\",\"contentUrl\":\"https:\/\/secure.gravatar.com\/avatar\/b37399ebd6c6b1f9808b97ddeec50eb3b762cc626cb1e17e3a8b30044160d118?s=96&d=mm&r=g\",\"caption\":\"fcfamalicao fcfamalicao\"}}]}<\/script>\n<!-- \/ Yoast SEO plugin. -->","yoast_head_json":{"title":"Arranque da temporada 2024\/25 - FC Famalic\u00e3o","robots":{"index":"index","follow":"follow","max-snippet":"max-snippet:-1","max-image-preview":"max-image-preview:large","max-video-preview":"max-video-preview:-1"},"canonical":"https:\/\/www.fcfamalicao.pt\/en\/arranque-da-temporada-2024-25\/","og_locale":"en_US","og_type":"article","og_title":"Arranque da temporada 2024\/25 - FC Famalic\u00e3o","og_description":"O Centro de Treinos reabriu as portas esta segunda-feira para o arranque da temporada 2024\/25. O primeiro dia da nova \u00e9poca foi dedicado \u00e0 realiza\u00e7\u00e3o de exames m\u00e9dicos e testes f\u00edsicos. No primeiro dia de trabalho marcaram presen\u00e7a Luiz J\u00fanior, Ivan Zlobin, Hugo Cunha, Martin Aguirregabiria, Rodrigo Pinheiro, Justin de&hellip;","og_url":"https:\/\/www.fcfamalicao.pt\/en\/arranque-da-temporada-2024-25\/","og_site_name":"FC Famalic\u00e3o","article_publisher":"https:\/\/www.facebook.com\/FCFamalicao\/","article_published_time":"2024-07-01T15:57:38+00:00","article_modified_time":"2024-07-01T18:21:13+00:00","og_image":[{"width":2560,"height":1707,"url":"https:\/\/www.fcfamalicao.pt\/wp-content\/uploads\/2024\/07\/dia1_tarde140-scaled.jpg","type":"image\/jpeg"}],"author":"fcfamalicao fcfamalicao","twitter_card":"summary_large_image","twitter_creator":"@fcf1931_oficial","twitter_site":"@fcf1931_oficial","twitter_misc":{"Written by":"fcfamalicao fcfamalicao","Est. reading time":"2 minutes"},"schema":{"@context":"https:\/\/schema.org","@graph":[{"@type":"Article","@id":"https:\/\/www.fcfamalicao.pt\/en\/arranque-da-temporada-2024-25\/#article","isPartOf":{"@id":"https:\/\/www.fcfamalicao.pt\/en\/arranque-da-temporada-2024-25\/"},"author":{"name":"fcfamalicao fcfamalicao","@id":"https:\/\/www.fcfamalicao.pt\/en\/#\/schema\/person\/713a4d367f5259360c363ad35dad9247"},"headline":"Arranque da temporada 2024\/25","datePublished":"2024-07-01T15:57:38+00:00","dateModified":"2024-07-01T18:21:13+00:00","mainEntityOfPage":{"@id":"https:\/\/www.fcfamalicao.pt\/en\/arranque-da-temporada-2024-25\/"},"wordCount":133,"publisher":{"@id":"https:\/\/www.fcfamalicao.pt\/en\/#organization"},"image":{"@id":"https:\/\/www.fcfamalicao.pt\/en\/arranque-da-temporada-2024-25\/#primaryimage"},"thumbnailUrl":"https:\/\/www.fcfamalicao.pt\/wp-content\/uploads\/2024\/07\/dia1_tarde140-scaled.jpg","articleSection":["Not\u00edcias"],"inLanguage":"en-US"},{"@type":"WebPage","@id":"https:\/\/www.fcfamalicao.pt\/en\/arranque-da-temporada-2024-25\/","url":"https:\/\/www.fcfamalicao.pt\/en\/arranque-da-temporada-2024-25\/","name":"Arranque da temporada 2024\/25 - FC Famalic\u00e3o","isPartOf":{"@id":"https:\/\/www.fcfamalicao.pt\/en\/#website"},"primaryImageOfPage":{"@id":"https:\/\/www.fcfamalicao.pt\/en\/arranque-da-temporada-2024-25\/#primaryimage"},"image":{"@id":"https:\/\/www.fcfamalicao.pt\/en\/arranque-da-temporada-2024-25\/#primaryimage"},"thumbnailUrl":"https:\/\/www.fcfamalicao.pt\/wp-content\/uploads\/2024\/07\/dia1_tarde140-scaled.jpg","datePublished":"2024-07-01T15:57:38+00:00","dateModified":"2024-07-01T18:21:13+00:00","breadcrumb":{"@id":"https:\/\/www.fcfamalicao.pt\/en\/arranque-da-temporada-2024-25\/#breadcrumb"},"inLanguage":"en-US","potentialAction":[{"@type":"ReadAction","target":["https:\/\/www.fcfamalicao.pt\/en\/arranque-da-temporada-2024-25\/"]}]},{"@type":"ImageObject","inLanguage":"en-US","@id":"https:\/\/www.fcfamalicao.pt\/en\/arranque-da-temporada-2024-25\/#primaryimage","url":"https:\/\/www.fcfamalicao.pt\/wp-content\/uploads\/2024\/07\/dia1_tarde140-scaled.jpg","contentUrl":"https:\/\/www.fcfamalicao.pt\/wp-content\/uploads\/2024\/07\/dia1_tarde140-scaled.jpg","width":2560,"height":1707},{"@type":"BreadcrumbList","@id":"https:\/\/www.fcfamalicao.pt\/en\/arranque-da-temporada-2024-25\/#breadcrumb","itemListElement":[{"@type":"ListItem","position":1,"name":"Home","item":"https:\/\/www.fcfamalicao.pt\/en\/"},{"@type":"ListItem","position":2,"name":"Arranque da temporada 2024\/25"}]},{"@type":"WebSite","@id":"https:\/\/www.fcfamalicao.pt\/en\/#website","url":"https:\/\/www.fcfamalicao.pt\/en\/","name":"FC Famalic\u00e3o","description":"Site oficial do Futebol Clube Famalic\u00e3o. #AMORDEPERDI\u00c7\u00c3O","publisher":{"@id":"https:\/\/www.fcfamalicao.pt\/en\/#organization"},"potentialAction":[{"@type":"SearchAction","target":{"@type":"EntryPoint","urlTemplate":"https:\/\/www.fcfamalicao.pt\/en\/?s={search_term_string}"},"query-input":{"@type":"PropertyValueSpecification","valueRequired":true,"valueName":"search_term_string"}}],"inLanguage":"en-US"},{"@type":"Organization","@id":"https:\/\/www.fcfamalicao.pt\/en\/#organization","name":"FC Famalic\u00e3o","url":"https:\/\/www.fcfamalicao.pt\/en\/","logo":{"@type":"ImageObject","inLanguage":"en-US","@id":"https:\/\/www.fcfamalicao.pt\/en\/#\/schema\/logo\/image\/","url":"https:\/\/www.fcfamalicao.pt\/wp-content\/uploads\/2018\/11\/fcf-logo.png","contentUrl":"https:\/\/www.fcfamalicao.pt\/wp-content\/uploads\/2018\/11\/fcf-logo.png","width":150,"height":143,"caption":"FC Famalic\u00e3o"},"image":{"@id":"https:\/\/www.fcfamalicao.pt\/en\/#\/schema\/logo\/image\/"},"sameAs":["https:\/\/www.facebook.com\/FCFamalicao\/","https:\/\/x.com\/fcf1931_oficial","https:\/\/www.instagram.com\/futebolclubefamalicao\/","https:\/\/www.youtube.com\/FCFamalicao1931"]},{"@type":"Person","@id":"https:\/\/www.fcfamalicao.pt\/en\/#\/schema\/person\/713a4d367f5259360c363ad35dad9247","name":"fcfamalicao fcfamalicao","image":{"@type":"ImageObject","inLanguage":"en-US","@id":"https:\/\/www.fcfamalicao.pt\/en\/#\/schema\/person\/image\/","url":"https:\/\/secure.gravatar.com\/avatar\/b37399ebd6c6b1f9808b97ddeec50eb3b762cc626cb1e17e3a8b30044160d118?s=96&d=mm&r=g","contentUrl":"https:\/\/secure.gravatar.com\/avatar\/b37399ebd6c6b1f9808b97ddeec50eb3b762cc626cb1e17e3a8b30044160d118?s=96&d=mm&r=g","caption":"fcfamalicao fcfamalicao"}}]}},"_links":{"self":[{"href":"https:\/\/www.fcfamalicao.pt\/en\/wp-json\/wp\/v2\/posts\/43572","targetHints":{"allow":["GET"]}}],"collection":[{"href":"https:\/\/www.fcfamalicao.pt\/en\/wp-json\/wp\/v2\/posts"}],"about":[{"href":"https:\/\/www.fcfamalicao.pt\/en\/wp-json\/wp\/v2\/types\/post"}],"author":[{"embeddable":true,"href":"https:\/\/www.fcfamalicao.pt\/en\/wp-json\/wp\/v2\/users\/2"}],"replies":[{"embeddable":true,"href":"https:\/\/www.fcfamalicao.pt\/en\/wp-json\/wp\/v2\/comments?post=43572"}],"version-history":[{"count":0,"href":"https:\/\/www.fcfamalicao.pt\/en\/wp-json\/wp\/v2\/posts\/43572\/revisions"}],"wp:featuredmedia":[{"embeddable":true,"href":"https:\/\/www.fcfamalicao.pt\/en\/wp-json\/wp\/v2\/media\/43573"}],"wp:attachment":[{"href":"https:\/\/www.fcfamalicao.pt\/en\/wp-json\/wp\/v2\/media?parent=43572"}],"wp:term":[{"taxonomy":"category","embeddable":true,"href":"https:\/\/www.fcfamalicao.pt\/en\/wp-json\/wp\/v2\/categories?post=43572"},{"taxonomy":"post_tag","embeddable":true,"href":"https:\/\/www.fcfamalicao.pt\/en\/wp-json\/wp\/v2\/tags?post=43572"}],"curies":[{"name":"wp","href":"https:\/\/api.w.org\/{rel}","templated":true}]}}