{"id":49992,"date":"2025-04-14T10:46:16","date_gmt":"2025-04-14T09:46:16","guid":{"rendered":"https:\/\/www.fcfamalicao.pt\/?p=49992"},"modified":"2025-04-14T10:53:12","modified_gmt":"2025-04-14T09:53:12","slug":"nova-vitoria-no-municipal-e-mais-um-recorde-igualado","status":"publish","type":"post","link":"https:\/\/www.fcfamalicao.pt\/en\/nova-vitoria-no-municipal-e-mais-um-recorde-igualado\/","title":{"rendered":"Nova vit\u00f3ria no Municipal e mais um recorde igualado"},"content":{"rendered":"<p>O Futebol Clube de Famalic\u00e3o voltou a fazer valer o fator casa na rece\u00e7\u00e3o ao Grupo Desportivo Estoril Praia. O conjunto orientado por Hugo Oliveira bateu os estorilistas por 3-0 em partida referente \u00e0 29.\u00aa jornada da Liga Portugal Betclic e alcan\u00e7ou a quarta vit\u00f3ria caseira de forma consecutiva, igualando recordes que datavam das temporadas 1990\/91 e 2019\/20.<\/p>\n<p>Num duelo entre duas equipas que viviam um bom momento de forma, patenteado na tabela classificativa, a equipa famalicense poderia ter inaugurado o marcador logo na madrugada. Na sequ\u00eancia de um pontap\u00e9 de canto, Enea Mihaj desviou de cabe\u00e7a e Gustavo S\u00e1 esteve perto de abrir o ativo ao segundo poste. Os estorilistas responderam pouco depois, com o guardi\u00e3o Lazar Carevi\u0107 a fechar a baliza com uma enorme defesa.<\/p>\n<p>A baliza defendida por Joel Robles voltaria a ser amea\u00e7ada em mais dois lances ainda antes do intervalo. Num primeiro momento, Rodrigo Pinheiro explorou o flanco direito e rematou ao lado, seguindo-se um cabeceamento muito perigoso de \u00d3scar Aranda.<\/p>\n<p>Seria do p\u00e9 direito do espanhol que viria a nascer o primeiro golo da tarde. O camisola 11 descobriu Sorriso no corredor direito, o brasileiro tirou um advers\u00e1rio do caminho e rematou \u00e0 baliza, acabando por assinar o oitavo tento na temporada.<\/p>\n<p>Este momento teve o cond\u00e3o de embalar a equipa para uma segunda parte de muito bom n\u00edvel, com o avolumar do resultado a ser a consequ\u00eancia l\u00f3gica deste ascendente. \u00d3scar Aranda e Sorriso voltariam a estar em plano de destaque, com a dupla a deixar V\u00e1clav Sejk na cara do guarda-redes. O avan\u00e7ado checo n\u00e3o se fez rogado e faturou poucos minutos depois de ter entrado.<\/p>\n<p>A f\u00f3rmula viria a ser repetida j\u00e1 em tempo de compensa\u00e7\u00e3o. Assistido por Pedro Bondo, o rec\u00e9m-entrado Gil Dias repetiu a fa\u00e7anha de V\u00e1clav Sejk e fechou as contas da terceira vit\u00f3ria consecutiva na presente edi\u00e7\u00e3o da Liga Portugal Betclic e a quarta seguida na condi\u00e7\u00e3o de visitado.<\/p>\n<p>FC Famalic\u00e3o 3-0 GD Estoril Praia<br \/>\nEst\u00e1dio Municipal de Famalic\u00e3o<br \/>\n\u00c1rbitro: Miguel Fonseca<\/p>\n<p>FC Famalic\u00e3o &#8211; Lazar Carevi\u0107, Rodrigo Pinheiro, Enea Mihaj, Justin de Haas, Pedro Bondo, Tom van de Looi, Mirko Topi\u0107, Gustavo S\u00e1 (Samuel Lobato 86&#8242;), Sorriso, Simon Elisor (V\u00e1clav Sejk 68&#8242;) e \u00d3scar Aranda (Gil Dias 90&#8242;)<\/p>\n<p>GD Estoril Praia &#8211; Joel Robles, K\u00e9vin Boma, Felix Bacher, Pedro \u00c1lvaro (Fabr\u00edcio Garcia 64&#8242;), Wagner Pina (Pedro Carvalho 82&#8242;), Vin\u00edcius Zanocelo (Israel Salazar 82&#8242;), Jordan Holsgrove, Pedro Amaral, Yanis Begraoui (Rafik Guitane 64&#8242;), Andr\u00e9 Lacximicant (Alejandro Marqu\u00e9s 68&#8242;) e Jo\u00e3o Carvalho<\/p>\n<p>Golos. Sorisso (63&#8242;), V\u00e1clav Sejk (72&#8242;) e Gil Dias (90+3&#8242;)<\/p>\n<p>Cart\u00f5es Amarelos: Felix Bacher (34&#8242;), Sorriso (51&#8242;), Wagner Pina (66&#8242;), Mirko Topi\u0107 (69&#8242;), Rodrigo Pinheiro (78&#8242;), Pedro Amaral (82&#8242;) e Jo\u00e3o Carvalho (90+2&#8242;)<\/p>\n<p>&nbsp;<\/p>\n","protected":false},"excerpt":{"rendered":"<p>O Futebol Clube de Famalic\u00e3o voltou a fazer valer o fator casa na rece\u00e7\u00e3o ao Grupo Desportivo Estoril Praia. O conjunto orientado por Hugo Oliveira bateu os estorilistas por 3-0 em partida referente \u00e0 29.\u00aa jornada da Liga Portugal Betclic e alcan\u00e7ou a quarta vit\u00f3ria caseira de forma consecutiva, igualando&hellip;<\/p>\n","protected":false},"author":2,"featured_media":49997,"comment_status":"closed","ping_status":"closed","sticky":false,"template":"","format":"standard","meta":{"_acf_changed":false,"footnotes":""},"categories":[1],"tags":[],"class_list":["post-49992","post","type-post","status-publish","format-standard","has-post-thumbnail","hentry","category-noticias"],"acf":[],"yoast_head":"<!-- This site is optimized with the Yoast SEO plugin v27.1.1 - https:\/\/yoast.com\/product\/yoast-seo-wordpress\/ -->\n<title>Nova vit\u00f3ria no Municipal e mais um recorde igualado - FC Famalic\u00e3o<\/title>\n<meta name=\"robots\" content=\"index, follow, max-snippet:-1, max-image-preview:large, max-video-preview:-1\" \/>\n<link rel=\"canonical\" href=\"https:\/\/www.fcfamalicao.pt\/en\/nova-vitoria-no-municipal-e-mais-um-recorde-igualado\/\" \/>\n<meta property=\"og:locale\" content=\"en_US\" \/>\n<meta property=\"og:type\" content=\"article\" \/>\n<meta property=\"og:title\" content=\"Nova vit\u00f3ria no Municipal e mais um recorde igualado - FC Famalic\u00e3o\" \/>\n<meta property=\"og:description\" content=\"O Futebol Clube de Famalic\u00e3o voltou a fazer valer o fator casa na rece\u00e7\u00e3o ao Grupo Desportivo Estoril Praia. O conjunto orientado por Hugo Oliveira bateu os estorilistas por 3-0 em partida referente \u00e0 29.\u00aa jornada da Liga Portugal Betclic e alcan\u00e7ou a quarta vit\u00f3ria caseira de forma consecutiva, igualando&hellip;\" \/>\n<meta property=\"og:url\" content=\"https:\/\/www.fcfamalicao.pt\/en\/nova-vitoria-no-municipal-e-mais-um-recorde-igualado\/\" \/>\n<meta property=\"og:site_name\" content=\"FC Famalic\u00e3o\" \/>\n<meta property=\"article:publisher\" content=\"https:\/\/www.facebook.com\/FCFamalicao\/\" \/>\n<meta property=\"article:published_time\" content=\"2025-04-14T09:46:16+00:00\" \/>\n<meta property=\"article:modified_time\" content=\"2025-04-14T09:53:12+00:00\" \/>\n<meta property=\"og:image\" content=\"https:\/\/www.fcfamalicao.pt\/wp-content\/uploads\/2025\/04\/vs_estoril685-1-scaled.jpg\" \/>\n\t<meta property=\"og:image:width\" content=\"2560\" \/>\n\t<meta property=\"og:image:height\" content=\"1169\" \/>\n\t<meta property=\"og:image:type\" content=\"image\/jpeg\" \/>\n<meta name=\"author\" content=\"fcfamalicao fcfamalicao\" \/>\n<meta name=\"twitter:card\" content=\"summary_large_image\" \/>\n<meta name=\"twitter:creator\" content=\"@fcf1931_oficial\" \/>\n<meta name=\"twitter:site\" content=\"@fcf1931_oficial\" \/>\n<meta name=\"twitter:label1\" content=\"Written by\" \/>\n\t<meta name=\"twitter:data1\" content=\"fcfamalicao fcfamalicao\" \/>\n\t<meta name=\"twitter:label2\" content=\"Est. reading time\" \/>\n\t<meta name=\"twitter:data2\" content=\"3 minutes\" \/>\n<script type=\"application\/ld+json\" class=\"yoast-schema-graph\">{\"@context\":\"https:\/\/schema.org\",\"@graph\":[{\"@type\":\"Article\",\"@id\":\"https:\/\/www.fcfamalicao.pt\/en\/nova-vitoria-no-municipal-e-mais-um-recorde-igualado\/#article\",\"isPartOf\":{\"@id\":\"https:\/\/www.fcfamalicao.pt\/en\/nova-vitoria-no-municipal-e-mais-um-recorde-igualado\/\"},\"author\":{\"name\":\"fcfamalicao fcfamalicao\",\"@id\":\"https:\/\/www.fcfamalicao.pt\/en\/#\/schema\/person\/713a4d367f5259360c363ad35dad9247\"},\"headline\":\"Nova vit\u00f3ria no Municipal e mais um recorde igualado\",\"datePublished\":\"2025-04-14T09:46:16+00:00\",\"dateModified\":\"2025-04-14T09:53:12+00:00\",\"mainEntityOfPage\":{\"@id\":\"https:\/\/www.fcfamalicao.pt\/en\/nova-vitoria-no-municipal-e-mais-um-recorde-igualado\/\"},\"wordCount\":471,\"publisher\":{\"@id\":\"https:\/\/www.fcfamalicao.pt\/en\/#organization\"},\"image\":{\"@id\":\"https:\/\/www.fcfamalicao.pt\/en\/nova-vitoria-no-municipal-e-mais-um-recorde-igualado\/#primaryimage\"},\"thumbnailUrl\":\"https:\/\/www.fcfamalicao.pt\/wp-content\/uploads\/2025\/04\/vs_estoril685-1-scaled.jpg\",\"articleSection\":[\"Not\u00edcias\"],\"inLanguage\":\"en-US\"},{\"@type\":\"WebPage\",\"@id\":\"https:\/\/www.fcfamalicao.pt\/en\/nova-vitoria-no-municipal-e-mais-um-recorde-igualado\/\",\"url\":\"https:\/\/www.fcfamalicao.pt\/en\/nova-vitoria-no-municipal-e-mais-um-recorde-igualado\/\",\"name\":\"Nova vit\u00f3ria no Municipal e mais um recorde igualado - FC Famalic\u00e3o\",\"isPartOf\":{\"@id\":\"https:\/\/www.fcfamalicao.pt\/en\/#website\"},\"primaryImageOfPage\":{\"@id\":\"https:\/\/www.fcfamalicao.pt\/en\/nova-vitoria-no-municipal-e-mais-um-recorde-igualado\/#primaryimage\"},\"image\":{\"@id\":\"https:\/\/www.fcfamalicao.pt\/en\/nova-vitoria-no-municipal-e-mais-um-recorde-igualado\/#primaryimage\"},\"thumbnailUrl\":\"https:\/\/www.fcfamalicao.pt\/wp-content\/uploads\/2025\/04\/vs_estoril685-1-scaled.jpg\",\"datePublished\":\"2025-04-14T09:46:16+00:00\",\"dateModified\":\"2025-04-14T09:53:12+00:00\",\"breadcrumb\":{\"@id\":\"https:\/\/www.fcfamalicao.pt\/en\/nova-vitoria-no-municipal-e-mais-um-recorde-igualado\/#breadcrumb\"},\"inLanguage\":\"en-US\",\"potentialAction\":[{\"@type\":\"ReadAction\",\"target\":[\"https:\/\/www.fcfamalicao.pt\/en\/nova-vitoria-no-municipal-e-mais-um-recorde-igualado\/\"]}]},{\"@type\":\"ImageObject\",\"inLanguage\":\"en-US\",\"@id\":\"https:\/\/www.fcfamalicao.pt\/en\/nova-vitoria-no-municipal-e-mais-um-recorde-igualado\/#primaryimage\",\"url\":\"https:\/\/www.fcfamalicao.pt\/wp-content\/uploads\/2025\/04\/vs_estoril685-1-scaled.jpg\",\"contentUrl\":\"https:\/\/www.fcfamalicao.pt\/wp-content\/uploads\/2025\/04\/vs_estoril685-1-scaled.jpg\",\"width\":2560,\"height\":1169},{\"@type\":\"BreadcrumbList\",\"@id\":\"https:\/\/www.fcfamalicao.pt\/en\/nova-vitoria-no-municipal-e-mais-um-recorde-igualado\/#breadcrumb\",\"itemListElement\":[{\"@type\":\"ListItem\",\"position\":1,\"name\":\"Home\",\"item\":\"https:\/\/www.fcfamalicao.pt\/en\/\"},{\"@type\":\"ListItem\",\"position\":2,\"name\":\"Nova vit\u00f3ria no Municipal e mais um recorde igualado\"}]},{\"@type\":\"WebSite\",\"@id\":\"https:\/\/www.fcfamalicao.pt\/en\/#website\",\"url\":\"https:\/\/www.fcfamalicao.pt\/en\/\",\"name\":\"FC Famalic\u00e3o\",\"description\":\"Site oficial do Futebol Clube Famalic\u00e3o. #AMORDEPERDI\u00c7\u00c3O\",\"publisher\":{\"@id\":\"https:\/\/www.fcfamalicao.pt\/en\/#organization\"},\"potentialAction\":[{\"@type\":\"SearchAction\",\"target\":{\"@type\":\"EntryPoint\",\"urlTemplate\":\"https:\/\/www.fcfamalicao.pt\/en\/?s={search_term_string}\"},\"query-input\":{\"@type\":\"PropertyValueSpecification\",\"valueRequired\":true,\"valueName\":\"search_term_string\"}}],\"inLanguage\":\"en-US\"},{\"@type\":\"Organization\",\"@id\":\"https:\/\/www.fcfamalicao.pt\/en\/#organization\",\"name\":\"FC Famalic\u00e3o\",\"url\":\"https:\/\/www.fcfamalicao.pt\/en\/\",\"logo\":{\"@type\":\"ImageObject\",\"inLanguage\":\"en-US\",\"@id\":\"https:\/\/www.fcfamalicao.pt\/en\/#\/schema\/logo\/image\/\",\"url\":\"https:\/\/www.fcfamalicao.pt\/wp-content\/uploads\/2018\/11\/fcf-logo.png\",\"contentUrl\":\"https:\/\/www.fcfamalicao.pt\/wp-content\/uploads\/2018\/11\/fcf-logo.png\",\"width\":150,\"height\":143,\"caption\":\"FC Famalic\u00e3o\"},\"image\":{\"@id\":\"https:\/\/www.fcfamalicao.pt\/en\/#\/schema\/logo\/image\/\"},\"sameAs\":[\"https:\/\/www.facebook.com\/FCFamalicao\/\",\"https:\/\/x.com\/fcf1931_oficial\",\"https:\/\/www.instagram.com\/futebolclubefamalicao\/\",\"https:\/\/www.youtube.com\/FCFamalicao1931\"]},{\"@type\":\"Person\",\"@id\":\"https:\/\/www.fcfamalicao.pt\/en\/#\/schema\/person\/713a4d367f5259360c363ad35dad9247\",\"name\":\"fcfamalicao fcfamalicao\",\"image\":{\"@type\":\"ImageObject\",\"inLanguage\":\"en-US\",\"@id\":\"https:\/\/www.fcfamalicao.pt\/en\/#\/schema\/person\/image\/\",\"url\":\"https:\/\/secure.gravatar.com\/avatar\/b37399ebd6c6b1f9808b97ddeec50eb3b762cc626cb1e17e3a8b30044160d118?s=96&d=mm&r=g\",\"contentUrl\":\"https:\/\/secure.gravatar.com\/avatar\/b37399ebd6c6b1f9808b97ddeec50eb3b762cc626cb1e17e3a8b30044160d118?s=96&d=mm&r=g\",\"caption\":\"fcfamalicao fcfamalicao\"}}]}<\/script>\n<!-- \/ Yoast SEO plugin. -->","yoast_head_json":{"title":"Nova vit\u00f3ria no Municipal e mais um recorde igualado - FC Famalic\u00e3o","robots":{"index":"index","follow":"follow","max-snippet":"max-snippet:-1","max-image-preview":"max-image-preview:large","max-video-preview":"max-video-preview:-1"},"canonical":"https:\/\/www.fcfamalicao.pt\/en\/nova-vitoria-no-municipal-e-mais-um-recorde-igualado\/","og_locale":"en_US","og_type":"article","og_title":"Nova vit\u00f3ria no Municipal e mais um recorde igualado - FC Famalic\u00e3o","og_description":"O Futebol Clube de Famalic\u00e3o voltou a fazer valer o fator casa na rece\u00e7\u00e3o ao Grupo Desportivo Estoril Praia. O conjunto orientado por Hugo Oliveira bateu os estorilistas por 3-0 em partida referente \u00e0 29.\u00aa jornada da Liga Portugal Betclic e alcan\u00e7ou a quarta vit\u00f3ria caseira de forma consecutiva, igualando&hellip;","og_url":"https:\/\/www.fcfamalicao.pt\/en\/nova-vitoria-no-municipal-e-mais-um-recorde-igualado\/","og_site_name":"FC Famalic\u00e3o","article_publisher":"https:\/\/www.facebook.com\/FCFamalicao\/","article_published_time":"2025-04-14T09:46:16+00:00","article_modified_time":"2025-04-14T09:53:12+00:00","og_image":[{"width":2560,"height":1169,"url":"https:\/\/www.fcfamalicao.pt\/wp-content\/uploads\/2025\/04\/vs_estoril685-1-scaled.jpg","type":"image\/jpeg"}],"author":"fcfamalicao fcfamalicao","twitter_card":"summary_large_image","twitter_creator":"@fcf1931_oficial","twitter_site":"@fcf1931_oficial","twitter_misc":{"Written by":"fcfamalicao fcfamalicao","Est. reading time":"3 minutes"},"schema":{"@context":"https:\/\/schema.org","@graph":[{"@type":"Article","@id":"https:\/\/www.fcfamalicao.pt\/en\/nova-vitoria-no-municipal-e-mais-um-recorde-igualado\/#article","isPartOf":{"@id":"https:\/\/www.fcfamalicao.pt\/en\/nova-vitoria-no-municipal-e-mais-um-recorde-igualado\/"},"author":{"name":"fcfamalicao fcfamalicao","@id":"https:\/\/www.fcfamalicao.pt\/en\/#\/schema\/person\/713a4d367f5259360c363ad35dad9247"},"headline":"Nova vit\u00f3ria no Municipal e mais um recorde igualado","datePublished":"2025-04-14T09:46:16+00:00","dateModified":"2025-04-14T09:53:12+00:00","mainEntityOfPage":{"@id":"https:\/\/www.fcfamalicao.pt\/en\/nova-vitoria-no-municipal-e-mais-um-recorde-igualado\/"},"wordCount":471,"publisher":{"@id":"https:\/\/www.fcfamalicao.pt\/en\/#organization"},"image":{"@id":"https:\/\/www.fcfamalicao.pt\/en\/nova-vitoria-no-municipal-e-mais-um-recorde-igualado\/#primaryimage"},"thumbnailUrl":"https:\/\/www.fcfamalicao.pt\/wp-content\/uploads\/2025\/04\/vs_estoril685-1-scaled.jpg","articleSection":["Not\u00edcias"],"inLanguage":"en-US"},{"@type":"WebPage","@id":"https:\/\/www.fcfamalicao.pt\/en\/nova-vitoria-no-municipal-e-mais-um-recorde-igualado\/","url":"https:\/\/www.fcfamalicao.pt\/en\/nova-vitoria-no-municipal-e-mais-um-recorde-igualado\/","name":"Nova vit\u00f3ria no Municipal e mais um recorde igualado - FC Famalic\u00e3o","isPartOf":{"@id":"https:\/\/www.fcfamalicao.pt\/en\/#website"},"primaryImageOfPage":{"@id":"https:\/\/www.fcfamalicao.pt\/en\/nova-vitoria-no-municipal-e-mais-um-recorde-igualado\/#primaryimage"},"image":{"@id":"https:\/\/www.fcfamalicao.pt\/en\/nova-vitoria-no-municipal-e-mais-um-recorde-igualado\/#primaryimage"},"thumbnailUrl":"https:\/\/www.fcfamalicao.pt\/wp-content\/uploads\/2025\/04\/vs_estoril685-1-scaled.jpg","datePublished":"2025-04-14T09:46:16+00:00","dateModified":"2025-04-14T09:53:12+00:00","breadcrumb":{"@id":"https:\/\/www.fcfamalicao.pt\/en\/nova-vitoria-no-municipal-e-mais-um-recorde-igualado\/#breadcrumb"},"inLanguage":"en-US","potentialAction":[{"@type":"ReadAction","target":["https:\/\/www.fcfamalicao.pt\/en\/nova-vitoria-no-municipal-e-mais-um-recorde-igualado\/"]}]},{"@type":"ImageObject","inLanguage":"en-US","@id":"https:\/\/www.fcfamalicao.pt\/en\/nova-vitoria-no-municipal-e-mais-um-recorde-igualado\/#primaryimage","url":"https:\/\/www.fcfamalicao.pt\/wp-content\/uploads\/2025\/04\/vs_estoril685-1-scaled.jpg","contentUrl":"https:\/\/www.fcfamalicao.pt\/wp-content\/uploads\/2025\/04\/vs_estoril685-1-scaled.jpg","width":2560,"height":1169},{"@type":"BreadcrumbList","@id":"https:\/\/www.fcfamalicao.pt\/en\/nova-vitoria-no-municipal-e-mais-um-recorde-igualado\/#breadcrumb","itemListElement":[{"@type":"ListItem","position":1,"name":"Home","item":"https:\/\/www.fcfamalicao.pt\/en\/"},{"@type":"ListItem","position":2,"name":"Nova vit\u00f3ria no Municipal e mais um recorde igualado"}]},{"@type":"WebSite","@id":"https:\/\/www.fcfamalicao.pt\/en\/#website","url":"https:\/\/www.fcfamalicao.pt\/en\/","name":"FC Famalic\u00e3o","description":"Site oficial do Futebol Clube Famalic\u00e3o. #AMORDEPERDI\u00c7\u00c3O","publisher":{"@id":"https:\/\/www.fcfamalicao.pt\/en\/#organization"},"potentialAction":[{"@type":"SearchAction","target":{"@type":"EntryPoint","urlTemplate":"https:\/\/www.fcfamalicao.pt\/en\/?s={search_term_string}"},"query-input":{"@type":"PropertyValueSpecification","valueRequired":true,"valueName":"search_term_string"}}],"inLanguage":"en-US"},{"@type":"Organization","@id":"https:\/\/www.fcfamalicao.pt\/en\/#organization","name":"FC Famalic\u00e3o","url":"https:\/\/www.fcfamalicao.pt\/en\/","logo":{"@type":"ImageObject","inLanguage":"en-US","@id":"https:\/\/www.fcfamalicao.pt\/en\/#\/schema\/logo\/image\/","url":"https:\/\/www.fcfamalicao.pt\/wp-content\/uploads\/2018\/11\/fcf-logo.png","contentUrl":"https:\/\/www.fcfamalicao.pt\/wp-content\/uploads\/2018\/11\/fcf-logo.png","width":150,"height":143,"caption":"FC Famalic\u00e3o"},"image":{"@id":"https:\/\/www.fcfamalicao.pt\/en\/#\/schema\/logo\/image\/"},"sameAs":["https:\/\/www.facebook.com\/FCFamalicao\/","https:\/\/x.com\/fcf1931_oficial","https:\/\/www.instagram.com\/futebolclubefamalicao\/","https:\/\/www.youtube.com\/FCFamalicao1931"]},{"@type":"Person","@id":"https:\/\/www.fcfamalicao.pt\/en\/#\/schema\/person\/713a4d367f5259360c363ad35dad9247","name":"fcfamalicao fcfamalicao","image":{"@type":"ImageObject","inLanguage":"en-US","@id":"https:\/\/www.fcfamalicao.pt\/en\/#\/schema\/person\/image\/","url":"https:\/\/secure.gravatar.com\/avatar\/b37399ebd6c6b1f9808b97ddeec50eb3b762cc626cb1e17e3a8b30044160d118?s=96&d=mm&r=g","contentUrl":"https:\/\/secure.gravatar.com\/avatar\/b37399ebd6c6b1f9808b97ddeec50eb3b762cc626cb1e17e3a8b30044160d118?s=96&d=mm&r=g","caption":"fcfamalicao fcfamalicao"}}]}},"_links":{"self":[{"href":"https:\/\/www.fcfamalicao.pt\/en\/wp-json\/wp\/v2\/posts\/49992","targetHints":{"allow":["GET"]}}],"collection":[{"href":"https:\/\/www.fcfamalicao.pt\/en\/wp-json\/wp\/v2\/posts"}],"about":[{"href":"https:\/\/www.fcfamalicao.pt\/en\/wp-json\/wp\/v2\/types\/post"}],"author":[{"embeddable":true,"href":"https:\/\/www.fcfamalicao.pt\/en\/wp-json\/wp\/v2\/users\/2"}],"replies":[{"embeddable":true,"href":"https:\/\/www.fcfamalicao.pt\/en\/wp-json\/wp\/v2\/comments?post=49992"}],"version-history":[{"count":0,"href":"https:\/\/www.fcfamalicao.pt\/en\/wp-json\/wp\/v2\/posts\/49992\/revisions"}],"wp:featuredmedia":[{"embeddable":true,"href":"https:\/\/www.fcfamalicao.pt\/en\/wp-json\/wp\/v2\/media\/49997"}],"wp:attachment":[{"href":"https:\/\/www.fcfamalicao.pt\/en\/wp-json\/wp\/v2\/media?parent=49992"}],"wp:term":[{"taxonomy":"category","embeddable":true,"href":"https:\/\/www.fcfamalicao.pt\/en\/wp-json\/wp\/v2\/categories?post=49992"},{"taxonomy":"post_tag","embeddable":true,"href":"https:\/\/www.fcfamalicao.pt\/en\/wp-json\/wp\/v2\/tags?post=49992"}],"curies":[{"name":"wp","href":"https:\/\/api.w.org\/{rel}","templated":true}]}}