{"id":51600,"date":"2025-08-17T11:01:03","date_gmt":"2025-08-17T10:01:03","guid":{"rendered":"https:\/\/www.fcfamalicao.pt\/?p=51600"},"modified":"2025-08-18T11:34:33","modified_gmt":"2025-08-18T10:34:33","slug":"um-golo-a-grande-e-a-frances-decidiu-em-rio-maior","status":"publish","type":"post","link":"https:\/\/www.fcfamalicao.pt\/en\/um-golo-a-grande-e-a-frances-decidiu-em-rio-maior\/","title":{"rendered":"Um golo \u00e0 grande e \u00e0 franc\u00eas decidiu em Rio Maior"},"content":{"rendered":"<p>O Futebol Clube de Famalic\u00e3o somou tr\u00eas pontos na desloca\u00e7\u00e3o a Rio Maior, ao vencer o Clube Desportivo Tondela por 0-1. O franc\u00eas Simon Elisor decidiu a partida da 2.\u00aa jornada da Liga Portugal Betclic e deixou a nossa equipa no topo da classifica\u00e7\u00e3o, com seis pontos em dois jogos.<\/p>\n<p>Num duelo em que as altas temperaturas se fizeram sentir, a equipa orientada por Hugo Oliveira tentou &#8216;pegar&#8217; no jogo desde os minutos iniciais. Foram v\u00e1rias as aproxima\u00e7\u00f5es \u00e0 baliza contr\u00e1ria durante a primeira metade, mas faltou melhor defini\u00e7\u00e3o na conclus\u00e3o das jogadas para que esse dom\u00ednio se efetivasse em termos de resultado.<\/p>\n<p>O emblema beir\u00e3o reentrou melhor ap\u00f3s o intervalo e disp\u00f4s inclusivamente de duas boas ocasi\u00f5es para inaugurar o marcador. No entanto, as tentativas da equipa da casa esbarraram nos ferros da baliza famalicense.<\/p>\n<p>O Futebol Clube de Famalic\u00e3o recomp\u00f4s-se destes sustos na fase inicial da etapa complementar e voltou a assumir as despesas do jogo. Um remate perigoso de Gustavo S\u00e1, que saiu a rasar o poste, foi o mote para uma meia hora final de total dom\u00ednio dos famalicenses. O corol\u00e1rio desse retomar da tend\u00eancia da primeira metade surgiria aos 69 minutos, numa finaliza\u00e7\u00e3o primorosa de Simon Elisor. Sorriso encarou o advers\u00e1rio direto, jogou em Mathias de Amorim e o camisola 14 descobriu o avan\u00e7ado franc\u00eas \u00e0 entrada da \u00e1rea. O &#8216;resto&#8217; acabaria por ficar a cargo de Simon Elisor, que, com um brilhante remate de p\u00e9 esquerdo, atirou a contar para o fundo das redes.<\/p>\n<p>Em vantagem no marcador, os famalicenses fecharam completamente todos os caminhos para a baliza de Lazar Carevi\u0107. A equipa revelou enorme organiza\u00e7\u00e3o e maturidade, conservando a posse de bola e sempre a espreitar o avolumar do resultado. O triunfo viria a ser confirmado pela margem m\u00ednima, justificado por mais uma exibi\u00e7\u00e3o consistente da equipa orientada por Hugo Oliveira.<\/p>\n<p><iframe loading=\"lazy\" title=\"CD Tondela x FC Famalic\u00e3o | 2.\u00aa jornada I Liga 25\/26\" width=\"500\" height=\"281\" src=\"https:\/\/www.youtube.com\/embed\/HAMEAIWiyX8?feature=oembed&#038;enablejsapi=1&#038;origin=https:\/\/www.fcfamalicao.pt\" frameborder=\"0\" allow=\"accelerometer; autoplay; clipboard-write; encrypted-media; gyroscope; picture-in-picture; web-share\" referrerpolicy=\"strict-origin-when-cross-origin\" allowfullscreen><\/iframe><\/p>\n<p>CD Tondela &#8211; Bernardo Fontes, Tiago Manso, Christian Marques, Jo\u00e3o Afonso, Nor Maviram, Xabi Huarte (Pedro Maranh\u00e3o 46&#8242;), C\u00edcero (Juan Rodr\u00edguez 41&#8242;), Yarlen (Yefrei Rodr\u00edguez 67&#8242;), Joe Hodge (H\u00e9lder Tavares 87&#8242;), Moudjatovic (Afonso Rodrigues 67&#8242;) e Miro<\/p>\n<p>FC Famalic\u00e3o &#8211; Lazar Carevi\u0107, Rodrigo Pinheiro, L\u00e9o Realpe, Justin de Haas, Pedro Bondo (Gustavo Garcia 73&#8242;), Tom van de Looi, Mathias de Amorim (Ibrahima Ba 87&#8242;), Gustavo S\u00e1 (Pedro Santos 73&#8242;), Sorriso, Simon Elisor (Umar Abubakar 87&#8242;) e Gil Dias (Rom\u00e9o Beney 58&#8242;)<\/p>\n<p>Golo: Simon Elisor (69&#8242;)<\/p>\n<p>Cart\u00f5es Amarelos: L\u00e9o Realpe (13&#8242;)<\/p>\n","protected":false},"excerpt":{"rendered":"<p>O Futebol Clube de Famalic\u00e3o somou tr\u00eas pontos na desloca\u00e7\u00e3o a Rio Maior, ao vencer o Clube Desportivo Tondela por 0-1. O franc\u00eas Simon Elisor decidiu a partida da 2.\u00aa jornada da Liga Portugal Betclic e deixou a nossa equipa no topo da classifica\u00e7\u00e3o, com seis pontos em dois jogos.&hellip;<\/p>\n","protected":false},"author":2,"featured_media":51602,"comment_status":"closed","ping_status":"closed","sticky":false,"template":"","format":"standard","meta":{"_acf_changed":false,"footnotes":""},"categories":[1],"tags":[],"class_list":["post-51600","post","type-post","status-publish","format-standard","has-post-thumbnail","hentry","category-noticias"],"acf":[],"yoast_head":"<!-- This site is optimized with the Yoast SEO plugin v27.1.1 - https:\/\/yoast.com\/product\/yoast-seo-wordpress\/ -->\n<title>Um golo \u00e0 grande e \u00e0 franc\u00eas decidiu em Rio Maior - FC Famalic\u00e3o<\/title>\n<meta name=\"robots\" content=\"index, follow, max-snippet:-1, max-image-preview:large, max-video-preview:-1\" \/>\n<link rel=\"canonical\" href=\"https:\/\/www.fcfamalicao.pt\/en\/um-golo-a-grande-e-a-frances-decidiu-em-rio-maior\/\" \/>\n<meta property=\"og:locale\" content=\"en_US\" \/>\n<meta property=\"og:type\" content=\"article\" \/>\n<meta property=\"og:title\" content=\"Um golo \u00e0 grande e \u00e0 franc\u00eas decidiu em Rio Maior - FC Famalic\u00e3o\" \/>\n<meta property=\"og:description\" content=\"O Futebol Clube de Famalic\u00e3o somou tr\u00eas pontos na desloca\u00e7\u00e3o a Rio Maior, ao vencer o Clube Desportivo Tondela por 0-1. O franc\u00eas Simon Elisor decidiu a partida da 2.\u00aa jornada da Liga Portugal Betclic e deixou a nossa equipa no topo da classifica\u00e7\u00e3o, com seis pontos em dois jogos.&hellip;\" \/>\n<meta property=\"og:url\" content=\"https:\/\/www.fcfamalicao.pt\/en\/um-golo-a-grande-e-a-frances-decidiu-em-rio-maior\/\" \/>\n<meta property=\"og:site_name\" content=\"FC Famalic\u00e3o\" \/>\n<meta property=\"article:publisher\" content=\"https:\/\/www.facebook.com\/FCFamalicao\/\" \/>\n<meta property=\"article:published_time\" content=\"2025-08-17T10:01:03+00:00\" \/>\n<meta property=\"article:modified_time\" content=\"2025-08-18T10:34:33+00:00\" \/>\n<meta property=\"og:image\" content=\"https:\/\/www.fcfamalicao.pt\/wp-content\/uploads\/2025\/08\/IMG_1025-scaled.jpg\" \/>\n\t<meta property=\"og:image:width\" content=\"2560\" \/>\n\t<meta property=\"og:image:height\" content=\"1707\" \/>\n\t<meta property=\"og:image:type\" content=\"image\/jpeg\" \/>\n<meta name=\"author\" content=\"fcfamalicao fcfamalicao\" \/>\n<meta name=\"twitter:card\" content=\"summary_large_image\" \/>\n<meta name=\"twitter:creator\" content=\"@fcf1931_oficial\" \/>\n<meta name=\"twitter:site\" content=\"@fcf1931_oficial\" \/>\n<meta name=\"twitter:label1\" content=\"Written by\" \/>\n\t<meta name=\"twitter:data1\" content=\"fcfamalicao fcfamalicao\" \/>\n\t<meta name=\"twitter:label2\" content=\"Est. reading time\" \/>\n\t<meta name=\"twitter:data2\" content=\"3 minutes\" \/>\n<script type=\"application\/ld+json\" class=\"yoast-schema-graph\">{\"@context\":\"https:\/\/schema.org\",\"@graph\":[{\"@type\":\"Article\",\"@id\":\"https:\/\/www.fcfamalicao.pt\/en\/um-golo-a-grande-e-a-frances-decidiu-em-rio-maior\/#article\",\"isPartOf\":{\"@id\":\"https:\/\/www.fcfamalicao.pt\/en\/um-golo-a-grande-e-a-frances-decidiu-em-rio-maior\/\"},\"author\":{\"name\":\"fcfamalicao fcfamalicao\",\"@id\":\"https:\/\/www.fcfamalicao.pt\/en\/#\/schema\/person\/713a4d367f5259360c363ad35dad9247\"},\"headline\":\"Um golo \u00e0 grande e \u00e0 franc\u00eas decidiu em Rio Maior\",\"datePublished\":\"2025-08-17T10:01:03+00:00\",\"dateModified\":\"2025-08-18T10:34:33+00:00\",\"mainEntityOfPage\":{\"@id\":\"https:\/\/www.fcfamalicao.pt\/en\/um-golo-a-grande-e-a-frances-decidiu-em-rio-maior\/\"},\"wordCount\":438,\"publisher\":{\"@id\":\"https:\/\/www.fcfamalicao.pt\/en\/#organization\"},\"image\":{\"@id\":\"https:\/\/www.fcfamalicao.pt\/en\/um-golo-a-grande-e-a-frances-decidiu-em-rio-maior\/#primaryimage\"},\"thumbnailUrl\":\"https:\/\/www.fcfamalicao.pt\/wp-content\/uploads\/2025\/08\/IMG_1025-scaled.jpg\",\"articleSection\":[\"Not\u00edcias\"],\"inLanguage\":\"en-US\"},{\"@type\":\"WebPage\",\"@id\":\"https:\/\/www.fcfamalicao.pt\/en\/um-golo-a-grande-e-a-frances-decidiu-em-rio-maior\/\",\"url\":\"https:\/\/www.fcfamalicao.pt\/en\/um-golo-a-grande-e-a-frances-decidiu-em-rio-maior\/\",\"name\":\"Um golo \u00e0 grande e \u00e0 franc\u00eas decidiu em Rio Maior - FC Famalic\u00e3o\",\"isPartOf\":{\"@id\":\"https:\/\/www.fcfamalicao.pt\/en\/#website\"},\"primaryImageOfPage\":{\"@id\":\"https:\/\/www.fcfamalicao.pt\/en\/um-golo-a-grande-e-a-frances-decidiu-em-rio-maior\/#primaryimage\"},\"image\":{\"@id\":\"https:\/\/www.fcfamalicao.pt\/en\/um-golo-a-grande-e-a-frances-decidiu-em-rio-maior\/#primaryimage\"},\"thumbnailUrl\":\"https:\/\/www.fcfamalicao.pt\/wp-content\/uploads\/2025\/08\/IMG_1025-scaled.jpg\",\"datePublished\":\"2025-08-17T10:01:03+00:00\",\"dateModified\":\"2025-08-18T10:34:33+00:00\",\"breadcrumb\":{\"@id\":\"https:\/\/www.fcfamalicao.pt\/en\/um-golo-a-grande-e-a-frances-decidiu-em-rio-maior\/#breadcrumb\"},\"inLanguage\":\"en-US\",\"potentialAction\":[{\"@type\":\"ReadAction\",\"target\":[\"https:\/\/www.fcfamalicao.pt\/en\/um-golo-a-grande-e-a-frances-decidiu-em-rio-maior\/\"]}]},{\"@type\":\"ImageObject\",\"inLanguage\":\"en-US\",\"@id\":\"https:\/\/www.fcfamalicao.pt\/en\/um-golo-a-grande-e-a-frances-decidiu-em-rio-maior\/#primaryimage\",\"url\":\"https:\/\/www.fcfamalicao.pt\/wp-content\/uploads\/2025\/08\/IMG_1025-scaled.jpg\",\"contentUrl\":\"https:\/\/www.fcfamalicao.pt\/wp-content\/uploads\/2025\/08\/IMG_1025-scaled.jpg\",\"width\":2560,\"height\":1707},{\"@type\":\"BreadcrumbList\",\"@id\":\"https:\/\/www.fcfamalicao.pt\/en\/um-golo-a-grande-e-a-frances-decidiu-em-rio-maior\/#breadcrumb\",\"itemListElement\":[{\"@type\":\"ListItem\",\"position\":1,\"name\":\"Home\",\"item\":\"https:\/\/www.fcfamalicao.pt\/en\/\"},{\"@type\":\"ListItem\",\"position\":2,\"name\":\"Um golo \u00e0 grande e \u00e0 franc\u00eas decidiu em Rio Maior\"}]},{\"@type\":\"WebSite\",\"@id\":\"https:\/\/www.fcfamalicao.pt\/en\/#website\",\"url\":\"https:\/\/www.fcfamalicao.pt\/en\/\",\"name\":\"FC Famalic\u00e3o\",\"description\":\"Site oficial do Futebol Clube Famalic\u00e3o. #AMORDEPERDI\u00c7\u00c3O\",\"publisher\":{\"@id\":\"https:\/\/www.fcfamalicao.pt\/en\/#organization\"},\"potentialAction\":[{\"@type\":\"SearchAction\",\"target\":{\"@type\":\"EntryPoint\",\"urlTemplate\":\"https:\/\/www.fcfamalicao.pt\/en\/?s={search_term_string}\"},\"query-input\":{\"@type\":\"PropertyValueSpecification\",\"valueRequired\":true,\"valueName\":\"search_term_string\"}}],\"inLanguage\":\"en-US\"},{\"@type\":\"Organization\",\"@id\":\"https:\/\/www.fcfamalicao.pt\/en\/#organization\",\"name\":\"FC Famalic\u00e3o\",\"url\":\"https:\/\/www.fcfamalicao.pt\/en\/\",\"logo\":{\"@type\":\"ImageObject\",\"inLanguage\":\"en-US\",\"@id\":\"https:\/\/www.fcfamalicao.pt\/en\/#\/schema\/logo\/image\/\",\"url\":\"https:\/\/www.fcfamalicao.pt\/wp-content\/uploads\/2018\/11\/fcf-logo.png\",\"contentUrl\":\"https:\/\/www.fcfamalicao.pt\/wp-content\/uploads\/2018\/11\/fcf-logo.png\",\"width\":150,\"height\":143,\"caption\":\"FC Famalic\u00e3o\"},\"image\":{\"@id\":\"https:\/\/www.fcfamalicao.pt\/en\/#\/schema\/logo\/image\/\"},\"sameAs\":[\"https:\/\/www.facebook.com\/FCFamalicao\/\",\"https:\/\/x.com\/fcf1931_oficial\",\"https:\/\/www.instagram.com\/futebolclubefamalicao\/\",\"https:\/\/www.youtube.com\/FCFamalicao1931\"]},{\"@type\":\"Person\",\"@id\":\"https:\/\/www.fcfamalicao.pt\/en\/#\/schema\/person\/713a4d367f5259360c363ad35dad9247\",\"name\":\"fcfamalicao fcfamalicao\",\"image\":{\"@type\":\"ImageObject\",\"inLanguage\":\"en-US\",\"@id\":\"https:\/\/www.fcfamalicao.pt\/en\/#\/schema\/person\/image\/\",\"url\":\"https:\/\/secure.gravatar.com\/avatar\/b37399ebd6c6b1f9808b97ddeec50eb3b762cc626cb1e17e3a8b30044160d118?s=96&d=mm&r=g\",\"contentUrl\":\"https:\/\/secure.gravatar.com\/avatar\/b37399ebd6c6b1f9808b97ddeec50eb3b762cc626cb1e17e3a8b30044160d118?s=96&d=mm&r=g\",\"caption\":\"fcfamalicao fcfamalicao\"}}]}<\/script>\n<!-- \/ Yoast SEO plugin. -->","yoast_head_json":{"title":"Um golo \u00e0 grande e \u00e0 franc\u00eas decidiu em Rio Maior - FC Famalic\u00e3o","robots":{"index":"index","follow":"follow","max-snippet":"max-snippet:-1","max-image-preview":"max-image-preview:large","max-video-preview":"max-video-preview:-1"},"canonical":"https:\/\/www.fcfamalicao.pt\/en\/um-golo-a-grande-e-a-frances-decidiu-em-rio-maior\/","og_locale":"en_US","og_type":"article","og_title":"Um golo \u00e0 grande e \u00e0 franc\u00eas decidiu em Rio Maior - FC Famalic\u00e3o","og_description":"O Futebol Clube de Famalic\u00e3o somou tr\u00eas pontos na desloca\u00e7\u00e3o a Rio Maior, ao vencer o Clube Desportivo Tondela por 0-1. O franc\u00eas Simon Elisor decidiu a partida da 2.\u00aa jornada da Liga Portugal Betclic e deixou a nossa equipa no topo da classifica\u00e7\u00e3o, com seis pontos em dois jogos.&hellip;","og_url":"https:\/\/www.fcfamalicao.pt\/en\/um-golo-a-grande-e-a-frances-decidiu-em-rio-maior\/","og_site_name":"FC Famalic\u00e3o","article_publisher":"https:\/\/www.facebook.com\/FCFamalicao\/","article_published_time":"2025-08-17T10:01:03+00:00","article_modified_time":"2025-08-18T10:34:33+00:00","og_image":[{"width":2560,"height":1707,"url":"https:\/\/www.fcfamalicao.pt\/wp-content\/uploads\/2025\/08\/IMG_1025-scaled.jpg","type":"image\/jpeg"}],"author":"fcfamalicao fcfamalicao","twitter_card":"summary_large_image","twitter_creator":"@fcf1931_oficial","twitter_site":"@fcf1931_oficial","twitter_misc":{"Written by":"fcfamalicao fcfamalicao","Est. reading time":"3 minutes"},"schema":{"@context":"https:\/\/schema.org","@graph":[{"@type":"Article","@id":"https:\/\/www.fcfamalicao.pt\/en\/um-golo-a-grande-e-a-frances-decidiu-em-rio-maior\/#article","isPartOf":{"@id":"https:\/\/www.fcfamalicao.pt\/en\/um-golo-a-grande-e-a-frances-decidiu-em-rio-maior\/"},"author":{"name":"fcfamalicao fcfamalicao","@id":"https:\/\/www.fcfamalicao.pt\/en\/#\/schema\/person\/713a4d367f5259360c363ad35dad9247"},"headline":"Um golo \u00e0 grande e \u00e0 franc\u00eas decidiu em Rio Maior","datePublished":"2025-08-17T10:01:03+00:00","dateModified":"2025-08-18T10:34:33+00:00","mainEntityOfPage":{"@id":"https:\/\/www.fcfamalicao.pt\/en\/um-golo-a-grande-e-a-frances-decidiu-em-rio-maior\/"},"wordCount":438,"publisher":{"@id":"https:\/\/www.fcfamalicao.pt\/en\/#organization"},"image":{"@id":"https:\/\/www.fcfamalicao.pt\/en\/um-golo-a-grande-e-a-frances-decidiu-em-rio-maior\/#primaryimage"},"thumbnailUrl":"https:\/\/www.fcfamalicao.pt\/wp-content\/uploads\/2025\/08\/IMG_1025-scaled.jpg","articleSection":["Not\u00edcias"],"inLanguage":"en-US"},{"@type":"WebPage","@id":"https:\/\/www.fcfamalicao.pt\/en\/um-golo-a-grande-e-a-frances-decidiu-em-rio-maior\/","url":"https:\/\/www.fcfamalicao.pt\/en\/um-golo-a-grande-e-a-frances-decidiu-em-rio-maior\/","name":"Um golo \u00e0 grande e \u00e0 franc\u00eas decidiu em Rio Maior - FC Famalic\u00e3o","isPartOf":{"@id":"https:\/\/www.fcfamalicao.pt\/en\/#website"},"primaryImageOfPage":{"@id":"https:\/\/www.fcfamalicao.pt\/en\/um-golo-a-grande-e-a-frances-decidiu-em-rio-maior\/#primaryimage"},"image":{"@id":"https:\/\/www.fcfamalicao.pt\/en\/um-golo-a-grande-e-a-frances-decidiu-em-rio-maior\/#primaryimage"},"thumbnailUrl":"https:\/\/www.fcfamalicao.pt\/wp-content\/uploads\/2025\/08\/IMG_1025-scaled.jpg","datePublished":"2025-08-17T10:01:03+00:00","dateModified":"2025-08-18T10:34:33+00:00","breadcrumb":{"@id":"https:\/\/www.fcfamalicao.pt\/en\/um-golo-a-grande-e-a-frances-decidiu-em-rio-maior\/#breadcrumb"},"inLanguage":"en-US","potentialAction":[{"@type":"ReadAction","target":["https:\/\/www.fcfamalicao.pt\/en\/um-golo-a-grande-e-a-frances-decidiu-em-rio-maior\/"]}]},{"@type":"ImageObject","inLanguage":"en-US","@id":"https:\/\/www.fcfamalicao.pt\/en\/um-golo-a-grande-e-a-frances-decidiu-em-rio-maior\/#primaryimage","url":"https:\/\/www.fcfamalicao.pt\/wp-content\/uploads\/2025\/08\/IMG_1025-scaled.jpg","contentUrl":"https:\/\/www.fcfamalicao.pt\/wp-content\/uploads\/2025\/08\/IMG_1025-scaled.jpg","width":2560,"height":1707},{"@type":"BreadcrumbList","@id":"https:\/\/www.fcfamalicao.pt\/en\/um-golo-a-grande-e-a-frances-decidiu-em-rio-maior\/#breadcrumb","itemListElement":[{"@type":"ListItem","position":1,"name":"Home","item":"https:\/\/www.fcfamalicao.pt\/en\/"},{"@type":"ListItem","position":2,"name":"Um golo \u00e0 grande e \u00e0 franc\u00eas decidiu em Rio Maior"}]},{"@type":"WebSite","@id":"https:\/\/www.fcfamalicao.pt\/en\/#website","url":"https:\/\/www.fcfamalicao.pt\/en\/","name":"FC Famalic\u00e3o","description":"Site oficial do Futebol Clube Famalic\u00e3o. #AMORDEPERDI\u00c7\u00c3O","publisher":{"@id":"https:\/\/www.fcfamalicao.pt\/en\/#organization"},"potentialAction":[{"@type":"SearchAction","target":{"@type":"EntryPoint","urlTemplate":"https:\/\/www.fcfamalicao.pt\/en\/?s={search_term_string}"},"query-input":{"@type":"PropertyValueSpecification","valueRequired":true,"valueName":"search_term_string"}}],"inLanguage":"en-US"},{"@type":"Organization","@id":"https:\/\/www.fcfamalicao.pt\/en\/#organization","name":"FC Famalic\u00e3o","url":"https:\/\/www.fcfamalicao.pt\/en\/","logo":{"@type":"ImageObject","inLanguage":"en-US","@id":"https:\/\/www.fcfamalicao.pt\/en\/#\/schema\/logo\/image\/","url":"https:\/\/www.fcfamalicao.pt\/wp-content\/uploads\/2018\/11\/fcf-logo.png","contentUrl":"https:\/\/www.fcfamalicao.pt\/wp-content\/uploads\/2018\/11\/fcf-logo.png","width":150,"height":143,"caption":"FC Famalic\u00e3o"},"image":{"@id":"https:\/\/www.fcfamalicao.pt\/en\/#\/schema\/logo\/image\/"},"sameAs":["https:\/\/www.facebook.com\/FCFamalicao\/","https:\/\/x.com\/fcf1931_oficial","https:\/\/www.instagram.com\/futebolclubefamalicao\/","https:\/\/www.youtube.com\/FCFamalicao1931"]},{"@type":"Person","@id":"https:\/\/www.fcfamalicao.pt\/en\/#\/schema\/person\/713a4d367f5259360c363ad35dad9247","name":"fcfamalicao fcfamalicao","image":{"@type":"ImageObject","inLanguage":"en-US","@id":"https:\/\/www.fcfamalicao.pt\/en\/#\/schema\/person\/image\/","url":"https:\/\/secure.gravatar.com\/avatar\/b37399ebd6c6b1f9808b97ddeec50eb3b762cc626cb1e17e3a8b30044160d118?s=96&d=mm&r=g","contentUrl":"https:\/\/secure.gravatar.com\/avatar\/b37399ebd6c6b1f9808b97ddeec50eb3b762cc626cb1e17e3a8b30044160d118?s=96&d=mm&r=g","caption":"fcfamalicao fcfamalicao"}}]}},"_links":{"self":[{"href":"https:\/\/www.fcfamalicao.pt\/en\/wp-json\/wp\/v2\/posts\/51600","targetHints":{"allow":["GET"]}}],"collection":[{"href":"https:\/\/www.fcfamalicao.pt\/en\/wp-json\/wp\/v2\/posts"}],"about":[{"href":"https:\/\/www.fcfamalicao.pt\/en\/wp-json\/wp\/v2\/types\/post"}],"author":[{"embeddable":true,"href":"https:\/\/www.fcfamalicao.pt\/en\/wp-json\/wp\/v2\/users\/2"}],"replies":[{"embeddable":true,"href":"https:\/\/www.fcfamalicao.pt\/en\/wp-json\/wp\/v2\/comments?post=51600"}],"version-history":[{"count":0,"href":"https:\/\/www.fcfamalicao.pt\/en\/wp-json\/wp\/v2\/posts\/51600\/revisions"}],"wp:featuredmedia":[{"embeddable":true,"href":"https:\/\/www.fcfamalicao.pt\/en\/wp-json\/wp\/v2\/media\/51602"}],"wp:attachment":[{"href":"https:\/\/www.fcfamalicao.pt\/en\/wp-json\/wp\/v2\/media?parent=51600"}],"wp:term":[{"taxonomy":"category","embeddable":true,"href":"https:\/\/www.fcfamalicao.pt\/en\/wp-json\/wp\/v2\/categories?post=51600"},{"taxonomy":"post_tag","embeddable":true,"href":"https:\/\/www.fcfamalicao.pt\/en\/wp-json\/wp\/v2\/tags?post=51600"}],"curies":[{"name":"wp","href":"https:\/\/api.w.org\/{rel}","templated":true}]}}