{"id":51736,"date":"2025-08-20T16:16:09","date_gmt":"2025-08-20T15:16:09","guid":{"rendered":"https:\/\/www.fcfamalicao.pt\/?p=51736"},"modified":"2025-08-20T16:16:09","modified_gmt":"2025-08-20T15:16:09","slug":"lamine-beye-assina-por-cinco-temporadas","status":"publish","type":"post","link":"https:\/\/www.fcfamalicao.pt\/en\/lamine-beye-assina-por-cinco-temporadas\/","title":{"rendered":"Lamine Beye assina por cinco temporadas"},"content":{"rendered":"<p>Lamine Beye \u00e9 o mais recente refor\u00e7o do Futebol Clube de Famalic\u00e3o. O m\u00e9dio senegal\u00eas, de 18 anos, assinou um v\u00ednculo v\u00e1lido por cinco temporadas.<\/p>\n<p>Lamine Beye cumpriu o processo de forma\u00e7\u00e3o no RS Yoff, emblema no qual viria a destacar-se na equipa principal. O m\u00e9dio foi a revela\u00e7\u00e3o da Ligue 2 do Senegal na temporada 2023-24 e assinou pelo AJEL de Rufisque.<\/p>\n<p>A evolu\u00e7\u00e3o do jovem prosseguiu no principal campeonato do futebol senegal\u00eas na \u00e9poca seguinte. Lamine Beye foi considerado uma das principais surpresas da Ligue 1, tendo colecionado momentos de qualidade que lhe valeram inclusivamente a distin\u00e7\u00e3o de jogador do m\u00eas de mar\u00e7o da competi\u00e7\u00e3o.<\/p>\n<p>O elevado rendimento patenteado colocaram-no na rota da sele\u00e7\u00e3o senegalesa, ao ser convocado recentemente para a sele\u00e7\u00e3o sub-20.<\/p>\n<p>\u201cEstou muito feliz por este novo passo na minha carreira. Assinar por um clube prestigiante e de reconhecido valor no futebol europeu \u00e9 uma honra e um motivo de enorme satisfa\u00e7\u00e3o\u201d, referiu.<\/p>\n<p>Lamine Beye confessou ter falado com o compatriota Ibrahima Ba, que apenas lhe deixou uma op\u00e7\u00e3o: \u201capenas me disse maravilhas do clube. Est\u00e1 muito contente por estar c\u00e1 e frisou que eu n\u00e3o poderia enjeitar esta oportunidade de assinar pelo FC Famalic\u00e3o\u201d.<\/p>\n<p>Assumindo-se como um \u201cm\u00e9dio de forte envergadura f\u00edsica, com boa capacidade t\u00e9cnica e que gosta de ajudar a equipa a praticar bom futebol\u201d, o senegal\u00eas comprometeu-se \u201ca deixar tudo em campo para retribuir a confian\u00e7a que o clube depositou nas minhas capacidades\u201d.<\/p>\n","protected":false},"excerpt":{"rendered":"<p>Lamine Beye \u00e9 o mais recente refor\u00e7o do Futebol Clube de Famalic\u00e3o. O m\u00e9dio senegal\u00eas, de 18 anos, assinou um v\u00ednculo v\u00e1lido por cinco temporadas. Lamine Beye cumpriu o processo de forma\u00e7\u00e3o no RS Yoff, emblema no qual viria a destacar-se na equipa principal. O m\u00e9dio foi a revela\u00e7\u00e3o da&hellip;<\/p>\n","protected":false},"author":2,"featured_media":51737,"comment_status":"closed","ping_status":"closed","sticky":false,"template":"","format":"standard","meta":{"_acf_changed":false,"footnotes":""},"categories":[1],"tags":[],"class_list":["post-51736","post","type-post","status-publish","format-standard","has-post-thumbnail","hentry","category-noticias"],"acf":[],"yoast_head":"<!-- This site is optimized with the Yoast SEO plugin v27.1.1 - https:\/\/yoast.com\/product\/yoast-seo-wordpress\/ -->\n<title>Lamine Beye assina por cinco temporadas - FC Famalic\u00e3o<\/title>\n<meta name=\"robots\" content=\"index, follow, max-snippet:-1, max-image-preview:large, max-video-preview:-1\" \/>\n<link rel=\"canonical\" href=\"https:\/\/www.fcfamalicao.pt\/en\/lamine-beye-assina-por-cinco-temporadas\/\" \/>\n<meta property=\"og:locale\" content=\"en_US\" \/>\n<meta property=\"og:type\" content=\"article\" \/>\n<meta property=\"og:title\" content=\"Lamine Beye assina por cinco temporadas - FC Famalic\u00e3o\" \/>\n<meta property=\"og:description\" content=\"Lamine Beye \u00e9 o mais recente refor\u00e7o do Futebol Clube de Famalic\u00e3o. O m\u00e9dio senegal\u00eas, de 18 anos, assinou um v\u00ednculo v\u00e1lido por cinco temporadas. Lamine Beye cumpriu o processo de forma\u00e7\u00e3o no RS Yoff, emblema no qual viria a destacar-se na equipa principal. O m\u00e9dio foi a revela\u00e7\u00e3o da&hellip;\" \/>\n<meta property=\"og:url\" content=\"https:\/\/www.fcfamalicao.pt\/en\/lamine-beye-assina-por-cinco-temporadas\/\" \/>\n<meta property=\"og:site_name\" content=\"FC Famalic\u00e3o\" \/>\n<meta property=\"article:publisher\" content=\"https:\/\/www.facebook.com\/FCFamalicao\/\" \/>\n<meta property=\"article:published_time\" content=\"2025-08-20T15:16:09+00:00\" \/>\n<meta property=\"og:image\" content=\"https:\/\/www.fcfamalicao.pt\/wp-content\/uploads\/2025\/08\/IMG_0344-scaled.jpg\" \/>\n\t<meta property=\"og:image:width\" content=\"2560\" \/>\n\t<meta property=\"og:image:height\" content=\"1707\" \/>\n\t<meta property=\"og:image:type\" content=\"image\/jpeg\" \/>\n<meta name=\"author\" content=\"fcfamalicao fcfamalicao\" \/>\n<meta name=\"twitter:card\" content=\"summary_large_image\" \/>\n<meta name=\"twitter:creator\" content=\"@fcf1931_oficial\" \/>\n<meta name=\"twitter:site\" content=\"@fcf1931_oficial\" \/>\n<meta name=\"twitter:label1\" content=\"Written by\" \/>\n\t<meta name=\"twitter:data1\" content=\"fcfamalicao fcfamalicao\" \/>\n\t<meta name=\"twitter:label2\" content=\"Est. reading time\" \/>\n\t<meta name=\"twitter:data2\" content=\"2 minutes\" \/>\n<script type=\"application\/ld+json\" class=\"yoast-schema-graph\">{\"@context\":\"https:\/\/schema.org\",\"@graph\":[{\"@type\":\"Article\",\"@id\":\"https:\/\/www.fcfamalicao.pt\/en\/lamine-beye-assina-por-cinco-temporadas\/#article\",\"isPartOf\":{\"@id\":\"https:\/\/www.fcfamalicao.pt\/en\/lamine-beye-assina-por-cinco-temporadas\/\"},\"author\":{\"name\":\"fcfamalicao fcfamalicao\",\"@id\":\"https:\/\/www.fcfamalicao.pt\/en\/#\/schema\/person\/713a4d367f5259360c363ad35dad9247\"},\"headline\":\"Lamine Beye assina por cinco temporadas\",\"datePublished\":\"2025-08-20T15:16:09+00:00\",\"mainEntityOfPage\":{\"@id\":\"https:\/\/www.fcfamalicao.pt\/en\/lamine-beye-assina-por-cinco-temporadas\/\"},\"wordCount\":268,\"publisher\":{\"@id\":\"https:\/\/www.fcfamalicao.pt\/en\/#organization\"},\"image\":{\"@id\":\"https:\/\/www.fcfamalicao.pt\/en\/lamine-beye-assina-por-cinco-temporadas\/#primaryimage\"},\"thumbnailUrl\":\"https:\/\/www.fcfamalicao.pt\/wp-content\/uploads\/2025\/08\/IMG_0344-scaled.jpg\",\"articleSection\":[\"Not\u00edcias\"],\"inLanguage\":\"en-US\"},{\"@type\":\"WebPage\",\"@id\":\"https:\/\/www.fcfamalicao.pt\/en\/lamine-beye-assina-por-cinco-temporadas\/\",\"url\":\"https:\/\/www.fcfamalicao.pt\/en\/lamine-beye-assina-por-cinco-temporadas\/\",\"name\":\"Lamine Beye assina por cinco temporadas - FC Famalic\u00e3o\",\"isPartOf\":{\"@id\":\"https:\/\/www.fcfamalicao.pt\/en\/#website\"},\"primaryImageOfPage\":{\"@id\":\"https:\/\/www.fcfamalicao.pt\/en\/lamine-beye-assina-por-cinco-temporadas\/#primaryimage\"},\"image\":{\"@id\":\"https:\/\/www.fcfamalicao.pt\/en\/lamine-beye-assina-por-cinco-temporadas\/#primaryimage\"},\"thumbnailUrl\":\"https:\/\/www.fcfamalicao.pt\/wp-content\/uploads\/2025\/08\/IMG_0344-scaled.jpg\",\"datePublished\":\"2025-08-20T15:16:09+00:00\",\"breadcrumb\":{\"@id\":\"https:\/\/www.fcfamalicao.pt\/en\/lamine-beye-assina-por-cinco-temporadas\/#breadcrumb\"},\"inLanguage\":\"en-US\",\"potentialAction\":[{\"@type\":\"ReadAction\",\"target\":[\"https:\/\/www.fcfamalicao.pt\/en\/lamine-beye-assina-por-cinco-temporadas\/\"]}]},{\"@type\":\"ImageObject\",\"inLanguage\":\"en-US\",\"@id\":\"https:\/\/www.fcfamalicao.pt\/en\/lamine-beye-assina-por-cinco-temporadas\/#primaryimage\",\"url\":\"https:\/\/www.fcfamalicao.pt\/wp-content\/uploads\/2025\/08\/IMG_0344-scaled.jpg\",\"contentUrl\":\"https:\/\/www.fcfamalicao.pt\/wp-content\/uploads\/2025\/08\/IMG_0344-scaled.jpg\",\"width\":2560,\"height\":1707},{\"@type\":\"BreadcrumbList\",\"@id\":\"https:\/\/www.fcfamalicao.pt\/en\/lamine-beye-assina-por-cinco-temporadas\/#breadcrumb\",\"itemListElement\":[{\"@type\":\"ListItem\",\"position\":1,\"name\":\"Home\",\"item\":\"https:\/\/www.fcfamalicao.pt\/en\/\"},{\"@type\":\"ListItem\",\"position\":2,\"name\":\"Lamine Beye assina por cinco temporadas\"}]},{\"@type\":\"WebSite\",\"@id\":\"https:\/\/www.fcfamalicao.pt\/en\/#website\",\"url\":\"https:\/\/www.fcfamalicao.pt\/en\/\",\"name\":\"FC Famalic\u00e3o\",\"description\":\"Site oficial do Futebol Clube Famalic\u00e3o. #AMORDEPERDI\u00c7\u00c3O\",\"publisher\":{\"@id\":\"https:\/\/www.fcfamalicao.pt\/en\/#organization\"},\"potentialAction\":[{\"@type\":\"SearchAction\",\"target\":{\"@type\":\"EntryPoint\",\"urlTemplate\":\"https:\/\/www.fcfamalicao.pt\/en\/?s={search_term_string}\"},\"query-input\":{\"@type\":\"PropertyValueSpecification\",\"valueRequired\":true,\"valueName\":\"search_term_string\"}}],\"inLanguage\":\"en-US\"},{\"@type\":\"Organization\",\"@id\":\"https:\/\/www.fcfamalicao.pt\/en\/#organization\",\"name\":\"FC Famalic\u00e3o\",\"url\":\"https:\/\/www.fcfamalicao.pt\/en\/\",\"logo\":{\"@type\":\"ImageObject\",\"inLanguage\":\"en-US\",\"@id\":\"https:\/\/www.fcfamalicao.pt\/en\/#\/schema\/logo\/image\/\",\"url\":\"https:\/\/www.fcfamalicao.pt\/wp-content\/uploads\/2018\/11\/fcf-logo.png\",\"contentUrl\":\"https:\/\/www.fcfamalicao.pt\/wp-content\/uploads\/2018\/11\/fcf-logo.png\",\"width\":150,\"height\":143,\"caption\":\"FC Famalic\u00e3o\"},\"image\":{\"@id\":\"https:\/\/www.fcfamalicao.pt\/en\/#\/schema\/logo\/image\/\"},\"sameAs\":[\"https:\/\/www.facebook.com\/FCFamalicao\/\",\"https:\/\/x.com\/fcf1931_oficial\",\"https:\/\/www.instagram.com\/futebolclubefamalicao\/\",\"https:\/\/www.youtube.com\/FCFamalicao1931\"]},{\"@type\":\"Person\",\"@id\":\"https:\/\/www.fcfamalicao.pt\/en\/#\/schema\/person\/713a4d367f5259360c363ad35dad9247\",\"name\":\"fcfamalicao fcfamalicao\",\"image\":{\"@type\":\"ImageObject\",\"inLanguage\":\"en-US\",\"@id\":\"https:\/\/www.fcfamalicao.pt\/en\/#\/schema\/person\/image\/\",\"url\":\"https:\/\/secure.gravatar.com\/avatar\/b37399ebd6c6b1f9808b97ddeec50eb3b762cc626cb1e17e3a8b30044160d118?s=96&d=mm&r=g\",\"contentUrl\":\"https:\/\/secure.gravatar.com\/avatar\/b37399ebd6c6b1f9808b97ddeec50eb3b762cc626cb1e17e3a8b30044160d118?s=96&d=mm&r=g\",\"caption\":\"fcfamalicao fcfamalicao\"}}]}<\/script>\n<!-- \/ Yoast SEO plugin. -->","yoast_head_json":{"title":"Lamine Beye assina por cinco temporadas - FC Famalic\u00e3o","robots":{"index":"index","follow":"follow","max-snippet":"max-snippet:-1","max-image-preview":"max-image-preview:large","max-video-preview":"max-video-preview:-1"},"canonical":"https:\/\/www.fcfamalicao.pt\/en\/lamine-beye-assina-por-cinco-temporadas\/","og_locale":"en_US","og_type":"article","og_title":"Lamine Beye assina por cinco temporadas - FC Famalic\u00e3o","og_description":"Lamine Beye \u00e9 o mais recente refor\u00e7o do Futebol Clube de Famalic\u00e3o. O m\u00e9dio senegal\u00eas, de 18 anos, assinou um v\u00ednculo v\u00e1lido por cinco temporadas. Lamine Beye cumpriu o processo de forma\u00e7\u00e3o no RS Yoff, emblema no qual viria a destacar-se na equipa principal. O m\u00e9dio foi a revela\u00e7\u00e3o da&hellip;","og_url":"https:\/\/www.fcfamalicao.pt\/en\/lamine-beye-assina-por-cinco-temporadas\/","og_site_name":"FC Famalic\u00e3o","article_publisher":"https:\/\/www.facebook.com\/FCFamalicao\/","article_published_time":"2025-08-20T15:16:09+00:00","og_image":[{"width":2560,"height":1707,"url":"https:\/\/www.fcfamalicao.pt\/wp-content\/uploads\/2025\/08\/IMG_0344-scaled.jpg","type":"image\/jpeg"}],"author":"fcfamalicao fcfamalicao","twitter_card":"summary_large_image","twitter_creator":"@fcf1931_oficial","twitter_site":"@fcf1931_oficial","twitter_misc":{"Written by":"fcfamalicao fcfamalicao","Est. reading time":"2 minutes"},"schema":{"@context":"https:\/\/schema.org","@graph":[{"@type":"Article","@id":"https:\/\/www.fcfamalicao.pt\/en\/lamine-beye-assina-por-cinco-temporadas\/#article","isPartOf":{"@id":"https:\/\/www.fcfamalicao.pt\/en\/lamine-beye-assina-por-cinco-temporadas\/"},"author":{"name":"fcfamalicao fcfamalicao","@id":"https:\/\/www.fcfamalicao.pt\/en\/#\/schema\/person\/713a4d367f5259360c363ad35dad9247"},"headline":"Lamine Beye assina por cinco temporadas","datePublished":"2025-08-20T15:16:09+00:00","mainEntityOfPage":{"@id":"https:\/\/www.fcfamalicao.pt\/en\/lamine-beye-assina-por-cinco-temporadas\/"},"wordCount":268,"publisher":{"@id":"https:\/\/www.fcfamalicao.pt\/en\/#organization"},"image":{"@id":"https:\/\/www.fcfamalicao.pt\/en\/lamine-beye-assina-por-cinco-temporadas\/#primaryimage"},"thumbnailUrl":"https:\/\/www.fcfamalicao.pt\/wp-content\/uploads\/2025\/08\/IMG_0344-scaled.jpg","articleSection":["Not\u00edcias"],"inLanguage":"en-US"},{"@type":"WebPage","@id":"https:\/\/www.fcfamalicao.pt\/en\/lamine-beye-assina-por-cinco-temporadas\/","url":"https:\/\/www.fcfamalicao.pt\/en\/lamine-beye-assina-por-cinco-temporadas\/","name":"Lamine Beye assina por cinco temporadas - FC Famalic\u00e3o","isPartOf":{"@id":"https:\/\/www.fcfamalicao.pt\/en\/#website"},"primaryImageOfPage":{"@id":"https:\/\/www.fcfamalicao.pt\/en\/lamine-beye-assina-por-cinco-temporadas\/#primaryimage"},"image":{"@id":"https:\/\/www.fcfamalicao.pt\/en\/lamine-beye-assina-por-cinco-temporadas\/#primaryimage"},"thumbnailUrl":"https:\/\/www.fcfamalicao.pt\/wp-content\/uploads\/2025\/08\/IMG_0344-scaled.jpg","datePublished":"2025-08-20T15:16:09+00:00","breadcrumb":{"@id":"https:\/\/www.fcfamalicao.pt\/en\/lamine-beye-assina-por-cinco-temporadas\/#breadcrumb"},"inLanguage":"en-US","potentialAction":[{"@type":"ReadAction","target":["https:\/\/www.fcfamalicao.pt\/en\/lamine-beye-assina-por-cinco-temporadas\/"]}]},{"@type":"ImageObject","inLanguage":"en-US","@id":"https:\/\/www.fcfamalicao.pt\/en\/lamine-beye-assina-por-cinco-temporadas\/#primaryimage","url":"https:\/\/www.fcfamalicao.pt\/wp-content\/uploads\/2025\/08\/IMG_0344-scaled.jpg","contentUrl":"https:\/\/www.fcfamalicao.pt\/wp-content\/uploads\/2025\/08\/IMG_0344-scaled.jpg","width":2560,"height":1707},{"@type":"BreadcrumbList","@id":"https:\/\/www.fcfamalicao.pt\/en\/lamine-beye-assina-por-cinco-temporadas\/#breadcrumb","itemListElement":[{"@type":"ListItem","position":1,"name":"Home","item":"https:\/\/www.fcfamalicao.pt\/en\/"},{"@type":"ListItem","position":2,"name":"Lamine Beye assina por cinco temporadas"}]},{"@type":"WebSite","@id":"https:\/\/www.fcfamalicao.pt\/en\/#website","url":"https:\/\/www.fcfamalicao.pt\/en\/","name":"FC Famalic\u00e3o","description":"Site oficial do Futebol Clube Famalic\u00e3o. #AMORDEPERDI\u00c7\u00c3O","publisher":{"@id":"https:\/\/www.fcfamalicao.pt\/en\/#organization"},"potentialAction":[{"@type":"SearchAction","target":{"@type":"EntryPoint","urlTemplate":"https:\/\/www.fcfamalicao.pt\/en\/?s={search_term_string}"},"query-input":{"@type":"PropertyValueSpecification","valueRequired":true,"valueName":"search_term_string"}}],"inLanguage":"en-US"},{"@type":"Organization","@id":"https:\/\/www.fcfamalicao.pt\/en\/#organization","name":"FC Famalic\u00e3o","url":"https:\/\/www.fcfamalicao.pt\/en\/","logo":{"@type":"ImageObject","inLanguage":"en-US","@id":"https:\/\/www.fcfamalicao.pt\/en\/#\/schema\/logo\/image\/","url":"https:\/\/www.fcfamalicao.pt\/wp-content\/uploads\/2018\/11\/fcf-logo.png","contentUrl":"https:\/\/www.fcfamalicao.pt\/wp-content\/uploads\/2018\/11\/fcf-logo.png","width":150,"height":143,"caption":"FC Famalic\u00e3o"},"image":{"@id":"https:\/\/www.fcfamalicao.pt\/en\/#\/schema\/logo\/image\/"},"sameAs":["https:\/\/www.facebook.com\/FCFamalicao\/","https:\/\/x.com\/fcf1931_oficial","https:\/\/www.instagram.com\/futebolclubefamalicao\/","https:\/\/www.youtube.com\/FCFamalicao1931"]},{"@type":"Person","@id":"https:\/\/www.fcfamalicao.pt\/en\/#\/schema\/person\/713a4d367f5259360c363ad35dad9247","name":"fcfamalicao fcfamalicao","image":{"@type":"ImageObject","inLanguage":"en-US","@id":"https:\/\/www.fcfamalicao.pt\/en\/#\/schema\/person\/image\/","url":"https:\/\/secure.gravatar.com\/avatar\/b37399ebd6c6b1f9808b97ddeec50eb3b762cc626cb1e17e3a8b30044160d118?s=96&d=mm&r=g","contentUrl":"https:\/\/secure.gravatar.com\/avatar\/b37399ebd6c6b1f9808b97ddeec50eb3b762cc626cb1e17e3a8b30044160d118?s=96&d=mm&r=g","caption":"fcfamalicao fcfamalicao"}}]}},"_links":{"self":[{"href":"https:\/\/www.fcfamalicao.pt\/en\/wp-json\/wp\/v2\/posts\/51736","targetHints":{"allow":["GET"]}}],"collection":[{"href":"https:\/\/www.fcfamalicao.pt\/en\/wp-json\/wp\/v2\/posts"}],"about":[{"href":"https:\/\/www.fcfamalicao.pt\/en\/wp-json\/wp\/v2\/types\/post"}],"author":[{"embeddable":true,"href":"https:\/\/www.fcfamalicao.pt\/en\/wp-json\/wp\/v2\/users\/2"}],"replies":[{"embeddable":true,"href":"https:\/\/www.fcfamalicao.pt\/en\/wp-json\/wp\/v2\/comments?post=51736"}],"version-history":[{"count":0,"href":"https:\/\/www.fcfamalicao.pt\/en\/wp-json\/wp\/v2\/posts\/51736\/revisions"}],"wp:featuredmedia":[{"embeddable":true,"href":"https:\/\/www.fcfamalicao.pt\/en\/wp-json\/wp\/v2\/media\/51737"}],"wp:attachment":[{"href":"https:\/\/www.fcfamalicao.pt\/en\/wp-json\/wp\/v2\/media?parent=51736"}],"wp:term":[{"taxonomy":"category","embeddable":true,"href":"https:\/\/www.fcfamalicao.pt\/en\/wp-json\/wp\/v2\/categories?post=51736"},{"taxonomy":"post_tag","embeddable":true,"href":"https:\/\/www.fcfamalicao.pt\/en\/wp-json\/wp\/v2\/tags?post=51736"}],"curies":[{"name":"wp","href":"https:\/\/api.w.org\/{rel}","templated":true}]}}