{"id":56452,"date":"2026-03-11T13:03:45","date_gmt":"2026-03-11T13:03:45","guid":{"rendered":"https:\/\/www.fcfamalicao.pt\/?p=56452"},"modified":"2026-03-11T13:03:45","modified_gmt":"2026-03-11T13:03:45","slug":"ibrahima-ba-distinguido-como-um-dos-melhores-jovens-da-liga-em-fevereiro","status":"publish","type":"post","link":"https:\/\/www.fcfamalicao.pt\/en\/ibrahima-ba-distinguido-como-um-dos-melhores-jovens-da-liga-em-fevereiro\/","title":{"rendered":"Ibrahima Ba distinguido como um dos melhores jovens da Liga em fevereiro"},"content":{"rendered":"<p>Ibrahima Ba viu reconhecido o excelente rendimento no m\u00eas de fevereiro na Liga Portugal Betclic. Depois de Lazar Carevic ter sido eleito o terceiro melhor guarda-redes do campeonato no referido m\u00eas, o defesa senegal\u00eas foi o terceiro mais votado na elei\u00e7\u00e3o referente ao melhor jovem, ao recolher 13,33% das prefer\u00eancias dos treinadores das equipas do principal escal\u00e3o do futebol portugu\u00eas.<\/p>\n<p>O central cumpriu a totalidade dos minutos dos quatro jogos realizados pelo Futebol Clube de Famalic\u00e3o em fevereiro, sendo considerado unanimemente uma das revela\u00e7\u00f5es da presente temporada e um dos respons\u00e1veis para o facto de a nossa equipa ser a quarta melhor defesa do campeonato.<\/p>\n<p>&nbsp;<\/p>\n<p>&nbsp;<\/p>\n","protected":false},"excerpt":{"rendered":"<p>Ibrahima Ba viu reconhecido o excelente rendimento no m\u00eas de fevereiro na Liga Portugal Betclic. Depois de Lazar Carevic ter sido eleito o terceiro melhor guarda-redes do campeonato no referido m\u00eas, o defesa senegal\u00eas foi o terceiro mais votado na elei\u00e7\u00e3o referente ao melhor jovem, ao recolher 13,33% das prefer\u00eancias&hellip;<\/p>\n","protected":false},"author":2,"featured_media":56453,"comment_status":"closed","ping_status":"closed","sticky":false,"template":"","format":"standard","meta":{"_acf_changed":false,"footnotes":""},"categories":[1],"tags":[],"class_list":["post-56452","post","type-post","status-publish","format-standard","has-post-thumbnail","hentry","category-noticias"],"acf":[],"yoast_head":"<!-- This site is optimized with the Yoast SEO plugin v27.1.1 - https:\/\/yoast.com\/product\/yoast-seo-wordpress\/ -->\n<title>Ibrahima Ba distinguido como um dos melhores jovens da Liga em fevereiro - FC Famalic\u00e3o<\/title>\n<meta name=\"robots\" content=\"index, follow, max-snippet:-1, max-image-preview:large, max-video-preview:-1\" \/>\n<link rel=\"canonical\" href=\"https:\/\/www.fcfamalicao.pt\/en\/ibrahima-ba-distinguido-como-um-dos-melhores-jovens-da-liga-em-fevereiro\/\" \/>\n<meta property=\"og:locale\" content=\"en_US\" \/>\n<meta property=\"og:type\" content=\"article\" \/>\n<meta property=\"og:title\" content=\"Ibrahima Ba distinguido como um dos melhores jovens da Liga em fevereiro - FC Famalic\u00e3o\" \/>\n<meta property=\"og:description\" content=\"Ibrahima Ba viu reconhecido o excelente rendimento no m\u00eas de fevereiro na Liga Portugal Betclic. Depois de Lazar Carevic ter sido eleito o terceiro melhor guarda-redes do campeonato no referido m\u00eas, o defesa senegal\u00eas foi o terceiro mais votado na elei\u00e7\u00e3o referente ao melhor jovem, ao recolher 13,33% das prefer\u00eancias&hellip;\" \/>\n<meta property=\"og:url\" content=\"https:\/\/www.fcfamalicao.pt\/en\/ibrahima-ba-distinguido-como-um-dos-melhores-jovens-da-liga-em-fevereiro\/\" \/>\n<meta property=\"og:site_name\" content=\"FC Famalic\u00e3o\" \/>\n<meta property=\"article:publisher\" content=\"https:\/\/www.facebook.com\/FCFamalicao\/\" \/>\n<meta property=\"article:published_time\" content=\"2026-03-11T13:03:45+00:00\" \/>\n<meta property=\"og:image\" content=\"https:\/\/www.fcfamalicao.pt\/wp-content\/uploads\/2026\/03\/IMG_1248_Easy-Resize.com_.jpg\" \/>\n\t<meta property=\"og:image:width\" content=\"1280\" \/>\n\t<meta property=\"og:image:height\" content=\"853\" \/>\n\t<meta property=\"og:image:type\" content=\"image\/jpeg\" \/>\n<meta name=\"author\" content=\"fcfamalicao fcfamalicao\" \/>\n<meta name=\"twitter:card\" content=\"summary_large_image\" \/>\n<meta name=\"twitter:creator\" content=\"@fcf1931_oficial\" \/>\n<meta name=\"twitter:site\" content=\"@fcf1931_oficial\" \/>\n<meta name=\"twitter:label1\" content=\"Written by\" \/>\n\t<meta name=\"twitter:data1\" content=\"fcfamalicao fcfamalicao\" \/>\n\t<meta name=\"twitter:label2\" content=\"Est. reading time\" \/>\n\t<meta name=\"twitter:data2\" content=\"1 minute\" \/>\n<script type=\"application\/ld+json\" class=\"yoast-schema-graph\">{\"@context\":\"https:\/\/schema.org\",\"@graph\":[{\"@type\":\"Article\",\"@id\":\"https:\/\/www.fcfamalicao.pt\/en\/ibrahima-ba-distinguido-como-um-dos-melhores-jovens-da-liga-em-fevereiro\/#article\",\"isPartOf\":{\"@id\":\"https:\/\/www.fcfamalicao.pt\/en\/ibrahima-ba-distinguido-como-um-dos-melhores-jovens-da-liga-em-fevereiro\/\"},\"author\":{\"name\":\"fcfamalicao fcfamalicao\",\"@id\":\"https:\/\/www.fcfamalicao.pt\/en\/#\/schema\/person\/713a4d367f5259360c363ad35dad9247\"},\"headline\":\"Ibrahima Ba distinguido como um dos melhores jovens da Liga em fevereiro\",\"datePublished\":\"2026-03-11T13:03:45+00:00\",\"mainEntityOfPage\":{\"@id\":\"https:\/\/www.fcfamalicao.pt\/en\/ibrahima-ba-distinguido-como-um-dos-melhores-jovens-da-liga-em-fevereiro\/\"},\"wordCount\":128,\"publisher\":{\"@id\":\"https:\/\/www.fcfamalicao.pt\/en\/#organization\"},\"image\":{\"@id\":\"https:\/\/www.fcfamalicao.pt\/en\/ibrahima-ba-distinguido-como-um-dos-melhores-jovens-da-liga-em-fevereiro\/#primaryimage\"},\"thumbnailUrl\":\"https:\/\/www.fcfamalicao.pt\/wp-content\/uploads\/2026\/03\/IMG_1248_Easy-Resize.com_.jpg\",\"articleSection\":[\"Not\u00edcias\"],\"inLanguage\":\"en-US\"},{\"@type\":\"WebPage\",\"@id\":\"https:\/\/www.fcfamalicao.pt\/en\/ibrahima-ba-distinguido-como-um-dos-melhores-jovens-da-liga-em-fevereiro\/\",\"url\":\"https:\/\/www.fcfamalicao.pt\/en\/ibrahima-ba-distinguido-como-um-dos-melhores-jovens-da-liga-em-fevereiro\/\",\"name\":\"Ibrahima Ba distinguido como um dos melhores jovens da Liga em fevereiro - FC Famalic\u00e3o\",\"isPartOf\":{\"@id\":\"https:\/\/www.fcfamalicao.pt\/en\/#website\"},\"primaryImageOfPage\":{\"@id\":\"https:\/\/www.fcfamalicao.pt\/en\/ibrahima-ba-distinguido-como-um-dos-melhores-jovens-da-liga-em-fevereiro\/#primaryimage\"},\"image\":{\"@id\":\"https:\/\/www.fcfamalicao.pt\/en\/ibrahima-ba-distinguido-como-um-dos-melhores-jovens-da-liga-em-fevereiro\/#primaryimage\"},\"thumbnailUrl\":\"https:\/\/www.fcfamalicao.pt\/wp-content\/uploads\/2026\/03\/IMG_1248_Easy-Resize.com_.jpg\",\"datePublished\":\"2026-03-11T13:03:45+00:00\",\"breadcrumb\":{\"@id\":\"https:\/\/www.fcfamalicao.pt\/en\/ibrahima-ba-distinguido-como-um-dos-melhores-jovens-da-liga-em-fevereiro\/#breadcrumb\"},\"inLanguage\":\"en-US\",\"potentialAction\":[{\"@type\":\"ReadAction\",\"target\":[\"https:\/\/www.fcfamalicao.pt\/en\/ibrahima-ba-distinguido-como-um-dos-melhores-jovens-da-liga-em-fevereiro\/\"]}]},{\"@type\":\"ImageObject\",\"inLanguage\":\"en-US\",\"@id\":\"https:\/\/www.fcfamalicao.pt\/en\/ibrahima-ba-distinguido-como-um-dos-melhores-jovens-da-liga-em-fevereiro\/#primaryimage\",\"url\":\"https:\/\/www.fcfamalicao.pt\/wp-content\/uploads\/2026\/03\/IMG_1248_Easy-Resize.com_.jpg\",\"contentUrl\":\"https:\/\/www.fcfamalicao.pt\/wp-content\/uploads\/2026\/03\/IMG_1248_Easy-Resize.com_.jpg\",\"width\":1280,\"height\":853},{\"@type\":\"BreadcrumbList\",\"@id\":\"https:\/\/www.fcfamalicao.pt\/en\/ibrahima-ba-distinguido-como-um-dos-melhores-jovens-da-liga-em-fevereiro\/#breadcrumb\",\"itemListElement\":[{\"@type\":\"ListItem\",\"position\":1,\"name\":\"Home\",\"item\":\"https:\/\/www.fcfamalicao.pt\/en\/\"},{\"@type\":\"ListItem\",\"position\":2,\"name\":\"Ibrahima Ba distinguido como um dos melhores jovens da Liga em fevereiro\"}]},{\"@type\":\"WebSite\",\"@id\":\"https:\/\/www.fcfamalicao.pt\/en\/#website\",\"url\":\"https:\/\/www.fcfamalicao.pt\/en\/\",\"name\":\"FC Famalic\u00e3o\",\"description\":\"Site oficial do Futebol Clube Famalic\u00e3o. #AMORDEPERDI\u00c7\u00c3O\",\"publisher\":{\"@id\":\"https:\/\/www.fcfamalicao.pt\/en\/#organization\"},\"potentialAction\":[{\"@type\":\"SearchAction\",\"target\":{\"@type\":\"EntryPoint\",\"urlTemplate\":\"https:\/\/www.fcfamalicao.pt\/en\/?s={search_term_string}\"},\"query-input\":{\"@type\":\"PropertyValueSpecification\",\"valueRequired\":true,\"valueName\":\"search_term_string\"}}],\"inLanguage\":\"en-US\"},{\"@type\":\"Organization\",\"@id\":\"https:\/\/www.fcfamalicao.pt\/en\/#organization\",\"name\":\"FC Famalic\u00e3o\",\"url\":\"https:\/\/www.fcfamalicao.pt\/en\/\",\"logo\":{\"@type\":\"ImageObject\",\"inLanguage\":\"en-US\",\"@id\":\"https:\/\/www.fcfamalicao.pt\/en\/#\/schema\/logo\/image\/\",\"url\":\"https:\/\/www.fcfamalicao.pt\/wp-content\/uploads\/2018\/11\/fcf-logo.png\",\"contentUrl\":\"https:\/\/www.fcfamalicao.pt\/wp-content\/uploads\/2018\/11\/fcf-logo.png\",\"width\":150,\"height\":143,\"caption\":\"FC Famalic\u00e3o\"},\"image\":{\"@id\":\"https:\/\/www.fcfamalicao.pt\/en\/#\/schema\/logo\/image\/\"},\"sameAs\":[\"https:\/\/www.facebook.com\/FCFamalicao\/\",\"https:\/\/x.com\/fcf1931_oficial\",\"https:\/\/www.instagram.com\/futebolclubefamalicao\/\",\"https:\/\/www.youtube.com\/FCFamalicao1931\"]},{\"@type\":\"Person\",\"@id\":\"https:\/\/www.fcfamalicao.pt\/en\/#\/schema\/person\/713a4d367f5259360c363ad35dad9247\",\"name\":\"fcfamalicao fcfamalicao\",\"image\":{\"@type\":\"ImageObject\",\"inLanguage\":\"en-US\",\"@id\":\"https:\/\/www.fcfamalicao.pt\/en\/#\/schema\/person\/image\/\",\"url\":\"https:\/\/secure.gravatar.com\/avatar\/b37399ebd6c6b1f9808b97ddeec50eb3b762cc626cb1e17e3a8b30044160d118?s=96&d=mm&r=g\",\"contentUrl\":\"https:\/\/secure.gravatar.com\/avatar\/b37399ebd6c6b1f9808b97ddeec50eb3b762cc626cb1e17e3a8b30044160d118?s=96&d=mm&r=g\",\"caption\":\"fcfamalicao fcfamalicao\"}}]}<\/script>\n<!-- \/ Yoast SEO plugin. -->","yoast_head_json":{"title":"Ibrahima Ba distinguido como um dos melhores jovens da Liga em fevereiro - FC Famalic\u00e3o","robots":{"index":"index","follow":"follow","max-snippet":"max-snippet:-1","max-image-preview":"max-image-preview:large","max-video-preview":"max-video-preview:-1"},"canonical":"https:\/\/www.fcfamalicao.pt\/en\/ibrahima-ba-distinguido-como-um-dos-melhores-jovens-da-liga-em-fevereiro\/","og_locale":"en_US","og_type":"article","og_title":"Ibrahima Ba distinguido como um dos melhores jovens da Liga em fevereiro - FC Famalic\u00e3o","og_description":"Ibrahima Ba viu reconhecido o excelente rendimento no m\u00eas de fevereiro na Liga Portugal Betclic. Depois de Lazar Carevic ter sido eleito o terceiro melhor guarda-redes do campeonato no referido m\u00eas, o defesa senegal\u00eas foi o terceiro mais votado na elei\u00e7\u00e3o referente ao melhor jovem, ao recolher 13,33% das prefer\u00eancias&hellip;","og_url":"https:\/\/www.fcfamalicao.pt\/en\/ibrahima-ba-distinguido-como-um-dos-melhores-jovens-da-liga-em-fevereiro\/","og_site_name":"FC Famalic\u00e3o","article_publisher":"https:\/\/www.facebook.com\/FCFamalicao\/","article_published_time":"2026-03-11T13:03:45+00:00","og_image":[{"width":1280,"height":853,"url":"https:\/\/www.fcfamalicao.pt\/wp-content\/uploads\/2026\/03\/IMG_1248_Easy-Resize.com_.jpg","type":"image\/jpeg"}],"author":"fcfamalicao fcfamalicao","twitter_card":"summary_large_image","twitter_creator":"@fcf1931_oficial","twitter_site":"@fcf1931_oficial","twitter_misc":{"Written by":"fcfamalicao fcfamalicao","Est. reading time":"1 minute"},"schema":{"@context":"https:\/\/schema.org","@graph":[{"@type":"Article","@id":"https:\/\/www.fcfamalicao.pt\/en\/ibrahima-ba-distinguido-como-um-dos-melhores-jovens-da-liga-em-fevereiro\/#article","isPartOf":{"@id":"https:\/\/www.fcfamalicao.pt\/en\/ibrahima-ba-distinguido-como-um-dos-melhores-jovens-da-liga-em-fevereiro\/"},"author":{"name":"fcfamalicao fcfamalicao","@id":"https:\/\/www.fcfamalicao.pt\/en\/#\/schema\/person\/713a4d367f5259360c363ad35dad9247"},"headline":"Ibrahima Ba distinguido como um dos melhores jovens da Liga em fevereiro","datePublished":"2026-03-11T13:03:45+00:00","mainEntityOfPage":{"@id":"https:\/\/www.fcfamalicao.pt\/en\/ibrahima-ba-distinguido-como-um-dos-melhores-jovens-da-liga-em-fevereiro\/"},"wordCount":128,"publisher":{"@id":"https:\/\/www.fcfamalicao.pt\/en\/#organization"},"image":{"@id":"https:\/\/www.fcfamalicao.pt\/en\/ibrahima-ba-distinguido-como-um-dos-melhores-jovens-da-liga-em-fevereiro\/#primaryimage"},"thumbnailUrl":"https:\/\/www.fcfamalicao.pt\/wp-content\/uploads\/2026\/03\/IMG_1248_Easy-Resize.com_.jpg","articleSection":["Not\u00edcias"],"inLanguage":"en-US"},{"@type":"WebPage","@id":"https:\/\/www.fcfamalicao.pt\/en\/ibrahima-ba-distinguido-como-um-dos-melhores-jovens-da-liga-em-fevereiro\/","url":"https:\/\/www.fcfamalicao.pt\/en\/ibrahima-ba-distinguido-como-um-dos-melhores-jovens-da-liga-em-fevereiro\/","name":"Ibrahima Ba distinguido como um dos melhores jovens da Liga em fevereiro - FC Famalic\u00e3o","isPartOf":{"@id":"https:\/\/www.fcfamalicao.pt\/en\/#website"},"primaryImageOfPage":{"@id":"https:\/\/www.fcfamalicao.pt\/en\/ibrahima-ba-distinguido-como-um-dos-melhores-jovens-da-liga-em-fevereiro\/#primaryimage"},"image":{"@id":"https:\/\/www.fcfamalicao.pt\/en\/ibrahima-ba-distinguido-como-um-dos-melhores-jovens-da-liga-em-fevereiro\/#primaryimage"},"thumbnailUrl":"https:\/\/www.fcfamalicao.pt\/wp-content\/uploads\/2026\/03\/IMG_1248_Easy-Resize.com_.jpg","datePublished":"2026-03-11T13:03:45+00:00","breadcrumb":{"@id":"https:\/\/www.fcfamalicao.pt\/en\/ibrahima-ba-distinguido-como-um-dos-melhores-jovens-da-liga-em-fevereiro\/#breadcrumb"},"inLanguage":"en-US","potentialAction":[{"@type":"ReadAction","target":["https:\/\/www.fcfamalicao.pt\/en\/ibrahima-ba-distinguido-como-um-dos-melhores-jovens-da-liga-em-fevereiro\/"]}]},{"@type":"ImageObject","inLanguage":"en-US","@id":"https:\/\/www.fcfamalicao.pt\/en\/ibrahima-ba-distinguido-como-um-dos-melhores-jovens-da-liga-em-fevereiro\/#primaryimage","url":"https:\/\/www.fcfamalicao.pt\/wp-content\/uploads\/2026\/03\/IMG_1248_Easy-Resize.com_.jpg","contentUrl":"https:\/\/www.fcfamalicao.pt\/wp-content\/uploads\/2026\/03\/IMG_1248_Easy-Resize.com_.jpg","width":1280,"height":853},{"@type":"BreadcrumbList","@id":"https:\/\/www.fcfamalicao.pt\/en\/ibrahima-ba-distinguido-como-um-dos-melhores-jovens-da-liga-em-fevereiro\/#breadcrumb","itemListElement":[{"@type":"ListItem","position":1,"name":"Home","item":"https:\/\/www.fcfamalicao.pt\/en\/"},{"@type":"ListItem","position":2,"name":"Ibrahima Ba distinguido como um dos melhores jovens da Liga em fevereiro"}]},{"@type":"WebSite","@id":"https:\/\/www.fcfamalicao.pt\/en\/#website","url":"https:\/\/www.fcfamalicao.pt\/en\/","name":"FC Famalic\u00e3o","description":"Site oficial do Futebol Clube Famalic\u00e3o. #AMORDEPERDI\u00c7\u00c3O","publisher":{"@id":"https:\/\/www.fcfamalicao.pt\/en\/#organization"},"potentialAction":[{"@type":"SearchAction","target":{"@type":"EntryPoint","urlTemplate":"https:\/\/www.fcfamalicao.pt\/en\/?s={search_term_string}"},"query-input":{"@type":"PropertyValueSpecification","valueRequired":true,"valueName":"search_term_string"}}],"inLanguage":"en-US"},{"@type":"Organization","@id":"https:\/\/www.fcfamalicao.pt\/en\/#organization","name":"FC Famalic\u00e3o","url":"https:\/\/www.fcfamalicao.pt\/en\/","logo":{"@type":"ImageObject","inLanguage":"en-US","@id":"https:\/\/www.fcfamalicao.pt\/en\/#\/schema\/logo\/image\/","url":"https:\/\/www.fcfamalicao.pt\/wp-content\/uploads\/2018\/11\/fcf-logo.png","contentUrl":"https:\/\/www.fcfamalicao.pt\/wp-content\/uploads\/2018\/11\/fcf-logo.png","width":150,"height":143,"caption":"FC Famalic\u00e3o"},"image":{"@id":"https:\/\/www.fcfamalicao.pt\/en\/#\/schema\/logo\/image\/"},"sameAs":["https:\/\/www.facebook.com\/FCFamalicao\/","https:\/\/x.com\/fcf1931_oficial","https:\/\/www.instagram.com\/futebolclubefamalicao\/","https:\/\/www.youtube.com\/FCFamalicao1931"]},{"@type":"Person","@id":"https:\/\/www.fcfamalicao.pt\/en\/#\/schema\/person\/713a4d367f5259360c363ad35dad9247","name":"fcfamalicao fcfamalicao","image":{"@type":"ImageObject","inLanguage":"en-US","@id":"https:\/\/www.fcfamalicao.pt\/en\/#\/schema\/person\/image\/","url":"https:\/\/secure.gravatar.com\/avatar\/b37399ebd6c6b1f9808b97ddeec50eb3b762cc626cb1e17e3a8b30044160d118?s=96&d=mm&r=g","contentUrl":"https:\/\/secure.gravatar.com\/avatar\/b37399ebd6c6b1f9808b97ddeec50eb3b762cc626cb1e17e3a8b30044160d118?s=96&d=mm&r=g","caption":"fcfamalicao fcfamalicao"}}]}},"_links":{"self":[{"href":"https:\/\/www.fcfamalicao.pt\/en\/wp-json\/wp\/v2\/posts\/56452","targetHints":{"allow":["GET"]}}],"collection":[{"href":"https:\/\/www.fcfamalicao.pt\/en\/wp-json\/wp\/v2\/posts"}],"about":[{"href":"https:\/\/www.fcfamalicao.pt\/en\/wp-json\/wp\/v2\/types\/post"}],"author":[{"embeddable":true,"href":"https:\/\/www.fcfamalicao.pt\/en\/wp-json\/wp\/v2\/users\/2"}],"replies":[{"embeddable":true,"href":"https:\/\/www.fcfamalicao.pt\/en\/wp-json\/wp\/v2\/comments?post=56452"}],"version-history":[{"count":1,"href":"https:\/\/www.fcfamalicao.pt\/en\/wp-json\/wp\/v2\/posts\/56452\/revisions"}],"predecessor-version":[{"id":56454,"href":"https:\/\/www.fcfamalicao.pt\/en\/wp-json\/wp\/v2\/posts\/56452\/revisions\/56454"}],"wp:featuredmedia":[{"embeddable":true,"href":"https:\/\/www.fcfamalicao.pt\/en\/wp-json\/wp\/v2\/media\/56453"}],"wp:attachment":[{"href":"https:\/\/www.fcfamalicao.pt\/en\/wp-json\/wp\/v2\/media?parent=56452"}],"wp:term":[{"taxonomy":"category","embeddable":true,"href":"https:\/\/www.fcfamalicao.pt\/en\/wp-json\/wp\/v2\/categories?post=56452"},{"taxonomy":"post_tag","embeddable":true,"href":"https:\/\/www.fcfamalicao.pt\/en\/wp-json\/wp\/v2\/tags?post=56452"}],"curies":[{"name":"wp","href":"https:\/\/api.w.org\/{rel}","templated":true}]}}