{"id":56910,"date":"2026-04-27T13:59:37","date_gmt":"2026-04-27T12:59:37","guid":{"rendered":"https:\/\/www.fcfamalicao.pt\/?p=56910"},"modified":"2026-04-27T14:08:22","modified_gmt":"2026-04-27T13:08:22","slug":"justin-lancou-mais-um-haas-de-triunfo","status":"publish","type":"post","link":"https:\/\/www.fcfamalicao.pt\/en\/justin-lancou-mais-um-haas-de-triunfo\/","title":{"rendered":"Justin lan\u00e7ou mais um Haas de tr(i)unfo"},"content":{"rendered":"<p>A desloca\u00e7\u00e3o do Futebol Clube de Famalic\u00e3o ao Est\u00e1dio Ant\u00f3nio Coimbra da Mota para defrontar o Grupo Desportivo Estoril Praia foi coroada de sucesso. Um golo de Justin de Haas na cobran\u00e7a de um pontap\u00e9 de pen\u00e1lti resolveu a partida da 31.\u00aa jornada da Liga Portugal Betclic e deu mais tr\u00eas pontos ao conjunto orientado por Hugo Oliveira.<\/p>\n<p>O in\u00edcio foi particularmente autorit\u00e1rio por parte da nossa equipa. Estavam ainda a cumprir-se os primeiros minutos da partida quando Sorriso, ap\u00f3s uma excelente jogada coletiva, testou os reflexos do guardi\u00e3o contr\u00e1rio. A equipa jogava a um ritmo muito alto e a exercer forte press\u00e3o sobre o advers\u00e1rio e Simon Elisor voltou a levar perigo junta da baliza estorilista.<\/p>\n<p>A equipa da casa conseguiu equilibrar ap\u00f3s a entrada forte dos famalicenses, embora n\u00e3o tenha conseguido importunar verdadeiramente Lazar Carevic.<\/p>\n<p>Na segunda metade, a equipa de Hugo Oliveira repetiu o que tinha feito na primeira parte, mas desta feita com efeitos pr\u00e1ticos. Gil Dias foi pisado no interior da \u00e1rea e Justin de Haas encarregou-se de converter o pontap\u00e9 de pen\u00e1lti.<\/p>\n<p>Em vantagem no marcador, foi altura de fechar os caminhos para a baliza. Um objetivo alcan\u00e7ado com sucesso e que coroou mais uma exibi\u00e7\u00e3o consistente do conjunto liderado por Hugo Oliveira.<\/p>\n<p><iframe loading=\"lazy\" title=\"GD Estoril Praia x FC Famalic\u00e3o | 31.\u00aa jornada I Liga 2025\/26\" width=\"500\" height=\"281\" src=\"https:\/\/www.youtube.com\/embed\/LjOETBtQvCE?feature=oembed&#038;enablejsapi=1&#038;origin=https:\/\/www.fcfamalicao.pt\" frameborder=\"0\" allow=\"accelerometer; autoplay; clipboard-write; encrypted-media; gyroscope; picture-in-picture; web-share\" referrerpolicy=\"strict-origin-when-cross-origin\" allowfullscreen><\/iframe><\/p>\n<p>GD Estoril Praia 0-1 FC Famalic\u00e3o<br \/>\nEst\u00e1dio Ant\u00f3nio Coimbra da Mota<br \/>\n\u00c1rbitro: Carlos Macedo<\/p>\n<p>GD Estoril Praia &#8211; Martin Turk, Ricardo S\u00e1nchez, Ferro (Alejandro Marqu\u00e9s 88&#8242;), Antef Tsoungui, Felix Bacher, Pedro Amaral (Gon\u00e7alo Costa 76&#8242;), Jordan Holgsrove, Jo\u00e3o Carvalho, Xeka, Rafik Guitane, Yanis Begraoui<\/p>\n<p>FC Famalic\u00e3o &#8211; Lazar Carevi\u0107, Rodrigo Pinheiro, Ibrahima Ba, Justin de Haas, Rafa Soares, Tom van de Looi, Mathias de Amorim (Marcos Pe\u00f1a 83&#8242;), Gustavo S\u00e1 (L\u00e9o Realpe 86&#8242;), Gil Dias (Gustavo Garcia 90+1&#8242;), Simon Elisor (Umar Abubakar 86&#8242;) e Sorriso<\/p>\n<p>Golo: Justin de Haas (51&#8242; g.p.)<\/p>\n<p>Cart\u00f5es Amarelos: Tom van de Looi (46&#8242;) e Mathias de Amorim (56&#8242;)<\/p>\n<p>&nbsp;<\/p>\n<p>&nbsp;<\/p>\n","protected":false},"excerpt":{"rendered":"<p>A desloca\u00e7\u00e3o do Futebol Clube de Famalic\u00e3o ao Est\u00e1dio Ant\u00f3nio Coimbra da Mota para defrontar o Grupo Desportivo Estoril Praia foi coroada de sucesso. Um golo de Justin de Haas na cobran\u00e7a de um pontap\u00e9 de pen\u00e1lti resolveu a partida da 31.\u00aa jornada da Liga Portugal Betclic e deu mais&hellip;<\/p>\n","protected":false},"author":2,"featured_media":56915,"comment_status":"closed","ping_status":"closed","sticky":false,"template":"","format":"standard","meta":{"_acf_changed":false,"footnotes":""},"categories":[1],"tags":[],"class_list":["post-56910","post","type-post","status-publish","format-standard","has-post-thumbnail","hentry","category-noticias"],"acf":[],"yoast_head":"<!-- This site is optimized with the Yoast SEO plugin v27.1.1 - https:\/\/yoast.com\/product\/yoast-seo-wordpress\/ -->\n<title>Justin lan\u00e7ou mais um Haas de tr(i)unfo - FC Famalic\u00e3o<\/title>\n<meta name=\"robots\" content=\"index, follow, max-snippet:-1, max-image-preview:large, max-video-preview:-1\" \/>\n<link rel=\"canonical\" href=\"https:\/\/www.fcfamalicao.pt\/en\/justin-lancou-mais-um-haas-de-triunfo\/\" \/>\n<meta property=\"og:locale\" content=\"en_US\" \/>\n<meta property=\"og:type\" content=\"article\" \/>\n<meta property=\"og:title\" content=\"Justin lan\u00e7ou mais um Haas de tr(i)unfo - FC Famalic\u00e3o\" \/>\n<meta property=\"og:description\" content=\"A desloca\u00e7\u00e3o do Futebol Clube de Famalic\u00e3o ao Est\u00e1dio Ant\u00f3nio Coimbra da Mota para defrontar o Grupo Desportivo Estoril Praia foi coroada de sucesso. Um golo de Justin de Haas na cobran\u00e7a de um pontap\u00e9 de pen\u00e1lti resolveu a partida da 31.\u00aa jornada da Liga Portugal Betclic e deu mais&hellip;\" \/>\n<meta property=\"og:url\" content=\"https:\/\/www.fcfamalicao.pt\/en\/justin-lancou-mais-um-haas-de-triunfo\/\" \/>\n<meta property=\"og:site_name\" content=\"FC Famalic\u00e3o\" \/>\n<meta property=\"article:publisher\" content=\"https:\/\/www.facebook.com\/FCFamalicao\/\" \/>\n<meta property=\"article:published_time\" content=\"2026-04-27T12:59:37+00:00\" \/>\n<meta property=\"article:modified_time\" content=\"2026-04-27T13:08:22+00:00\" \/>\n<meta property=\"og:image\" content=\"https:\/\/www.fcfamalicao.pt\/wp-content\/uploads\/2026\/04\/IMG_3603_Easy-Resize.com_.jpg\" \/>\n\t<meta property=\"og:image:width\" content=\"1280\" \/>\n\t<meta property=\"og:image:height\" content=\"853\" \/>\n\t<meta property=\"og:image:type\" content=\"image\/jpeg\" \/>\n<meta name=\"author\" content=\"fcfamalicao fcfamalicao\" \/>\n<meta name=\"twitter:card\" content=\"summary_large_image\" \/>\n<meta name=\"twitter:creator\" content=\"@fcf1931_oficial\" \/>\n<meta name=\"twitter:site\" content=\"@fcf1931_oficial\" \/>\n<meta name=\"twitter:label1\" content=\"Written by\" \/>\n\t<meta name=\"twitter:data1\" content=\"fcfamalicao fcfamalicao\" \/>\n\t<meta name=\"twitter:label2\" content=\"Est. reading time\" \/>\n\t<meta name=\"twitter:data2\" content=\"2 minutes\" \/>\n<script type=\"application\/ld+json\" class=\"yoast-schema-graph\">{\"@context\":\"https:\/\/schema.org\",\"@graph\":[{\"@type\":\"Article\",\"@id\":\"https:\/\/www.fcfamalicao.pt\/en\/justin-lancou-mais-um-haas-de-triunfo\/#article\",\"isPartOf\":{\"@id\":\"https:\/\/www.fcfamalicao.pt\/en\/justin-lancou-mais-um-haas-de-triunfo\/\"},\"author\":{\"name\":\"fcfamalicao fcfamalicao\",\"@id\":\"https:\/\/www.fcfamalicao.pt\/en\/#\/schema\/person\/713a4d367f5259360c363ad35dad9247\"},\"headline\":\"Justin lan\u00e7ou mais um Haas de tr(i)unfo\",\"datePublished\":\"2026-04-27T12:59:37+00:00\",\"dateModified\":\"2026-04-27T13:08:22+00:00\",\"mainEntityOfPage\":{\"@id\":\"https:\/\/www.fcfamalicao.pt\/en\/justin-lancou-mais-um-haas-de-triunfo\/\"},\"wordCount\":355,\"publisher\":{\"@id\":\"https:\/\/www.fcfamalicao.pt\/en\/#organization\"},\"image\":{\"@id\":\"https:\/\/www.fcfamalicao.pt\/en\/justin-lancou-mais-um-haas-de-triunfo\/#primaryimage\"},\"thumbnailUrl\":\"https:\/\/www.fcfamalicao.pt\/wp-content\/uploads\/2026\/04\/IMG_3603_Easy-Resize.com_.jpg\",\"articleSection\":[\"Not\u00edcias\"],\"inLanguage\":\"en-US\"},{\"@type\":\"WebPage\",\"@id\":\"https:\/\/www.fcfamalicao.pt\/en\/justin-lancou-mais-um-haas-de-triunfo\/\",\"url\":\"https:\/\/www.fcfamalicao.pt\/en\/justin-lancou-mais-um-haas-de-triunfo\/\",\"name\":\"Justin lan\u00e7ou mais um Haas de tr(i)unfo - FC Famalic\u00e3o\",\"isPartOf\":{\"@id\":\"https:\/\/www.fcfamalicao.pt\/en\/#website\"},\"primaryImageOfPage\":{\"@id\":\"https:\/\/www.fcfamalicao.pt\/en\/justin-lancou-mais-um-haas-de-triunfo\/#primaryimage\"},\"image\":{\"@id\":\"https:\/\/www.fcfamalicao.pt\/en\/justin-lancou-mais-um-haas-de-triunfo\/#primaryimage\"},\"thumbnailUrl\":\"https:\/\/www.fcfamalicao.pt\/wp-content\/uploads\/2026\/04\/IMG_3603_Easy-Resize.com_.jpg\",\"datePublished\":\"2026-04-27T12:59:37+00:00\",\"dateModified\":\"2026-04-27T13:08:22+00:00\",\"breadcrumb\":{\"@id\":\"https:\/\/www.fcfamalicao.pt\/en\/justin-lancou-mais-um-haas-de-triunfo\/#breadcrumb\"},\"inLanguage\":\"en-US\",\"potentialAction\":[{\"@type\":\"ReadAction\",\"target\":[\"https:\/\/www.fcfamalicao.pt\/en\/justin-lancou-mais-um-haas-de-triunfo\/\"]}]},{\"@type\":\"ImageObject\",\"inLanguage\":\"en-US\",\"@id\":\"https:\/\/www.fcfamalicao.pt\/en\/justin-lancou-mais-um-haas-de-triunfo\/#primaryimage\",\"url\":\"https:\/\/www.fcfamalicao.pt\/wp-content\/uploads\/2026\/04\/IMG_3603_Easy-Resize.com_.jpg\",\"contentUrl\":\"https:\/\/www.fcfamalicao.pt\/wp-content\/uploads\/2026\/04\/IMG_3603_Easy-Resize.com_.jpg\",\"width\":1280,\"height\":853},{\"@type\":\"BreadcrumbList\",\"@id\":\"https:\/\/www.fcfamalicao.pt\/en\/justin-lancou-mais-um-haas-de-triunfo\/#breadcrumb\",\"itemListElement\":[{\"@type\":\"ListItem\",\"position\":1,\"name\":\"Home\",\"item\":\"https:\/\/www.fcfamalicao.pt\/en\/\"},{\"@type\":\"ListItem\",\"position\":2,\"name\":\"Justin lan\u00e7ou mais um Haas de tr(i)unfo\"}]},{\"@type\":\"WebSite\",\"@id\":\"https:\/\/www.fcfamalicao.pt\/en\/#website\",\"url\":\"https:\/\/www.fcfamalicao.pt\/en\/\",\"name\":\"FC Famalic\u00e3o\",\"description\":\"Site oficial do Futebol Clube Famalic\u00e3o. #AMORDEPERDI\u00c7\u00c3O\",\"publisher\":{\"@id\":\"https:\/\/www.fcfamalicao.pt\/en\/#organization\"},\"potentialAction\":[{\"@type\":\"SearchAction\",\"target\":{\"@type\":\"EntryPoint\",\"urlTemplate\":\"https:\/\/www.fcfamalicao.pt\/en\/?s={search_term_string}\"},\"query-input\":{\"@type\":\"PropertyValueSpecification\",\"valueRequired\":true,\"valueName\":\"search_term_string\"}}],\"inLanguage\":\"en-US\"},{\"@type\":\"Organization\",\"@id\":\"https:\/\/www.fcfamalicao.pt\/en\/#organization\",\"name\":\"FC Famalic\u00e3o\",\"url\":\"https:\/\/www.fcfamalicao.pt\/en\/\",\"logo\":{\"@type\":\"ImageObject\",\"inLanguage\":\"en-US\",\"@id\":\"https:\/\/www.fcfamalicao.pt\/en\/#\/schema\/logo\/image\/\",\"url\":\"https:\/\/www.fcfamalicao.pt\/wp-content\/uploads\/2018\/11\/fcf-logo.png\",\"contentUrl\":\"https:\/\/www.fcfamalicao.pt\/wp-content\/uploads\/2018\/11\/fcf-logo.png\",\"width\":150,\"height\":143,\"caption\":\"FC Famalic\u00e3o\"},\"image\":{\"@id\":\"https:\/\/www.fcfamalicao.pt\/en\/#\/schema\/logo\/image\/\"},\"sameAs\":[\"https:\/\/www.facebook.com\/FCFamalicao\/\",\"https:\/\/x.com\/fcf1931_oficial\",\"https:\/\/www.instagram.com\/futebolclubefamalicao\/\",\"https:\/\/www.youtube.com\/FCFamalicao1931\"]},{\"@type\":\"Person\",\"@id\":\"https:\/\/www.fcfamalicao.pt\/en\/#\/schema\/person\/713a4d367f5259360c363ad35dad9247\",\"name\":\"fcfamalicao fcfamalicao\",\"image\":{\"@type\":\"ImageObject\",\"inLanguage\":\"en-US\",\"@id\":\"https:\/\/www.fcfamalicao.pt\/en\/#\/schema\/person\/image\/\",\"url\":\"https:\/\/secure.gravatar.com\/avatar\/b37399ebd6c6b1f9808b97ddeec50eb3b762cc626cb1e17e3a8b30044160d118?s=96&d=mm&r=g\",\"contentUrl\":\"https:\/\/secure.gravatar.com\/avatar\/b37399ebd6c6b1f9808b97ddeec50eb3b762cc626cb1e17e3a8b30044160d118?s=96&d=mm&r=g\",\"caption\":\"fcfamalicao fcfamalicao\"}}]}<\/script>\n<!-- \/ Yoast SEO plugin. -->","yoast_head_json":{"title":"Justin lan\u00e7ou mais um Haas de tr(i)unfo - FC Famalic\u00e3o","robots":{"index":"index","follow":"follow","max-snippet":"max-snippet:-1","max-image-preview":"max-image-preview:large","max-video-preview":"max-video-preview:-1"},"canonical":"https:\/\/www.fcfamalicao.pt\/en\/justin-lancou-mais-um-haas-de-triunfo\/","og_locale":"en_US","og_type":"article","og_title":"Justin lan\u00e7ou mais um Haas de tr(i)unfo - FC Famalic\u00e3o","og_description":"A desloca\u00e7\u00e3o do Futebol Clube de Famalic\u00e3o ao Est\u00e1dio Ant\u00f3nio Coimbra da Mota para defrontar o Grupo Desportivo Estoril Praia foi coroada de sucesso. Um golo de Justin de Haas na cobran\u00e7a de um pontap\u00e9 de pen\u00e1lti resolveu a partida da 31.\u00aa jornada da Liga Portugal Betclic e deu mais&hellip;","og_url":"https:\/\/www.fcfamalicao.pt\/en\/justin-lancou-mais-um-haas-de-triunfo\/","og_site_name":"FC Famalic\u00e3o","article_publisher":"https:\/\/www.facebook.com\/FCFamalicao\/","article_published_time":"2026-04-27T12:59:37+00:00","article_modified_time":"2026-04-27T13:08:22+00:00","og_image":[{"width":1280,"height":853,"url":"https:\/\/www.fcfamalicao.pt\/wp-content\/uploads\/2026\/04\/IMG_3603_Easy-Resize.com_.jpg","type":"image\/jpeg"}],"author":"fcfamalicao fcfamalicao","twitter_card":"summary_large_image","twitter_creator":"@fcf1931_oficial","twitter_site":"@fcf1931_oficial","twitter_misc":{"Written by":"fcfamalicao fcfamalicao","Est. reading time":"2 minutes"},"schema":{"@context":"https:\/\/schema.org","@graph":[{"@type":"Article","@id":"https:\/\/www.fcfamalicao.pt\/en\/justin-lancou-mais-um-haas-de-triunfo\/#article","isPartOf":{"@id":"https:\/\/www.fcfamalicao.pt\/en\/justin-lancou-mais-um-haas-de-triunfo\/"},"author":{"name":"fcfamalicao fcfamalicao","@id":"https:\/\/www.fcfamalicao.pt\/en\/#\/schema\/person\/713a4d367f5259360c363ad35dad9247"},"headline":"Justin lan\u00e7ou mais um Haas de tr(i)unfo","datePublished":"2026-04-27T12:59:37+00:00","dateModified":"2026-04-27T13:08:22+00:00","mainEntityOfPage":{"@id":"https:\/\/www.fcfamalicao.pt\/en\/justin-lancou-mais-um-haas-de-triunfo\/"},"wordCount":355,"publisher":{"@id":"https:\/\/www.fcfamalicao.pt\/en\/#organization"},"image":{"@id":"https:\/\/www.fcfamalicao.pt\/en\/justin-lancou-mais-um-haas-de-triunfo\/#primaryimage"},"thumbnailUrl":"https:\/\/www.fcfamalicao.pt\/wp-content\/uploads\/2026\/04\/IMG_3603_Easy-Resize.com_.jpg","articleSection":["Not\u00edcias"],"inLanguage":"en-US"},{"@type":"WebPage","@id":"https:\/\/www.fcfamalicao.pt\/en\/justin-lancou-mais-um-haas-de-triunfo\/","url":"https:\/\/www.fcfamalicao.pt\/en\/justin-lancou-mais-um-haas-de-triunfo\/","name":"Justin lan\u00e7ou mais um Haas de tr(i)unfo - FC Famalic\u00e3o","isPartOf":{"@id":"https:\/\/www.fcfamalicao.pt\/en\/#website"},"primaryImageOfPage":{"@id":"https:\/\/www.fcfamalicao.pt\/en\/justin-lancou-mais-um-haas-de-triunfo\/#primaryimage"},"image":{"@id":"https:\/\/www.fcfamalicao.pt\/en\/justin-lancou-mais-um-haas-de-triunfo\/#primaryimage"},"thumbnailUrl":"https:\/\/www.fcfamalicao.pt\/wp-content\/uploads\/2026\/04\/IMG_3603_Easy-Resize.com_.jpg","datePublished":"2026-04-27T12:59:37+00:00","dateModified":"2026-04-27T13:08:22+00:00","breadcrumb":{"@id":"https:\/\/www.fcfamalicao.pt\/en\/justin-lancou-mais-um-haas-de-triunfo\/#breadcrumb"},"inLanguage":"en-US","potentialAction":[{"@type":"ReadAction","target":["https:\/\/www.fcfamalicao.pt\/en\/justin-lancou-mais-um-haas-de-triunfo\/"]}]},{"@type":"ImageObject","inLanguage":"en-US","@id":"https:\/\/www.fcfamalicao.pt\/en\/justin-lancou-mais-um-haas-de-triunfo\/#primaryimage","url":"https:\/\/www.fcfamalicao.pt\/wp-content\/uploads\/2026\/04\/IMG_3603_Easy-Resize.com_.jpg","contentUrl":"https:\/\/www.fcfamalicao.pt\/wp-content\/uploads\/2026\/04\/IMG_3603_Easy-Resize.com_.jpg","width":1280,"height":853},{"@type":"BreadcrumbList","@id":"https:\/\/www.fcfamalicao.pt\/en\/justin-lancou-mais-um-haas-de-triunfo\/#breadcrumb","itemListElement":[{"@type":"ListItem","position":1,"name":"Home","item":"https:\/\/www.fcfamalicao.pt\/en\/"},{"@type":"ListItem","position":2,"name":"Justin lan\u00e7ou mais um Haas de tr(i)unfo"}]},{"@type":"WebSite","@id":"https:\/\/www.fcfamalicao.pt\/en\/#website","url":"https:\/\/www.fcfamalicao.pt\/en\/","name":"FC Famalic\u00e3o","description":"Site oficial do Futebol Clube Famalic\u00e3o. #AMORDEPERDI\u00c7\u00c3O","publisher":{"@id":"https:\/\/www.fcfamalicao.pt\/en\/#organization"},"potentialAction":[{"@type":"SearchAction","target":{"@type":"EntryPoint","urlTemplate":"https:\/\/www.fcfamalicao.pt\/en\/?s={search_term_string}"},"query-input":{"@type":"PropertyValueSpecification","valueRequired":true,"valueName":"search_term_string"}}],"inLanguage":"en-US"},{"@type":"Organization","@id":"https:\/\/www.fcfamalicao.pt\/en\/#organization","name":"FC Famalic\u00e3o","url":"https:\/\/www.fcfamalicao.pt\/en\/","logo":{"@type":"ImageObject","inLanguage":"en-US","@id":"https:\/\/www.fcfamalicao.pt\/en\/#\/schema\/logo\/image\/","url":"https:\/\/www.fcfamalicao.pt\/wp-content\/uploads\/2018\/11\/fcf-logo.png","contentUrl":"https:\/\/www.fcfamalicao.pt\/wp-content\/uploads\/2018\/11\/fcf-logo.png","width":150,"height":143,"caption":"FC Famalic\u00e3o"},"image":{"@id":"https:\/\/www.fcfamalicao.pt\/en\/#\/schema\/logo\/image\/"},"sameAs":["https:\/\/www.facebook.com\/FCFamalicao\/","https:\/\/x.com\/fcf1931_oficial","https:\/\/www.instagram.com\/futebolclubefamalicao\/","https:\/\/www.youtube.com\/FCFamalicao1931"]},{"@type":"Person","@id":"https:\/\/www.fcfamalicao.pt\/en\/#\/schema\/person\/713a4d367f5259360c363ad35dad9247","name":"fcfamalicao fcfamalicao","image":{"@type":"ImageObject","inLanguage":"en-US","@id":"https:\/\/www.fcfamalicao.pt\/en\/#\/schema\/person\/image\/","url":"https:\/\/secure.gravatar.com\/avatar\/b37399ebd6c6b1f9808b97ddeec50eb3b762cc626cb1e17e3a8b30044160d118?s=96&d=mm&r=g","contentUrl":"https:\/\/secure.gravatar.com\/avatar\/b37399ebd6c6b1f9808b97ddeec50eb3b762cc626cb1e17e3a8b30044160d118?s=96&d=mm&r=g","caption":"fcfamalicao fcfamalicao"}}]}},"_links":{"self":[{"href":"https:\/\/www.fcfamalicao.pt\/en\/wp-json\/wp\/v2\/posts\/56910","targetHints":{"allow":["GET"]}}],"collection":[{"href":"https:\/\/www.fcfamalicao.pt\/en\/wp-json\/wp\/v2\/posts"}],"about":[{"href":"https:\/\/www.fcfamalicao.pt\/en\/wp-json\/wp\/v2\/types\/post"}],"author":[{"embeddable":true,"href":"https:\/\/www.fcfamalicao.pt\/en\/wp-json\/wp\/v2\/users\/2"}],"replies":[{"embeddable":true,"href":"https:\/\/www.fcfamalicao.pt\/en\/wp-json\/wp\/v2\/comments?post=56910"}],"version-history":[{"count":3,"href":"https:\/\/www.fcfamalicao.pt\/en\/wp-json\/wp\/v2\/posts\/56910\/revisions"}],"predecessor-version":[{"id":56918,"href":"https:\/\/www.fcfamalicao.pt\/en\/wp-json\/wp\/v2\/posts\/56910\/revisions\/56918"}],"wp:featuredmedia":[{"embeddable":true,"href":"https:\/\/www.fcfamalicao.pt\/en\/wp-json\/wp\/v2\/media\/56915"}],"wp:attachment":[{"href":"https:\/\/www.fcfamalicao.pt\/en\/wp-json\/wp\/v2\/media?parent=56910"}],"wp:term":[{"taxonomy":"category","embeddable":true,"href":"https:\/\/www.fcfamalicao.pt\/en\/wp-json\/wp\/v2\/categories?post=56910"},{"taxonomy":"post_tag","embeddable":true,"href":"https:\/\/www.fcfamalicao.pt\/en\/wp-json\/wp\/v2\/tags?post=56910"}],"curies":[{"name":"wp","href":"https:\/\/api.w.org\/{rel}","templated":true}]}}