{"id":6920,"date":"2019-12-10T13:25:55","date_gmt":"2019-12-10T13:25:55","guid":{"rendered":"https:\/\/www.fcfamalicao.pt\/?p=6920"},"modified":"2019-12-10T13:25:55","modified_gmt":"2019-12-10T13:25:55","slug":"pedido-de-esclarecimento","status":"publish","type":"post","link":"https:\/\/www.fcfamalicao.pt\/en\/pedido-de-esclarecimento\/","title":{"rendered":"Pedido de esclarecimento"},"content":{"rendered":"<p>O Futebol Clube Famalic\u00e3o, Futebol SAD, vem, com o devido respeito, que \u00e9 muito, expor e requerer o que se segue:<\/p>\n<p><em>Considerando:<\/em><\/p>\n<ul>\n<li>1) O Princ\u00edpio da Igualdade previsto na Constitui\u00e7\u00e3o da Rep\u00fablica Portuguesa;<\/li>\n<li>2) O esclarecimento p\u00fablico do Conselho de Arbitragem da FPF sobre o lance do Belenenses, SAD x FC Porto, SAD;<\/li>\n<li>3) Os lances ocorridos nos dias 09\/11\/2019 e 07\/12\/2019, nos jogos entre o FC Famalic\u00e3o, SAD e Moreirense FC, SAD e CD Tondela, SAD, respetivamente;<\/li>\n<\/ul>\n<p>&nbsp;<\/p>\n<p>Exp\u00f5e:<\/p>\n<p>&#8211; No passado dia 09\/11\/2019, no jogo contra o Moreirense FC, SAD e com o resultado em 3&#215;1 a favor do FC Famalic\u00e3o, SAD, o VAR solicitou a anula\u00e7\u00e3o do golo que deu o 3&#215;2 ao Moreirense FC, SAD por falta sobre o Gustavo Assun\u00e7\u00e3o. O \u00e1rbitro n\u00e3o considerou a posi\u00e7\u00e3o do VAR e manteve a decis\u00e3o de validar o golo ao Moreirense FC, SAD. Segundo as leis de jogo e respetivas interpreta\u00e7\u00f5es, agiu bem o \u00e1rbitro?<\/p>\n<p>&#8211; No passado dia 07\/12\/2019, no jogo contra o CD Tondela, SAD, o VAR solicitou ao \u00e1rbitro a marca\u00e7\u00e3o de pontap\u00e9 de pen\u00e1lti a favor do FC Famalic\u00e3o, SAD, por m\u00e3o na bola do jogador do CD Tondela, SAD. Ap\u00f3s an\u00e1lise das imagens, o \u00e1rbitro n\u00e3o aceitou a posi\u00e7\u00e3o do VAR. Agiu bem o \u00e1rbitro?<\/p>\n<ul>\n<li>&#8211; No passado dia 07\/12\/2019, no jogo contra o CD Tondela, SAD, ap\u00f3s an\u00e1lise demorada, foi anulado um golo que daria o 3&#215;2 ao FC Famalic\u00e3o, SAD. N\u00e3o conseguimos precisar por quem, pois at\u00e9 hoje n\u00e3o percebemos o que ali ter\u00e1 sucedido. Acresce que n\u00e3o foram publicitadas imagens das linhas com as respetivas dist\u00e2ncias como em todos os lances de fora de jogo ocorridos at\u00e9 agora. Pode o CA da FPF explicar o que levou \u00e0 anula\u00e7\u00e3o do golo do FC Famalic\u00e3o, SAD?<\/li>\n<li><\/li>\n<li>&#8211; No dia 09\/12\/2019, o CA da FPF fez um esclarecimento p\u00fablico sobre o lance que resultou no golo do Belenenses, SAD, explicando detalhadamente todo o enquadramento legal da decis\u00e3o do \u00e1rbitro e o tipo de interven\u00e7\u00e3o que podia competir ao VAR em rela\u00e7\u00e3o ao mesmo.<\/li>\n<li><\/li>\n<li>&#8211; Diz a Constitui\u00e7\u00e3o da Rep\u00fablica Portuguesa que ningu\u00e9m pode ser privilegiado, beneficiado, prejudicado, privado de qualquer direito ou isento de qualquer dever em raz\u00e3o de ascend\u00eancia, sexo, ra\u00e7a, l\u00edngua, territ\u00f3rio de origem, religi\u00e3o, convic\u00e7\u00f5es pol\u00edticas ou ideol\u00f3gicas, instru\u00e7\u00e3o, situa\u00e7\u00e3o econ\u00f3mica, condi\u00e7\u00e3o social ou orienta\u00e7\u00e3o sexual.<\/li>\n<li><\/li>\n<li>&#8211; Atentos os factos e os considerandos ora elencados, e estando em crer que o direito ao esclarecimento e \u00e0 aprendizagem deve ser igual para todos os clubes, defendemos que n\u00e3o poder\u00e3o ser feitas aclara\u00e7\u00f5es apenas nos jogos em que intervenham os denominados \u201cclubes grandes\u201d.<\/li>\n<li><\/li>\n<li>&#8211; Sendo certo e entendimento pacifico que numa competi\u00e7\u00e3o que se pretende disputada em condi\u00e7\u00f5es de igualdade por todos os participantes, imp\u00f5e-se que sejam as institui\u00e7\u00f5es desportivas as primeiras a manifestar esses princ\u00edpios fundamentais.<\/li>\n<li><\/li>\n<li>&#8211; O FC Famalic\u00e3o, SAD pauta a sua conduta pelo respeito, toler\u00e2ncia e luta pelo bem comum do nosso futebol.<\/li>\n<\/ul>\n<p>&nbsp;<\/p>\n<p>Requer:<\/p>\n<p>Que o mui distinto Conselho de Arbitragem elucide o futebol portugu\u00eas sobre os tr\u00eas lances supracitados, prestando os requeridos esclarecimentos p\u00fablicos, refor\u00e7ando desta forma, a iniciativa recente de \u00abprestar esclarecimentos que auxiliem os agentes desportivos e os adeptos a entender corretamente as leis do jogo\u00bb e respetivos \u00abprocedimentos adoptados\u00bb.<\/p>\n<p>Vila Nova de Famalic\u00e3o, 10 de dezembro de 2019<\/p>\n","protected":false},"excerpt":{"rendered":"<p>O Futebol Clube Famalic\u00e3o, Futebol SAD, vem, com o devido respeito, que \u00e9 muito, expor e requerer o que se segue: Considerando: 1) O Princ\u00edpio da Igualdade previsto na Constitui\u00e7\u00e3o da Rep\u00fablica Portuguesa; 2) O esclarecimento p\u00fablico do Conselho de Arbitragem da FPF sobre o lance do Belenenses, SAD x&hellip;<\/p>\n","protected":false},"author":2,"featured_media":6921,"comment_status":"closed","ping_status":"closed","sticky":false,"template":"","format":"standard","meta":{"_acf_changed":false,"footnotes":""},"categories":[1],"tags":[],"class_list":["post-6920","post","type-post","status-publish","format-standard","has-post-thumbnail","hentry","category-noticias"],"acf":[],"yoast_head":"<!-- This site is optimized with the Yoast SEO plugin v27.1.1 - https:\/\/yoast.com\/product\/yoast-seo-wordpress\/ -->\n<title>Pedido de esclarecimento - FC Famalic\u00e3o<\/title>\n<meta name=\"robots\" content=\"index, follow, max-snippet:-1, max-image-preview:large, max-video-preview:-1\" \/>\n<link rel=\"canonical\" href=\"https:\/\/www.fcfamalicao.pt\/en\/pedido-de-esclarecimento\/\" \/>\n<meta property=\"og:locale\" content=\"en_US\" \/>\n<meta property=\"og:type\" content=\"article\" \/>\n<meta property=\"og:title\" content=\"Pedido de esclarecimento - FC Famalic\u00e3o\" \/>\n<meta property=\"og:description\" content=\"O Futebol Clube Famalic\u00e3o, Futebol SAD, vem, com o devido respeito, que \u00e9 muito, expor e requerer o que se segue: Considerando: 1) O Princ\u00edpio da Igualdade previsto na Constitui\u00e7\u00e3o da Rep\u00fablica Portuguesa; 2) O esclarecimento p\u00fablico do Conselho de Arbitragem da FPF sobre o lance do Belenenses, SAD x&hellip;\" \/>\n<meta property=\"og:url\" content=\"https:\/\/www.fcfamalicao.pt\/en\/pedido-de-esclarecimento\/\" \/>\n<meta property=\"og:site_name\" content=\"FC Famalic\u00e3o\" \/>\n<meta property=\"article:publisher\" content=\"https:\/\/www.facebook.com\/FCFamalicao\/\" \/>\n<meta property=\"article:published_time\" content=\"2019-12-10T13:25:55+00:00\" \/>\n<meta property=\"og:image\" content=\"https:\/\/www.fcfamalicao.pt\/wp-content\/uploads\/2019\/12\/Esclarecimento.jpg\" \/>\n\t<meta property=\"og:image:width\" content=\"1000\" \/>\n\t<meta property=\"og:image:height\" content=\"880\" \/>\n\t<meta property=\"og:image:type\" content=\"image\/jpeg\" \/>\n<meta name=\"author\" content=\"fcfamalicao fcfamalicao\" \/>\n<meta name=\"twitter:card\" content=\"summary_large_image\" \/>\n<meta name=\"twitter:creator\" content=\"@fcf1931_oficial\" \/>\n<meta name=\"twitter:site\" content=\"@fcf1931_oficial\" \/>\n<meta name=\"twitter:label1\" content=\"Written by\" \/>\n\t<meta name=\"twitter:data1\" content=\"fcfamalicao fcfamalicao\" \/>\n\t<meta name=\"twitter:label2\" content=\"Est. reading time\" \/>\n\t<meta name=\"twitter:data2\" content=\"3 minutes\" \/>\n<script type=\"application\/ld+json\" class=\"yoast-schema-graph\">{\"@context\":\"https:\/\/schema.org\",\"@graph\":[{\"@type\":\"Article\",\"@id\":\"https:\/\/www.fcfamalicao.pt\/en\/pedido-de-esclarecimento\/#article\",\"isPartOf\":{\"@id\":\"https:\/\/www.fcfamalicao.pt\/en\/pedido-de-esclarecimento\/\"},\"author\":{\"name\":\"fcfamalicao fcfamalicao\",\"@id\":\"https:\/\/www.fcfamalicao.pt\/en\/#\/schema\/person\/713a4d367f5259360c363ad35dad9247\"},\"headline\":\"Pedido de esclarecimento\",\"datePublished\":\"2019-12-10T13:25:55+00:00\",\"mainEntityOfPage\":{\"@id\":\"https:\/\/www.fcfamalicao.pt\/en\/pedido-de-esclarecimento\/\"},\"wordCount\":602,\"publisher\":{\"@id\":\"https:\/\/www.fcfamalicao.pt\/en\/#organization\"},\"image\":{\"@id\":\"https:\/\/www.fcfamalicao.pt\/en\/pedido-de-esclarecimento\/#primaryimage\"},\"thumbnailUrl\":\"https:\/\/www.fcfamalicao.pt\/wp-content\/uploads\/2019\/12\/Esclarecimento.jpg\",\"articleSection\":[\"Not\u00edcias\"],\"inLanguage\":\"en-US\"},{\"@type\":\"WebPage\",\"@id\":\"https:\/\/www.fcfamalicao.pt\/en\/pedido-de-esclarecimento\/\",\"url\":\"https:\/\/www.fcfamalicao.pt\/en\/pedido-de-esclarecimento\/\",\"name\":\"Pedido de esclarecimento - FC Famalic\u00e3o\",\"isPartOf\":{\"@id\":\"https:\/\/www.fcfamalicao.pt\/en\/#website\"},\"primaryImageOfPage\":{\"@id\":\"https:\/\/www.fcfamalicao.pt\/en\/pedido-de-esclarecimento\/#primaryimage\"},\"image\":{\"@id\":\"https:\/\/www.fcfamalicao.pt\/en\/pedido-de-esclarecimento\/#primaryimage\"},\"thumbnailUrl\":\"https:\/\/www.fcfamalicao.pt\/wp-content\/uploads\/2019\/12\/Esclarecimento.jpg\",\"datePublished\":\"2019-12-10T13:25:55+00:00\",\"breadcrumb\":{\"@id\":\"https:\/\/www.fcfamalicao.pt\/en\/pedido-de-esclarecimento\/#breadcrumb\"},\"inLanguage\":\"en-US\",\"potentialAction\":[{\"@type\":\"ReadAction\",\"target\":[\"https:\/\/www.fcfamalicao.pt\/en\/pedido-de-esclarecimento\/\"]}]},{\"@type\":\"ImageObject\",\"inLanguage\":\"en-US\",\"@id\":\"https:\/\/www.fcfamalicao.pt\/en\/pedido-de-esclarecimento\/#primaryimage\",\"url\":\"https:\/\/www.fcfamalicao.pt\/wp-content\/uploads\/2019\/12\/Esclarecimento.jpg\",\"contentUrl\":\"https:\/\/www.fcfamalicao.pt\/wp-content\/uploads\/2019\/12\/Esclarecimento.jpg\",\"width\":1000,\"height\":880},{\"@type\":\"BreadcrumbList\",\"@id\":\"https:\/\/www.fcfamalicao.pt\/en\/pedido-de-esclarecimento\/#breadcrumb\",\"itemListElement\":[{\"@type\":\"ListItem\",\"position\":1,\"name\":\"Home\",\"item\":\"https:\/\/www.fcfamalicao.pt\/en\/\"},{\"@type\":\"ListItem\",\"position\":2,\"name\":\"Pedido de esclarecimento\"}]},{\"@type\":\"WebSite\",\"@id\":\"https:\/\/www.fcfamalicao.pt\/en\/#website\",\"url\":\"https:\/\/www.fcfamalicao.pt\/en\/\",\"name\":\"FC Famalic\u00e3o\",\"description\":\"Site oficial do Futebol Clube Famalic\u00e3o. #AMORDEPERDI\u00c7\u00c3O\",\"publisher\":{\"@id\":\"https:\/\/www.fcfamalicao.pt\/en\/#organization\"},\"potentialAction\":[{\"@type\":\"SearchAction\",\"target\":{\"@type\":\"EntryPoint\",\"urlTemplate\":\"https:\/\/www.fcfamalicao.pt\/en\/?s={search_term_string}\"},\"query-input\":{\"@type\":\"PropertyValueSpecification\",\"valueRequired\":true,\"valueName\":\"search_term_string\"}}],\"inLanguage\":\"en-US\"},{\"@type\":\"Organization\",\"@id\":\"https:\/\/www.fcfamalicao.pt\/en\/#organization\",\"name\":\"FC Famalic\u00e3o\",\"url\":\"https:\/\/www.fcfamalicao.pt\/en\/\",\"logo\":{\"@type\":\"ImageObject\",\"inLanguage\":\"en-US\",\"@id\":\"https:\/\/www.fcfamalicao.pt\/en\/#\/schema\/logo\/image\/\",\"url\":\"https:\/\/www.fcfamalicao.pt\/wp-content\/uploads\/2018\/11\/fcf-logo.png\",\"contentUrl\":\"https:\/\/www.fcfamalicao.pt\/wp-content\/uploads\/2018\/11\/fcf-logo.png\",\"width\":150,\"height\":143,\"caption\":\"FC Famalic\u00e3o\"},\"image\":{\"@id\":\"https:\/\/www.fcfamalicao.pt\/en\/#\/schema\/logo\/image\/\"},\"sameAs\":[\"https:\/\/www.facebook.com\/FCFamalicao\/\",\"https:\/\/x.com\/fcf1931_oficial\",\"https:\/\/www.instagram.com\/futebolclubefamalicao\/\",\"https:\/\/www.youtube.com\/FCFamalicao1931\"]},{\"@type\":\"Person\",\"@id\":\"https:\/\/www.fcfamalicao.pt\/en\/#\/schema\/person\/713a4d367f5259360c363ad35dad9247\",\"name\":\"fcfamalicao fcfamalicao\",\"image\":{\"@type\":\"ImageObject\",\"inLanguage\":\"en-US\",\"@id\":\"https:\/\/www.fcfamalicao.pt\/en\/#\/schema\/person\/image\/\",\"url\":\"https:\/\/secure.gravatar.com\/avatar\/b37399ebd6c6b1f9808b97ddeec50eb3b762cc626cb1e17e3a8b30044160d118?s=96&d=mm&r=g\",\"contentUrl\":\"https:\/\/secure.gravatar.com\/avatar\/b37399ebd6c6b1f9808b97ddeec50eb3b762cc626cb1e17e3a8b30044160d118?s=96&d=mm&r=g\",\"caption\":\"fcfamalicao fcfamalicao\"}}]}<\/script>\n<!-- \/ Yoast SEO plugin. -->","yoast_head_json":{"title":"Pedido de esclarecimento - FC Famalic\u00e3o","robots":{"index":"index","follow":"follow","max-snippet":"max-snippet:-1","max-image-preview":"max-image-preview:large","max-video-preview":"max-video-preview:-1"},"canonical":"https:\/\/www.fcfamalicao.pt\/en\/pedido-de-esclarecimento\/","og_locale":"en_US","og_type":"article","og_title":"Pedido de esclarecimento - FC Famalic\u00e3o","og_description":"O Futebol Clube Famalic\u00e3o, Futebol SAD, vem, com o devido respeito, que \u00e9 muito, expor e requerer o que se segue: Considerando: 1) O Princ\u00edpio da Igualdade previsto na Constitui\u00e7\u00e3o da Rep\u00fablica Portuguesa; 2) O esclarecimento p\u00fablico do Conselho de Arbitragem da FPF sobre o lance do Belenenses, SAD x&hellip;","og_url":"https:\/\/www.fcfamalicao.pt\/en\/pedido-de-esclarecimento\/","og_site_name":"FC Famalic\u00e3o","article_publisher":"https:\/\/www.facebook.com\/FCFamalicao\/","article_published_time":"2019-12-10T13:25:55+00:00","og_image":[{"width":1000,"height":880,"url":"https:\/\/www.fcfamalicao.pt\/wp-content\/uploads\/2019\/12\/Esclarecimento.jpg","type":"image\/jpeg"}],"author":"fcfamalicao fcfamalicao","twitter_card":"summary_large_image","twitter_creator":"@fcf1931_oficial","twitter_site":"@fcf1931_oficial","twitter_misc":{"Written by":"fcfamalicao fcfamalicao","Est. reading time":"3 minutes"},"schema":{"@context":"https:\/\/schema.org","@graph":[{"@type":"Article","@id":"https:\/\/www.fcfamalicao.pt\/en\/pedido-de-esclarecimento\/#article","isPartOf":{"@id":"https:\/\/www.fcfamalicao.pt\/en\/pedido-de-esclarecimento\/"},"author":{"name":"fcfamalicao fcfamalicao","@id":"https:\/\/www.fcfamalicao.pt\/en\/#\/schema\/person\/713a4d367f5259360c363ad35dad9247"},"headline":"Pedido de esclarecimento","datePublished":"2019-12-10T13:25:55+00:00","mainEntityOfPage":{"@id":"https:\/\/www.fcfamalicao.pt\/en\/pedido-de-esclarecimento\/"},"wordCount":602,"publisher":{"@id":"https:\/\/www.fcfamalicao.pt\/en\/#organization"},"image":{"@id":"https:\/\/www.fcfamalicao.pt\/en\/pedido-de-esclarecimento\/#primaryimage"},"thumbnailUrl":"https:\/\/www.fcfamalicao.pt\/wp-content\/uploads\/2019\/12\/Esclarecimento.jpg","articleSection":["Not\u00edcias"],"inLanguage":"en-US"},{"@type":"WebPage","@id":"https:\/\/www.fcfamalicao.pt\/en\/pedido-de-esclarecimento\/","url":"https:\/\/www.fcfamalicao.pt\/en\/pedido-de-esclarecimento\/","name":"Pedido de esclarecimento - FC Famalic\u00e3o","isPartOf":{"@id":"https:\/\/www.fcfamalicao.pt\/en\/#website"},"primaryImageOfPage":{"@id":"https:\/\/www.fcfamalicao.pt\/en\/pedido-de-esclarecimento\/#primaryimage"},"image":{"@id":"https:\/\/www.fcfamalicao.pt\/en\/pedido-de-esclarecimento\/#primaryimage"},"thumbnailUrl":"https:\/\/www.fcfamalicao.pt\/wp-content\/uploads\/2019\/12\/Esclarecimento.jpg","datePublished":"2019-12-10T13:25:55+00:00","breadcrumb":{"@id":"https:\/\/www.fcfamalicao.pt\/en\/pedido-de-esclarecimento\/#breadcrumb"},"inLanguage":"en-US","potentialAction":[{"@type":"ReadAction","target":["https:\/\/www.fcfamalicao.pt\/en\/pedido-de-esclarecimento\/"]}]},{"@type":"ImageObject","inLanguage":"en-US","@id":"https:\/\/www.fcfamalicao.pt\/en\/pedido-de-esclarecimento\/#primaryimage","url":"https:\/\/www.fcfamalicao.pt\/wp-content\/uploads\/2019\/12\/Esclarecimento.jpg","contentUrl":"https:\/\/www.fcfamalicao.pt\/wp-content\/uploads\/2019\/12\/Esclarecimento.jpg","width":1000,"height":880},{"@type":"BreadcrumbList","@id":"https:\/\/www.fcfamalicao.pt\/en\/pedido-de-esclarecimento\/#breadcrumb","itemListElement":[{"@type":"ListItem","position":1,"name":"Home","item":"https:\/\/www.fcfamalicao.pt\/en\/"},{"@type":"ListItem","position":2,"name":"Pedido de esclarecimento"}]},{"@type":"WebSite","@id":"https:\/\/www.fcfamalicao.pt\/en\/#website","url":"https:\/\/www.fcfamalicao.pt\/en\/","name":"FC Famalic\u00e3o","description":"Site oficial do Futebol Clube Famalic\u00e3o. #AMORDEPERDI\u00c7\u00c3O","publisher":{"@id":"https:\/\/www.fcfamalicao.pt\/en\/#organization"},"potentialAction":[{"@type":"SearchAction","target":{"@type":"EntryPoint","urlTemplate":"https:\/\/www.fcfamalicao.pt\/en\/?s={search_term_string}"},"query-input":{"@type":"PropertyValueSpecification","valueRequired":true,"valueName":"search_term_string"}}],"inLanguage":"en-US"},{"@type":"Organization","@id":"https:\/\/www.fcfamalicao.pt\/en\/#organization","name":"FC Famalic\u00e3o","url":"https:\/\/www.fcfamalicao.pt\/en\/","logo":{"@type":"ImageObject","inLanguage":"en-US","@id":"https:\/\/www.fcfamalicao.pt\/en\/#\/schema\/logo\/image\/","url":"https:\/\/www.fcfamalicao.pt\/wp-content\/uploads\/2018\/11\/fcf-logo.png","contentUrl":"https:\/\/www.fcfamalicao.pt\/wp-content\/uploads\/2018\/11\/fcf-logo.png","width":150,"height":143,"caption":"FC Famalic\u00e3o"},"image":{"@id":"https:\/\/www.fcfamalicao.pt\/en\/#\/schema\/logo\/image\/"},"sameAs":["https:\/\/www.facebook.com\/FCFamalicao\/","https:\/\/x.com\/fcf1931_oficial","https:\/\/www.instagram.com\/futebolclubefamalicao\/","https:\/\/www.youtube.com\/FCFamalicao1931"]},{"@type":"Person","@id":"https:\/\/www.fcfamalicao.pt\/en\/#\/schema\/person\/713a4d367f5259360c363ad35dad9247","name":"fcfamalicao fcfamalicao","image":{"@type":"ImageObject","inLanguage":"en-US","@id":"https:\/\/www.fcfamalicao.pt\/en\/#\/schema\/person\/image\/","url":"https:\/\/secure.gravatar.com\/avatar\/b37399ebd6c6b1f9808b97ddeec50eb3b762cc626cb1e17e3a8b30044160d118?s=96&d=mm&r=g","contentUrl":"https:\/\/secure.gravatar.com\/avatar\/b37399ebd6c6b1f9808b97ddeec50eb3b762cc626cb1e17e3a8b30044160d118?s=96&d=mm&r=g","caption":"fcfamalicao fcfamalicao"}}]}},"_links":{"self":[{"href":"https:\/\/www.fcfamalicao.pt\/en\/wp-json\/wp\/v2\/posts\/6920","targetHints":{"allow":["GET"]}}],"collection":[{"href":"https:\/\/www.fcfamalicao.pt\/en\/wp-json\/wp\/v2\/posts"}],"about":[{"href":"https:\/\/www.fcfamalicao.pt\/en\/wp-json\/wp\/v2\/types\/post"}],"author":[{"embeddable":true,"href":"https:\/\/www.fcfamalicao.pt\/en\/wp-json\/wp\/v2\/users\/2"}],"replies":[{"embeddable":true,"href":"https:\/\/www.fcfamalicao.pt\/en\/wp-json\/wp\/v2\/comments?post=6920"}],"version-history":[{"count":0,"href":"https:\/\/www.fcfamalicao.pt\/en\/wp-json\/wp\/v2\/posts\/6920\/revisions"}],"wp:featuredmedia":[{"embeddable":true,"href":"https:\/\/www.fcfamalicao.pt\/en\/wp-json\/wp\/v2\/media\/6921"}],"wp:attachment":[{"href":"https:\/\/www.fcfamalicao.pt\/en\/wp-json\/wp\/v2\/media?parent=6920"}],"wp:term":[{"taxonomy":"category","embeddable":true,"href":"https:\/\/www.fcfamalicao.pt\/en\/wp-json\/wp\/v2\/categories?post=6920"},{"taxonomy":"post_tag","embeddable":true,"href":"https:\/\/www.fcfamalicao.pt\/en\/wp-json\/wp\/v2\/tags?post=6920"}],"curies":[{"name":"wp","href":"https:\/\/api.w.org\/{rel}","templated":true}]}}