{"id":7130,"date":"2019-12-17T15:09:50","date_gmt":"2019-12-17T15:09:50","guid":{"rendered":"https:\/\/www.fcfamalicao.pt\/?p=7130"},"modified":"2019-12-17T15:09:50","modified_gmt":"2019-12-17T15:09:50","slug":"bomba-de-andre-silva-vale-novo-triunfo","status":"publish","type":"post","link":"https:\/\/www.fcfamalicao.pt\/en\/bomba-de-andre-silva-vale-novo-triunfo\/","title":{"rendered":"Bomba de Andr\u00e9 Silva vale novo triunfo"},"content":{"rendered":"<p>A equipa sub-23 do Futebol Clube de Famalic\u00e3o alcan\u00e7ou, esta ter\u00e7a-feira, a segunda vit\u00f3ria consecutiva na Liga Revela\u00e7\u00e3o. Depois do triunfo no reduto do l\u00edder Sporting Clube de Portugal, o conjunto orientado por Carlos Vaz Pinto levou de vencido o Vit\u00f3ria Futebol Clube em partida em atraso da 17.\u00aa jornada da competi\u00e7\u00e3o.<\/p>\n<p>Moralizado pela vit\u00f3ria na ronda anterior, o FC Famalic\u00e3o entrou bem no jogo. Num relvado bastante pesado e que dificultou sobremaneira a circula\u00e7\u00e3o de bola, a equipa soube adaptar-se a essa circunst\u00e2ncia. O capit\u00e3o Luka foi o primeiro a pegar na batuta, ao fazer estremecer o poste esquerdo da baliza do Vit\u00f3ria FC.<\/p>\n<p>O momento do jogo estaria, contudo, guardado para os 36 minutos. Numa bela jogada individual, Andr\u00e9 Silva contornou um advers\u00e1rio, transportou o esf\u00e9rico e n\u00e3o se fez rogado no momento de alvejar a baliza advers\u00e1ria. O remate do camisola 18 entrou ao \u00e2ngulo superior e fez um excelente golo.<\/p>\n<p>Em vantagem no marcador e tendo em conta as condi\u00e7\u00f5es do tapete verde, a equipa famalicense apelou \u00e0 capacidade de entreajuda e entrega, atributos que permitiram \u00e0 forma\u00e7\u00e3o liderada por Vaz Pinto festejar o segundo triunfo seguido na Liga Revela\u00e7\u00e3o.<\/p>\n<p>FC Famalic\u00e3o 1-0 Vit\u00f3ria FC<br \/>\nEst\u00e1dio do Passal<br \/>\n\u00c1rbitro: Tiago S\u00e1 (AF Porto)<\/p>\n<p>FC Famalic\u00e3o &#8211; Luiz J\u00fanior, Ra\u00ed, Clayton, Cl\u00e1udio Silva, Armando, Caiado (Sid\u00f3nio 55&#8242;), Matheus Clemente, Andr\u00e9 Silva (Tiago Dias 69&#8242;), Luka (Andr\u00e9 Ricardo 75&#8242;), Leandro Campos (Ivan Lozic 75&#8242;) e Brian<\/p>\n<p>Vit\u00f3ria FC &#8211; Duverger, Modesto, Marcos, Rodrigo, Bruno Langa, Canadas, Sory (Marouca 76&#8242;), Leo (Sylla 76&#8242;), Kamo, Am\u00e2ncio e Nascimento (Brian 60&#8242;)<\/p>\n","protected":false},"excerpt":{"rendered":"<p>A equipa sub-23 do Futebol Clube de Famalic\u00e3o alcan\u00e7ou, esta ter\u00e7a-feira, a segunda vit\u00f3ria consecutiva na Liga Revela\u00e7\u00e3o. Depois do triunfo no reduto do l\u00edder Sporting Clube de Portugal, o conjunto orientado por Carlos Vaz Pinto levou de vencido o Vit\u00f3ria Futebol Clube em partida em atraso da 17.\u00aa jornada&hellip;<\/p>\n","protected":false},"author":2,"featured_media":7131,"comment_status":"closed","ping_status":"closed","sticky":false,"template":"","format":"standard","meta":{"_acf_changed":false,"footnotes":""},"categories":[1],"tags":[],"class_list":["post-7130","post","type-post","status-publish","format-standard","has-post-thumbnail","hentry","category-noticias"],"acf":[],"yoast_head":"<!-- This site is optimized with the Yoast SEO plugin v27.1.1 - https:\/\/yoast.com\/product\/yoast-seo-wordpress\/ -->\n<title>Bomba de Andr\u00e9 Silva vale novo triunfo - FC Famalic\u00e3o<\/title>\n<meta name=\"robots\" content=\"index, follow, max-snippet:-1, max-image-preview:large, max-video-preview:-1\" \/>\n<link rel=\"canonical\" href=\"https:\/\/www.fcfamalicao.pt\/en\/bomba-de-andre-silva-vale-novo-triunfo\/\" \/>\n<meta property=\"og:locale\" content=\"en_US\" \/>\n<meta property=\"og:type\" content=\"article\" \/>\n<meta property=\"og:title\" content=\"Bomba de Andr\u00e9 Silva vale novo triunfo - FC Famalic\u00e3o\" \/>\n<meta property=\"og:description\" content=\"A equipa sub-23 do Futebol Clube de Famalic\u00e3o alcan\u00e7ou, esta ter\u00e7a-feira, a segunda vit\u00f3ria consecutiva na Liga Revela\u00e7\u00e3o. Depois do triunfo no reduto do l\u00edder Sporting Clube de Portugal, o conjunto orientado por Carlos Vaz Pinto levou de vencido o Vit\u00f3ria Futebol Clube em partida em atraso da 17.\u00aa jornada&hellip;\" \/>\n<meta property=\"og:url\" content=\"https:\/\/www.fcfamalicao.pt\/en\/bomba-de-andre-silva-vale-novo-triunfo\/\" \/>\n<meta property=\"og:site_name\" content=\"FC Famalic\u00e3o\" \/>\n<meta property=\"article:publisher\" content=\"https:\/\/www.facebook.com\/FCFamalicao\/\" \/>\n<meta property=\"article:published_time\" content=\"2019-12-17T15:09:50+00:00\" \/>\n<meta property=\"og:image\" content=\"https:\/\/www.fcfamalicao.pt\/wp-content\/uploads\/2019\/12\/IMG_8826-scaled.jpg\" \/>\n\t<meta property=\"og:image:width\" content=\"2560\" \/>\n\t<meta property=\"og:image:height\" content=\"1573\" \/>\n\t<meta property=\"og:image:type\" content=\"image\/jpeg\" \/>\n<meta name=\"author\" content=\"fcfamalicao fcfamalicao\" \/>\n<meta name=\"twitter:card\" content=\"summary_large_image\" \/>\n<meta name=\"twitter:creator\" content=\"@fcf1931_oficial\" \/>\n<meta name=\"twitter:site\" content=\"@fcf1931_oficial\" \/>\n<meta name=\"twitter:label1\" content=\"Written by\" \/>\n\t<meta name=\"twitter:data1\" content=\"fcfamalicao fcfamalicao\" \/>\n\t<meta name=\"twitter:label2\" content=\"Est. reading time\" \/>\n\t<meta name=\"twitter:data2\" content=\"1 minute\" \/>\n<script type=\"application\/ld+json\" class=\"yoast-schema-graph\">{\"@context\":\"https:\/\/schema.org\",\"@graph\":[{\"@type\":\"Article\",\"@id\":\"https:\/\/www.fcfamalicao.pt\/en\/bomba-de-andre-silva-vale-novo-triunfo\/#article\",\"isPartOf\":{\"@id\":\"https:\/\/www.fcfamalicao.pt\/en\/bomba-de-andre-silva-vale-novo-triunfo\/\"},\"author\":{\"name\":\"fcfamalicao fcfamalicao\",\"@id\":\"https:\/\/www.fcfamalicao.pt\/en\/#\/schema\/person\/713a4d367f5259360c363ad35dad9247\"},\"headline\":\"Bomba de Andr\u00e9 Silva vale novo triunfo\",\"datePublished\":\"2019-12-17T15:09:50+00:00\",\"mainEntityOfPage\":{\"@id\":\"https:\/\/www.fcfamalicao.pt\/en\/bomba-de-andre-silva-vale-novo-triunfo\/\"},\"wordCount\":285,\"publisher\":{\"@id\":\"https:\/\/www.fcfamalicao.pt\/en\/#organization\"},\"image\":{\"@id\":\"https:\/\/www.fcfamalicao.pt\/en\/bomba-de-andre-silva-vale-novo-triunfo\/#primaryimage\"},\"thumbnailUrl\":\"https:\/\/www.fcfamalicao.pt\/wp-content\/uploads\/2019\/12\/IMG_8826-scaled.jpg\",\"articleSection\":[\"Not\u00edcias\"],\"inLanguage\":\"en-US\"},{\"@type\":\"WebPage\",\"@id\":\"https:\/\/www.fcfamalicao.pt\/en\/bomba-de-andre-silva-vale-novo-triunfo\/\",\"url\":\"https:\/\/www.fcfamalicao.pt\/en\/bomba-de-andre-silva-vale-novo-triunfo\/\",\"name\":\"Bomba de Andr\u00e9 Silva vale novo triunfo - FC Famalic\u00e3o\",\"isPartOf\":{\"@id\":\"https:\/\/www.fcfamalicao.pt\/en\/#website\"},\"primaryImageOfPage\":{\"@id\":\"https:\/\/www.fcfamalicao.pt\/en\/bomba-de-andre-silva-vale-novo-triunfo\/#primaryimage\"},\"image\":{\"@id\":\"https:\/\/www.fcfamalicao.pt\/en\/bomba-de-andre-silva-vale-novo-triunfo\/#primaryimage\"},\"thumbnailUrl\":\"https:\/\/www.fcfamalicao.pt\/wp-content\/uploads\/2019\/12\/IMG_8826-scaled.jpg\",\"datePublished\":\"2019-12-17T15:09:50+00:00\",\"breadcrumb\":{\"@id\":\"https:\/\/www.fcfamalicao.pt\/en\/bomba-de-andre-silva-vale-novo-triunfo\/#breadcrumb\"},\"inLanguage\":\"en-US\",\"potentialAction\":[{\"@type\":\"ReadAction\",\"target\":[\"https:\/\/www.fcfamalicao.pt\/en\/bomba-de-andre-silva-vale-novo-triunfo\/\"]}]},{\"@type\":\"ImageObject\",\"inLanguage\":\"en-US\",\"@id\":\"https:\/\/www.fcfamalicao.pt\/en\/bomba-de-andre-silva-vale-novo-triunfo\/#primaryimage\",\"url\":\"https:\/\/www.fcfamalicao.pt\/wp-content\/uploads\/2019\/12\/IMG_8826-scaled.jpg\",\"contentUrl\":\"https:\/\/www.fcfamalicao.pt\/wp-content\/uploads\/2019\/12\/IMG_8826-scaled.jpg\",\"width\":2560,\"height\":1573},{\"@type\":\"BreadcrumbList\",\"@id\":\"https:\/\/www.fcfamalicao.pt\/en\/bomba-de-andre-silva-vale-novo-triunfo\/#breadcrumb\",\"itemListElement\":[{\"@type\":\"ListItem\",\"position\":1,\"name\":\"Home\",\"item\":\"https:\/\/www.fcfamalicao.pt\/en\/\"},{\"@type\":\"ListItem\",\"position\":2,\"name\":\"Bomba de Andr\u00e9 Silva vale novo triunfo\"}]},{\"@type\":\"WebSite\",\"@id\":\"https:\/\/www.fcfamalicao.pt\/en\/#website\",\"url\":\"https:\/\/www.fcfamalicao.pt\/en\/\",\"name\":\"FC Famalic\u00e3o\",\"description\":\"Site oficial do Futebol Clube Famalic\u00e3o. #AMORDEPERDI\u00c7\u00c3O\",\"publisher\":{\"@id\":\"https:\/\/www.fcfamalicao.pt\/en\/#organization\"},\"potentialAction\":[{\"@type\":\"SearchAction\",\"target\":{\"@type\":\"EntryPoint\",\"urlTemplate\":\"https:\/\/www.fcfamalicao.pt\/en\/?s={search_term_string}\"},\"query-input\":{\"@type\":\"PropertyValueSpecification\",\"valueRequired\":true,\"valueName\":\"search_term_string\"}}],\"inLanguage\":\"en-US\"},{\"@type\":\"Organization\",\"@id\":\"https:\/\/www.fcfamalicao.pt\/en\/#organization\",\"name\":\"FC Famalic\u00e3o\",\"url\":\"https:\/\/www.fcfamalicao.pt\/en\/\",\"logo\":{\"@type\":\"ImageObject\",\"inLanguage\":\"en-US\",\"@id\":\"https:\/\/www.fcfamalicao.pt\/en\/#\/schema\/logo\/image\/\",\"url\":\"https:\/\/www.fcfamalicao.pt\/wp-content\/uploads\/2018\/11\/fcf-logo.png\",\"contentUrl\":\"https:\/\/www.fcfamalicao.pt\/wp-content\/uploads\/2018\/11\/fcf-logo.png\",\"width\":150,\"height\":143,\"caption\":\"FC Famalic\u00e3o\"},\"image\":{\"@id\":\"https:\/\/www.fcfamalicao.pt\/en\/#\/schema\/logo\/image\/\"},\"sameAs\":[\"https:\/\/www.facebook.com\/FCFamalicao\/\",\"https:\/\/x.com\/fcf1931_oficial\",\"https:\/\/www.instagram.com\/futebolclubefamalicao\/\",\"https:\/\/www.youtube.com\/FCFamalicao1931\"]},{\"@type\":\"Person\",\"@id\":\"https:\/\/www.fcfamalicao.pt\/en\/#\/schema\/person\/713a4d367f5259360c363ad35dad9247\",\"name\":\"fcfamalicao fcfamalicao\",\"image\":{\"@type\":\"ImageObject\",\"inLanguage\":\"en-US\",\"@id\":\"https:\/\/www.fcfamalicao.pt\/en\/#\/schema\/person\/image\/\",\"url\":\"https:\/\/secure.gravatar.com\/avatar\/b37399ebd6c6b1f9808b97ddeec50eb3b762cc626cb1e17e3a8b30044160d118?s=96&d=mm&r=g\",\"contentUrl\":\"https:\/\/secure.gravatar.com\/avatar\/b37399ebd6c6b1f9808b97ddeec50eb3b762cc626cb1e17e3a8b30044160d118?s=96&d=mm&r=g\",\"caption\":\"fcfamalicao fcfamalicao\"}}]}<\/script>\n<!-- \/ Yoast SEO plugin. -->","yoast_head_json":{"title":"Bomba de Andr\u00e9 Silva vale novo triunfo - FC Famalic\u00e3o","robots":{"index":"index","follow":"follow","max-snippet":"max-snippet:-1","max-image-preview":"max-image-preview:large","max-video-preview":"max-video-preview:-1"},"canonical":"https:\/\/www.fcfamalicao.pt\/en\/bomba-de-andre-silva-vale-novo-triunfo\/","og_locale":"en_US","og_type":"article","og_title":"Bomba de Andr\u00e9 Silva vale novo triunfo - FC Famalic\u00e3o","og_description":"A equipa sub-23 do Futebol Clube de Famalic\u00e3o alcan\u00e7ou, esta ter\u00e7a-feira, a segunda vit\u00f3ria consecutiva na Liga Revela\u00e7\u00e3o. Depois do triunfo no reduto do l\u00edder Sporting Clube de Portugal, o conjunto orientado por Carlos Vaz Pinto levou de vencido o Vit\u00f3ria Futebol Clube em partida em atraso da 17.\u00aa jornada&hellip;","og_url":"https:\/\/www.fcfamalicao.pt\/en\/bomba-de-andre-silva-vale-novo-triunfo\/","og_site_name":"FC Famalic\u00e3o","article_publisher":"https:\/\/www.facebook.com\/FCFamalicao\/","article_published_time":"2019-12-17T15:09:50+00:00","og_image":[{"width":2560,"height":1573,"url":"https:\/\/www.fcfamalicao.pt\/wp-content\/uploads\/2019\/12\/IMG_8826-scaled.jpg","type":"image\/jpeg"}],"author":"fcfamalicao fcfamalicao","twitter_card":"summary_large_image","twitter_creator":"@fcf1931_oficial","twitter_site":"@fcf1931_oficial","twitter_misc":{"Written by":"fcfamalicao fcfamalicao","Est. reading time":"1 minute"},"schema":{"@context":"https:\/\/schema.org","@graph":[{"@type":"Article","@id":"https:\/\/www.fcfamalicao.pt\/en\/bomba-de-andre-silva-vale-novo-triunfo\/#article","isPartOf":{"@id":"https:\/\/www.fcfamalicao.pt\/en\/bomba-de-andre-silva-vale-novo-triunfo\/"},"author":{"name":"fcfamalicao fcfamalicao","@id":"https:\/\/www.fcfamalicao.pt\/en\/#\/schema\/person\/713a4d367f5259360c363ad35dad9247"},"headline":"Bomba de Andr\u00e9 Silva vale novo triunfo","datePublished":"2019-12-17T15:09:50+00:00","mainEntityOfPage":{"@id":"https:\/\/www.fcfamalicao.pt\/en\/bomba-de-andre-silva-vale-novo-triunfo\/"},"wordCount":285,"publisher":{"@id":"https:\/\/www.fcfamalicao.pt\/en\/#organization"},"image":{"@id":"https:\/\/www.fcfamalicao.pt\/en\/bomba-de-andre-silva-vale-novo-triunfo\/#primaryimage"},"thumbnailUrl":"https:\/\/www.fcfamalicao.pt\/wp-content\/uploads\/2019\/12\/IMG_8826-scaled.jpg","articleSection":["Not\u00edcias"],"inLanguage":"en-US"},{"@type":"WebPage","@id":"https:\/\/www.fcfamalicao.pt\/en\/bomba-de-andre-silva-vale-novo-triunfo\/","url":"https:\/\/www.fcfamalicao.pt\/en\/bomba-de-andre-silva-vale-novo-triunfo\/","name":"Bomba de Andr\u00e9 Silva vale novo triunfo - FC Famalic\u00e3o","isPartOf":{"@id":"https:\/\/www.fcfamalicao.pt\/en\/#website"},"primaryImageOfPage":{"@id":"https:\/\/www.fcfamalicao.pt\/en\/bomba-de-andre-silva-vale-novo-triunfo\/#primaryimage"},"image":{"@id":"https:\/\/www.fcfamalicao.pt\/en\/bomba-de-andre-silva-vale-novo-triunfo\/#primaryimage"},"thumbnailUrl":"https:\/\/www.fcfamalicao.pt\/wp-content\/uploads\/2019\/12\/IMG_8826-scaled.jpg","datePublished":"2019-12-17T15:09:50+00:00","breadcrumb":{"@id":"https:\/\/www.fcfamalicao.pt\/en\/bomba-de-andre-silva-vale-novo-triunfo\/#breadcrumb"},"inLanguage":"en-US","potentialAction":[{"@type":"ReadAction","target":["https:\/\/www.fcfamalicao.pt\/en\/bomba-de-andre-silva-vale-novo-triunfo\/"]}]},{"@type":"ImageObject","inLanguage":"en-US","@id":"https:\/\/www.fcfamalicao.pt\/en\/bomba-de-andre-silva-vale-novo-triunfo\/#primaryimage","url":"https:\/\/www.fcfamalicao.pt\/wp-content\/uploads\/2019\/12\/IMG_8826-scaled.jpg","contentUrl":"https:\/\/www.fcfamalicao.pt\/wp-content\/uploads\/2019\/12\/IMG_8826-scaled.jpg","width":2560,"height":1573},{"@type":"BreadcrumbList","@id":"https:\/\/www.fcfamalicao.pt\/en\/bomba-de-andre-silva-vale-novo-triunfo\/#breadcrumb","itemListElement":[{"@type":"ListItem","position":1,"name":"Home","item":"https:\/\/www.fcfamalicao.pt\/en\/"},{"@type":"ListItem","position":2,"name":"Bomba de Andr\u00e9 Silva vale novo triunfo"}]},{"@type":"WebSite","@id":"https:\/\/www.fcfamalicao.pt\/en\/#website","url":"https:\/\/www.fcfamalicao.pt\/en\/","name":"FC Famalic\u00e3o","description":"Site oficial do Futebol Clube Famalic\u00e3o. #AMORDEPERDI\u00c7\u00c3O","publisher":{"@id":"https:\/\/www.fcfamalicao.pt\/en\/#organization"},"potentialAction":[{"@type":"SearchAction","target":{"@type":"EntryPoint","urlTemplate":"https:\/\/www.fcfamalicao.pt\/en\/?s={search_term_string}"},"query-input":{"@type":"PropertyValueSpecification","valueRequired":true,"valueName":"search_term_string"}}],"inLanguage":"en-US"},{"@type":"Organization","@id":"https:\/\/www.fcfamalicao.pt\/en\/#organization","name":"FC Famalic\u00e3o","url":"https:\/\/www.fcfamalicao.pt\/en\/","logo":{"@type":"ImageObject","inLanguage":"en-US","@id":"https:\/\/www.fcfamalicao.pt\/en\/#\/schema\/logo\/image\/","url":"https:\/\/www.fcfamalicao.pt\/wp-content\/uploads\/2018\/11\/fcf-logo.png","contentUrl":"https:\/\/www.fcfamalicao.pt\/wp-content\/uploads\/2018\/11\/fcf-logo.png","width":150,"height":143,"caption":"FC Famalic\u00e3o"},"image":{"@id":"https:\/\/www.fcfamalicao.pt\/en\/#\/schema\/logo\/image\/"},"sameAs":["https:\/\/www.facebook.com\/FCFamalicao\/","https:\/\/x.com\/fcf1931_oficial","https:\/\/www.instagram.com\/futebolclubefamalicao\/","https:\/\/www.youtube.com\/FCFamalicao1931"]},{"@type":"Person","@id":"https:\/\/www.fcfamalicao.pt\/en\/#\/schema\/person\/713a4d367f5259360c363ad35dad9247","name":"fcfamalicao fcfamalicao","image":{"@type":"ImageObject","inLanguage":"en-US","@id":"https:\/\/www.fcfamalicao.pt\/en\/#\/schema\/person\/image\/","url":"https:\/\/secure.gravatar.com\/avatar\/b37399ebd6c6b1f9808b97ddeec50eb3b762cc626cb1e17e3a8b30044160d118?s=96&d=mm&r=g","contentUrl":"https:\/\/secure.gravatar.com\/avatar\/b37399ebd6c6b1f9808b97ddeec50eb3b762cc626cb1e17e3a8b30044160d118?s=96&d=mm&r=g","caption":"fcfamalicao fcfamalicao"}}]}},"_links":{"self":[{"href":"https:\/\/www.fcfamalicao.pt\/en\/wp-json\/wp\/v2\/posts\/7130","targetHints":{"allow":["GET"]}}],"collection":[{"href":"https:\/\/www.fcfamalicao.pt\/en\/wp-json\/wp\/v2\/posts"}],"about":[{"href":"https:\/\/www.fcfamalicao.pt\/en\/wp-json\/wp\/v2\/types\/post"}],"author":[{"embeddable":true,"href":"https:\/\/www.fcfamalicao.pt\/en\/wp-json\/wp\/v2\/users\/2"}],"replies":[{"embeddable":true,"href":"https:\/\/www.fcfamalicao.pt\/en\/wp-json\/wp\/v2\/comments?post=7130"}],"version-history":[{"count":0,"href":"https:\/\/www.fcfamalicao.pt\/en\/wp-json\/wp\/v2\/posts\/7130\/revisions"}],"wp:featuredmedia":[{"embeddable":true,"href":"https:\/\/www.fcfamalicao.pt\/en\/wp-json\/wp\/v2\/media\/7131"}],"wp:attachment":[{"href":"https:\/\/www.fcfamalicao.pt\/en\/wp-json\/wp\/v2\/media?parent=7130"}],"wp:term":[{"taxonomy":"category","embeddable":true,"href":"https:\/\/www.fcfamalicao.pt\/en\/wp-json\/wp\/v2\/categories?post=7130"},{"taxonomy":"post_tag","embeddable":true,"href":"https:\/\/www.fcfamalicao.pt\/en\/wp-json\/wp\/v2\/tags?post=7130"}],"curies":[{"name":"wp","href":"https:\/\/api.w.org\/{rel}","templated":true}]}}