{"id":7852,"date":"2020-01-08T15:48:35","date_gmt":"2020-01-08T15:48:35","guid":{"rendered":"https:\/\/www.fcfamalicao.pt\/?p=7852"},"modified":"2020-01-28T16:53:37","modified_gmt":"2020-01-28T16:53:37","slug":"sara-taveira-renova-pelo-fc-famalicao","status":"publish","type":"post","link":"https:\/\/www.fcfamalicao.pt\/en\/sara-taveira-renova-pelo-fc-famalicao\/","title":{"rendered":"Sara Taveira renova pelo FC Famalic\u00e3o"},"content":{"rendered":"<p>O Futebol Clube Famalic\u00e3o assinou um novo contrato com Sara Taveira. A defesa, de 22 anos, vai manter-se ligada ao clube na pr\u00f3xima temporada, tendo sido premiada pelas boas atua\u00e7\u00f5es que tem rubricado ao servi\u00e7o do emblema famalicense.<\/p>\n<p>Sara Taveira apresenta um curr\u00edculo muito interessante no futebol portugu\u00eas, com destaque para as internacionaliza\u00e7\u00f5es pelas sele\u00e7\u00f5es jovens nacionais (sub-16, 17 e 19) e a conquista de uma Superta\u00e7a.<\/p>\n","protected":false},"excerpt":{"rendered":"<p>O Futebol Clube Famalic\u00e3o assinou um novo contrato com Sara Taveira. A defesa, de 22 anos, vai manter-se ligada ao clube na pr\u00f3xima temporada, tendo sido premiada pelas boas atua\u00e7\u00f5es que tem rubricado ao servi\u00e7o do emblema famalicense. Sara Taveira apresenta um curr\u00edculo muito interessante no futebol portugu\u00eas, com destaque&hellip;<\/p>\n","protected":false},"author":2,"featured_media":8370,"comment_status":"closed","ping_status":"closed","sticky":false,"template":"","format":"standard","meta":{"_acf_changed":false,"footnotes":""},"categories":[1],"tags":[],"class_list":["post-7852","post","type-post","status-publish","format-standard","has-post-thumbnail","hentry","category-noticias"],"acf":[],"yoast_head":"<!-- This site is optimized with the Yoast SEO plugin v27.1.1 - https:\/\/yoast.com\/product\/yoast-seo-wordpress\/ -->\n<title>Sara Taveira renova pelo FC Famalic\u00e3o - FC Famalic\u00e3o<\/title>\n<meta name=\"robots\" content=\"index, follow, max-snippet:-1, max-image-preview:large, max-video-preview:-1\" \/>\n<link rel=\"canonical\" href=\"https:\/\/www.fcfamalicao.pt\/en\/sara-taveira-renova-pelo-fc-famalicao\/\" \/>\n<meta property=\"og:locale\" content=\"en_US\" \/>\n<meta property=\"og:type\" content=\"article\" \/>\n<meta property=\"og:title\" content=\"Sara Taveira renova pelo FC Famalic\u00e3o - FC Famalic\u00e3o\" \/>\n<meta property=\"og:description\" content=\"O Futebol Clube Famalic\u00e3o assinou um novo contrato com Sara Taveira. A defesa, de 22 anos, vai manter-se ligada ao clube na pr\u00f3xima temporada, tendo sido premiada pelas boas atua\u00e7\u00f5es que tem rubricado ao servi\u00e7o do emblema famalicense. Sara Taveira apresenta um curr\u00edculo muito interessante no futebol portugu\u00eas, com destaque&hellip;\" \/>\n<meta property=\"og:url\" content=\"https:\/\/www.fcfamalicao.pt\/en\/sara-taveira-renova-pelo-fc-famalicao\/\" \/>\n<meta property=\"og:site_name\" content=\"FC Famalic\u00e3o\" \/>\n<meta property=\"article:publisher\" content=\"https:\/\/www.facebook.com\/FCFamalicao\/\" \/>\n<meta property=\"article:published_time\" content=\"2020-01-08T15:48:35+00:00\" \/>\n<meta property=\"article:modified_time\" content=\"2020-01-28T16:53:37+00:00\" \/>\n<meta property=\"og:image\" content=\"https:\/\/www.fcfamalicao.pt\/wp-content\/uploads\/2020\/01\/Sara-Taveira-Renova\u00e7\u00e3o-1.jpg\" \/>\n\t<meta property=\"og:image:width\" content=\"1080\" \/>\n\t<meta property=\"og:image:height\" content=\"1080\" \/>\n\t<meta property=\"og:image:type\" content=\"image\/jpeg\" \/>\n<meta name=\"author\" content=\"fcfamalicao fcfamalicao\" \/>\n<meta name=\"twitter:card\" content=\"summary_large_image\" \/>\n<meta name=\"twitter:creator\" content=\"@fcf1931_oficial\" \/>\n<meta name=\"twitter:site\" content=\"@fcf1931_oficial\" \/>\n<meta name=\"twitter:label1\" content=\"Written by\" \/>\n\t<meta name=\"twitter:data1\" content=\"fcfamalicao fcfamalicao\" \/>\n<script type=\"application\/ld+json\" class=\"yoast-schema-graph\">{\"@context\":\"https:\/\/schema.org\",\"@graph\":[{\"@type\":\"Article\",\"@id\":\"https:\/\/www.fcfamalicao.pt\/en\/sara-taveira-renova-pelo-fc-famalicao\/#article\",\"isPartOf\":{\"@id\":\"https:\/\/www.fcfamalicao.pt\/en\/sara-taveira-renova-pelo-fc-famalicao\/\"},\"author\":{\"name\":\"fcfamalicao fcfamalicao\",\"@id\":\"https:\/\/www.fcfamalicao.pt\/en\/#\/schema\/person\/713a4d367f5259360c363ad35dad9247\"},\"headline\":\"Sara Taveira renova pelo FC Famalic\u00e3o\",\"datePublished\":\"2020-01-08T15:48:35+00:00\",\"dateModified\":\"2020-01-28T16:53:37+00:00\",\"mainEntityOfPage\":{\"@id\":\"https:\/\/www.fcfamalicao.pt\/en\/sara-taveira-renova-pelo-fc-famalicao\/\"},\"wordCount\":80,\"publisher\":{\"@id\":\"https:\/\/www.fcfamalicao.pt\/en\/#organization\"},\"image\":{\"@id\":\"https:\/\/www.fcfamalicao.pt\/en\/sara-taveira-renova-pelo-fc-famalicao\/#primaryimage\"},\"thumbnailUrl\":\"https:\/\/www.fcfamalicao.pt\/wp-content\/uploads\/2020\/01\/Sara-Taveira-Renova\u00e7\u00e3o-1.jpg\",\"articleSection\":[\"Not\u00edcias\"],\"inLanguage\":\"en-US\"},{\"@type\":\"WebPage\",\"@id\":\"https:\/\/www.fcfamalicao.pt\/en\/sara-taveira-renova-pelo-fc-famalicao\/\",\"url\":\"https:\/\/www.fcfamalicao.pt\/en\/sara-taveira-renova-pelo-fc-famalicao\/\",\"name\":\"Sara Taveira renova pelo FC Famalic\u00e3o - FC Famalic\u00e3o\",\"isPartOf\":{\"@id\":\"https:\/\/www.fcfamalicao.pt\/en\/#website\"},\"primaryImageOfPage\":{\"@id\":\"https:\/\/www.fcfamalicao.pt\/en\/sara-taveira-renova-pelo-fc-famalicao\/#primaryimage\"},\"image\":{\"@id\":\"https:\/\/www.fcfamalicao.pt\/en\/sara-taveira-renova-pelo-fc-famalicao\/#primaryimage\"},\"thumbnailUrl\":\"https:\/\/www.fcfamalicao.pt\/wp-content\/uploads\/2020\/01\/Sara-Taveira-Renova\u00e7\u00e3o-1.jpg\",\"datePublished\":\"2020-01-08T15:48:35+00:00\",\"dateModified\":\"2020-01-28T16:53:37+00:00\",\"breadcrumb\":{\"@id\":\"https:\/\/www.fcfamalicao.pt\/en\/sara-taveira-renova-pelo-fc-famalicao\/#breadcrumb\"},\"inLanguage\":\"en-US\",\"potentialAction\":[{\"@type\":\"ReadAction\",\"target\":[\"https:\/\/www.fcfamalicao.pt\/en\/sara-taveira-renova-pelo-fc-famalicao\/\"]}]},{\"@type\":\"ImageObject\",\"inLanguage\":\"en-US\",\"@id\":\"https:\/\/www.fcfamalicao.pt\/en\/sara-taveira-renova-pelo-fc-famalicao\/#primaryimage\",\"url\":\"https:\/\/www.fcfamalicao.pt\/wp-content\/uploads\/2020\/01\/Sara-Taveira-Renova\u00e7\u00e3o-1.jpg\",\"contentUrl\":\"https:\/\/www.fcfamalicao.pt\/wp-content\/uploads\/2020\/01\/Sara-Taveira-Renova\u00e7\u00e3o-1.jpg\",\"width\":1080,\"height\":1080},{\"@type\":\"BreadcrumbList\",\"@id\":\"https:\/\/www.fcfamalicao.pt\/en\/sara-taveira-renova-pelo-fc-famalicao\/#breadcrumb\",\"itemListElement\":[{\"@type\":\"ListItem\",\"position\":1,\"name\":\"Home\",\"item\":\"https:\/\/www.fcfamalicao.pt\/en\/\"},{\"@type\":\"ListItem\",\"position\":2,\"name\":\"Sara Taveira renova pelo FC Famalic\u00e3o\"}]},{\"@type\":\"WebSite\",\"@id\":\"https:\/\/www.fcfamalicao.pt\/en\/#website\",\"url\":\"https:\/\/www.fcfamalicao.pt\/en\/\",\"name\":\"FC Famalic\u00e3o\",\"description\":\"Site oficial do Futebol Clube Famalic\u00e3o. #AMORDEPERDI\u00c7\u00c3O\",\"publisher\":{\"@id\":\"https:\/\/www.fcfamalicao.pt\/en\/#organization\"},\"potentialAction\":[{\"@type\":\"SearchAction\",\"target\":{\"@type\":\"EntryPoint\",\"urlTemplate\":\"https:\/\/www.fcfamalicao.pt\/en\/?s={search_term_string}\"},\"query-input\":{\"@type\":\"PropertyValueSpecification\",\"valueRequired\":true,\"valueName\":\"search_term_string\"}}],\"inLanguage\":\"en-US\"},{\"@type\":\"Organization\",\"@id\":\"https:\/\/www.fcfamalicao.pt\/en\/#organization\",\"name\":\"FC Famalic\u00e3o\",\"url\":\"https:\/\/www.fcfamalicao.pt\/en\/\",\"logo\":{\"@type\":\"ImageObject\",\"inLanguage\":\"en-US\",\"@id\":\"https:\/\/www.fcfamalicao.pt\/en\/#\/schema\/logo\/image\/\",\"url\":\"https:\/\/www.fcfamalicao.pt\/wp-content\/uploads\/2018\/11\/fcf-logo.png\",\"contentUrl\":\"https:\/\/www.fcfamalicao.pt\/wp-content\/uploads\/2018\/11\/fcf-logo.png\",\"width\":150,\"height\":143,\"caption\":\"FC Famalic\u00e3o\"},\"image\":{\"@id\":\"https:\/\/www.fcfamalicao.pt\/en\/#\/schema\/logo\/image\/\"},\"sameAs\":[\"https:\/\/www.facebook.com\/FCFamalicao\/\",\"https:\/\/x.com\/fcf1931_oficial\",\"https:\/\/www.instagram.com\/futebolclubefamalicao\/\",\"https:\/\/www.youtube.com\/FCFamalicao1931\"]},{\"@type\":\"Person\",\"@id\":\"https:\/\/www.fcfamalicao.pt\/en\/#\/schema\/person\/713a4d367f5259360c363ad35dad9247\",\"name\":\"fcfamalicao fcfamalicao\",\"image\":{\"@type\":\"ImageObject\",\"inLanguage\":\"en-US\",\"@id\":\"https:\/\/www.fcfamalicao.pt\/en\/#\/schema\/person\/image\/\",\"url\":\"https:\/\/secure.gravatar.com\/avatar\/b37399ebd6c6b1f9808b97ddeec50eb3b762cc626cb1e17e3a8b30044160d118?s=96&d=mm&r=g\",\"contentUrl\":\"https:\/\/secure.gravatar.com\/avatar\/b37399ebd6c6b1f9808b97ddeec50eb3b762cc626cb1e17e3a8b30044160d118?s=96&d=mm&r=g\",\"caption\":\"fcfamalicao fcfamalicao\"}}]}<\/script>\n<!-- \/ Yoast SEO plugin. -->","yoast_head_json":{"title":"Sara Taveira renova pelo FC Famalic\u00e3o - FC Famalic\u00e3o","robots":{"index":"index","follow":"follow","max-snippet":"max-snippet:-1","max-image-preview":"max-image-preview:large","max-video-preview":"max-video-preview:-1"},"canonical":"https:\/\/www.fcfamalicao.pt\/en\/sara-taveira-renova-pelo-fc-famalicao\/","og_locale":"en_US","og_type":"article","og_title":"Sara Taveira renova pelo FC Famalic\u00e3o - FC Famalic\u00e3o","og_description":"O Futebol Clube Famalic\u00e3o assinou um novo contrato com Sara Taveira. A defesa, de 22 anos, vai manter-se ligada ao clube na pr\u00f3xima temporada, tendo sido premiada pelas boas atua\u00e7\u00f5es que tem rubricado ao servi\u00e7o do emblema famalicense. Sara Taveira apresenta um curr\u00edculo muito interessante no futebol portugu\u00eas, com destaque&hellip;","og_url":"https:\/\/www.fcfamalicao.pt\/en\/sara-taveira-renova-pelo-fc-famalicao\/","og_site_name":"FC Famalic\u00e3o","article_publisher":"https:\/\/www.facebook.com\/FCFamalicao\/","article_published_time":"2020-01-08T15:48:35+00:00","article_modified_time":"2020-01-28T16:53:37+00:00","og_image":[{"width":1080,"height":1080,"url":"https:\/\/www.fcfamalicao.pt\/wp-content\/uploads\/2020\/01\/Sara-Taveira-Renova\u00e7\u00e3o-1.jpg","type":"image\/jpeg"}],"author":"fcfamalicao fcfamalicao","twitter_card":"summary_large_image","twitter_creator":"@fcf1931_oficial","twitter_site":"@fcf1931_oficial","twitter_misc":{"Written by":"fcfamalicao fcfamalicao"},"schema":{"@context":"https:\/\/schema.org","@graph":[{"@type":"Article","@id":"https:\/\/www.fcfamalicao.pt\/en\/sara-taveira-renova-pelo-fc-famalicao\/#article","isPartOf":{"@id":"https:\/\/www.fcfamalicao.pt\/en\/sara-taveira-renova-pelo-fc-famalicao\/"},"author":{"name":"fcfamalicao fcfamalicao","@id":"https:\/\/www.fcfamalicao.pt\/en\/#\/schema\/person\/713a4d367f5259360c363ad35dad9247"},"headline":"Sara Taveira renova pelo FC Famalic\u00e3o","datePublished":"2020-01-08T15:48:35+00:00","dateModified":"2020-01-28T16:53:37+00:00","mainEntityOfPage":{"@id":"https:\/\/www.fcfamalicao.pt\/en\/sara-taveira-renova-pelo-fc-famalicao\/"},"wordCount":80,"publisher":{"@id":"https:\/\/www.fcfamalicao.pt\/en\/#organization"},"image":{"@id":"https:\/\/www.fcfamalicao.pt\/en\/sara-taveira-renova-pelo-fc-famalicao\/#primaryimage"},"thumbnailUrl":"https:\/\/www.fcfamalicao.pt\/wp-content\/uploads\/2020\/01\/Sara-Taveira-Renova\u00e7\u00e3o-1.jpg","articleSection":["Not\u00edcias"],"inLanguage":"en-US"},{"@type":"WebPage","@id":"https:\/\/www.fcfamalicao.pt\/en\/sara-taveira-renova-pelo-fc-famalicao\/","url":"https:\/\/www.fcfamalicao.pt\/en\/sara-taveira-renova-pelo-fc-famalicao\/","name":"Sara Taveira renova pelo FC Famalic\u00e3o - FC Famalic\u00e3o","isPartOf":{"@id":"https:\/\/www.fcfamalicao.pt\/en\/#website"},"primaryImageOfPage":{"@id":"https:\/\/www.fcfamalicao.pt\/en\/sara-taveira-renova-pelo-fc-famalicao\/#primaryimage"},"image":{"@id":"https:\/\/www.fcfamalicao.pt\/en\/sara-taveira-renova-pelo-fc-famalicao\/#primaryimage"},"thumbnailUrl":"https:\/\/www.fcfamalicao.pt\/wp-content\/uploads\/2020\/01\/Sara-Taveira-Renova\u00e7\u00e3o-1.jpg","datePublished":"2020-01-08T15:48:35+00:00","dateModified":"2020-01-28T16:53:37+00:00","breadcrumb":{"@id":"https:\/\/www.fcfamalicao.pt\/en\/sara-taveira-renova-pelo-fc-famalicao\/#breadcrumb"},"inLanguage":"en-US","potentialAction":[{"@type":"ReadAction","target":["https:\/\/www.fcfamalicao.pt\/en\/sara-taveira-renova-pelo-fc-famalicao\/"]}]},{"@type":"ImageObject","inLanguage":"en-US","@id":"https:\/\/www.fcfamalicao.pt\/en\/sara-taveira-renova-pelo-fc-famalicao\/#primaryimage","url":"https:\/\/www.fcfamalicao.pt\/wp-content\/uploads\/2020\/01\/Sara-Taveira-Renova\u00e7\u00e3o-1.jpg","contentUrl":"https:\/\/www.fcfamalicao.pt\/wp-content\/uploads\/2020\/01\/Sara-Taveira-Renova\u00e7\u00e3o-1.jpg","width":1080,"height":1080},{"@type":"BreadcrumbList","@id":"https:\/\/www.fcfamalicao.pt\/en\/sara-taveira-renova-pelo-fc-famalicao\/#breadcrumb","itemListElement":[{"@type":"ListItem","position":1,"name":"Home","item":"https:\/\/www.fcfamalicao.pt\/en\/"},{"@type":"ListItem","position":2,"name":"Sara Taveira renova pelo FC Famalic\u00e3o"}]},{"@type":"WebSite","@id":"https:\/\/www.fcfamalicao.pt\/en\/#website","url":"https:\/\/www.fcfamalicao.pt\/en\/","name":"FC Famalic\u00e3o","description":"Site oficial do Futebol Clube Famalic\u00e3o. #AMORDEPERDI\u00c7\u00c3O","publisher":{"@id":"https:\/\/www.fcfamalicao.pt\/en\/#organization"},"potentialAction":[{"@type":"SearchAction","target":{"@type":"EntryPoint","urlTemplate":"https:\/\/www.fcfamalicao.pt\/en\/?s={search_term_string}"},"query-input":{"@type":"PropertyValueSpecification","valueRequired":true,"valueName":"search_term_string"}}],"inLanguage":"en-US"},{"@type":"Organization","@id":"https:\/\/www.fcfamalicao.pt\/en\/#organization","name":"FC Famalic\u00e3o","url":"https:\/\/www.fcfamalicao.pt\/en\/","logo":{"@type":"ImageObject","inLanguage":"en-US","@id":"https:\/\/www.fcfamalicao.pt\/en\/#\/schema\/logo\/image\/","url":"https:\/\/www.fcfamalicao.pt\/wp-content\/uploads\/2018\/11\/fcf-logo.png","contentUrl":"https:\/\/www.fcfamalicao.pt\/wp-content\/uploads\/2018\/11\/fcf-logo.png","width":150,"height":143,"caption":"FC Famalic\u00e3o"},"image":{"@id":"https:\/\/www.fcfamalicao.pt\/en\/#\/schema\/logo\/image\/"},"sameAs":["https:\/\/www.facebook.com\/FCFamalicao\/","https:\/\/x.com\/fcf1931_oficial","https:\/\/www.instagram.com\/futebolclubefamalicao\/","https:\/\/www.youtube.com\/FCFamalicao1931"]},{"@type":"Person","@id":"https:\/\/www.fcfamalicao.pt\/en\/#\/schema\/person\/713a4d367f5259360c363ad35dad9247","name":"fcfamalicao fcfamalicao","image":{"@type":"ImageObject","inLanguage":"en-US","@id":"https:\/\/www.fcfamalicao.pt\/en\/#\/schema\/person\/image\/","url":"https:\/\/secure.gravatar.com\/avatar\/b37399ebd6c6b1f9808b97ddeec50eb3b762cc626cb1e17e3a8b30044160d118?s=96&d=mm&r=g","contentUrl":"https:\/\/secure.gravatar.com\/avatar\/b37399ebd6c6b1f9808b97ddeec50eb3b762cc626cb1e17e3a8b30044160d118?s=96&d=mm&r=g","caption":"fcfamalicao fcfamalicao"}}]}},"_links":{"self":[{"href":"https:\/\/www.fcfamalicao.pt\/en\/wp-json\/wp\/v2\/posts\/7852","targetHints":{"allow":["GET"]}}],"collection":[{"href":"https:\/\/www.fcfamalicao.pt\/en\/wp-json\/wp\/v2\/posts"}],"about":[{"href":"https:\/\/www.fcfamalicao.pt\/en\/wp-json\/wp\/v2\/types\/post"}],"author":[{"embeddable":true,"href":"https:\/\/www.fcfamalicao.pt\/en\/wp-json\/wp\/v2\/users\/2"}],"replies":[{"embeddable":true,"href":"https:\/\/www.fcfamalicao.pt\/en\/wp-json\/wp\/v2\/comments?post=7852"}],"version-history":[{"count":0,"href":"https:\/\/www.fcfamalicao.pt\/en\/wp-json\/wp\/v2\/posts\/7852\/revisions"}],"wp:featuredmedia":[{"embeddable":true,"href":"https:\/\/www.fcfamalicao.pt\/en\/wp-json\/wp\/v2\/media\/8370"}],"wp:attachment":[{"href":"https:\/\/www.fcfamalicao.pt\/en\/wp-json\/wp\/v2\/media?parent=7852"}],"wp:term":[{"taxonomy":"category","embeddable":true,"href":"https:\/\/www.fcfamalicao.pt\/en\/wp-json\/wp\/v2\/categories?post=7852"},{"taxonomy":"post_tag","embeddable":true,"href":"https:\/\/www.fcfamalicao.pt\/en\/wp-json\/wp\/v2\/tags?post=7852"}],"curies":[{"name":"wp","href":"https:\/\/api.w.org\/{rel}","templated":true}]}}